{"id":38312,"date":"2023-12-27T09:31:03","date_gmt":"2023-12-27T12:31:03","guid":{"rendered":"https:\/\/radiorevelacionfm.cl\/?p=38312"},"modified":"2023-12-27T09:31:03","modified_gmt":"2023-12-27T12:31:03","slug":"en-aysen-y-otras-ciudades-innovex-celebra-aniversario-17-con-importantes-anuncios","status":"publish","type":"post","link":"https:\/\/radiorevelacionfm.cl\/?p=38312","title":{"rendered":"En Ays\u00e9n y otras ciudades: Innovex celebra aniversario 17 con importantes anuncios"},"content":{"rendered":"<div class=\"flex_column av_one_full  flex_column_div av-zero-column-padding first  avia-builder-el-0  el_before_av_one_full  avia-builder-el-first  \" style='border-radius:0px; '><div  class='avia-image-container  av-styling-    avia-builder-el-1  avia-builder-el-no-sibling  avia-align-center '  itemprop=\"image\" itemscope=\"itemscope\" itemtype=\"https:\/\/schema.org\/ImageObject\"  ><div class='avia-image-container-inner'><div class='avia-image-overlay-wrap'><img decoding=\"async\" class='wp-image-38313 avia-img-lazy-loading-not-38313 avia_image' src=\"https:\/\/radiorevelacionfm.cl\/wp-content\/uploads\/2023\/12\/Aysen-3-1-1-e1703613697892.jpg\" alt='' title='Aysen (3) (1) (1)' height=\"600\" width=\"800\"  itemprop=\"thumbnailUrl\" srcset=\"https:\/\/radiorevelacionfm.cl\/wp-content\/uploads\/2023\/12\/Aysen-3-1-1-e1703613697892.jpg 800w, https:\/\/radiorevelacionfm.cl\/wp-content\/uploads\/2023\/12\/Aysen-3-1-1-e1703613697892-300x225.jpg 300w, https:\/\/radiorevelacionfm.cl\/wp-content\/uploads\/2023\/12\/Aysen-3-1-1-e1703613697892-768x576.jpg 768w, https:\/\/radiorevelacionfm.cl\/wp-content\/uploads\/2023\/12\/Aysen-3-1-1-e1703613697892-705x529.jpg 705w, https:\/\/radiorevelacionfm.cl\/wp-content\/uploads\/2023\/12\/Aysen-3-1-1-e1703613697892-450x338.jpg 450w, https:\/\/radiorevelacionfm.cl\/wp-content\/uploads\/2023\/12\/Aysen-3-1-1-e1703613697892-600x450.jpg 600w\" sizes=\"(max-width: 800px) 100vw, 800px\" \/><\/div><\/div><\/div><\/div><div class=\"flex_column av_one_full  flex_column_div av-zero-column-padding first  avia-builder-el-2  el_after_av_one_full  el_before_av_one_full  column-top-margin\" style='border-radius:0px; '><section class=\"av_textblock_section \"  itemscope=\"itemscope\" itemtype=\"https:\/\/schema.org\/BlogPosting\" itemprop=\"blogPost\" ><div class='avia_textblock  '   itemprop=\"text\" ><p class=\"CuerpoA\" style=\"text-align: center;\"><span style=\"font-size: 18pt;\"><span class=\"Ninguno\"><b><span lang=\"ES-TRAD\">En Ays\u00e9n y otras ciudades: <\/span><\/b><\/span><span class=\"Ninguno\"><b><span lang=\"ES-TRAD\">Innovex celebra aniversario 17 con importantes anuncios<\/span><\/b><\/span><\/span><\/p>\n<div id=\"gtx-trans\" style=\"position: absolute; left: -50px; top: 4.31534px;\">\n<div class=\"gtx-trans-icon\"><\/div>\n<\/div>\n<\/div><\/section><\/div><div class=\"flex_column av_one_full  flex_column_div av-zero-column-padding first  avia-builder-el-4  el_after_av_one_full  el_before_av_hr  column-top-margin\" style='border-radius:0px; '><section class=\"av_textblock_section \"  itemscope=\"itemscope\" itemtype=\"https:\/\/schema.org\/BlogPosting\" itemprop=\"blogPost\" ><div class='avia_textblock  '   itemprop=\"text\" ><p style=\"text-align: justify;\">Recientemente, m\u00e1s de 120 colaboradores de Innovex, en cinco ciudades distintas, se reunieron para celebrar el aniversario n\u00famero 17 de la compa\u00f1\u00eda especializada en soluciones tecnol\u00f3gicas para el monitoreo de par\u00e1metros ambientales, oceanogr\u00e1ficos y meteorol\u00f3gicos. Es as\u00ed como representantes de Antofagasta, Valdivia, Puerto Montt, Puerto Ays\u00e9n y Punta Arenas, pudieron disfrutar de actividades que buscaban reconocer el constante aporte que han realizado al crecimiento y consolidaci\u00f3n de la compa\u00f1\u00eda a nivel nacional e internacional.<\/p>\n<p style=\"text-align: justify;\">Espec\u00edficamente en las reuniones de Puerto Montt y Valdivia, los asistentes contaron con la participaci\u00f3n de dos de los tres fundadores de Innovex: Patricio Catal\u00e1n (gerente general) y Gonzalo Santamarina (gerente de Operaciones). El tercero es Pablo Santamarina, su gerente T\u00e9cnico, quien vive actualmente en Bremen, Alemania.<\/p>\n<p style=\"text-align: justify;\">En la cita efectuada en Puerto Montt, el gerente de Operaciones reconoci\u00f3 a las familias de \u201cnuestros colaboradores, ya que ellos nos apoyan diariamente para poder realizar el trabajo que hacemos con tanta pasi\u00f3n\u201d y agradeci\u00f3 la presencia y aporte de las comunidades internacionales que componen innovex, entre ellos argentinos, colombianos y venezolanos. Finalmente, Gonzalo Santamarina tambi\u00e9n destac\u00f3 el crecimiento\u00a0 que ha tenido la empresa y el trabajo que diariamente est\u00e1n efectuando representantes en ciudades como Antofagasta, Santiago, Concepci\u00f3n, Villarrica, Valdivia, Osorno, Puerto Montt, Castro, Melinka, Puerto Cisnes, Puerto Ays\u00e9n, Puerto Natales y Punta Arenas.<\/p>\n<p style=\"text-align: justify;\">En tanto, el gerente general de Innovex se refiri\u00f3 al crecimiento que ha tenido la empresa nacida en 2007 y que hoy cuenta con 135 colaboradores distribuidos en diferentes puntos del pa\u00eds que les permiten desarrollar y entregar tecnolog\u00edas que ayudan a los procesos de diferentes industrias. \u201cAcabamos de arrendar nuevas oficinas en Puerto Montt, a un costado de nuestras actuales instalaciones, pero aprovechamos esta ocasi\u00f3n para anunciarles la compra de un terreno en Puerto Ays\u00e9n, el que nos permitir\u00e1 entregar un servicio m\u00e1s oportuno y cercano a nuestros clientes del \u00e1rea. Tambi\u00e9n adquirimos un terreno en Valdivia, donde pr\u00f3ximamente comenzaremos a construir un taller para la fabricaci\u00f3n de nuestros productos; y tambi\u00e9n avanzaremos con la compra de un terreno en Puerto Montt y de forma de contar con un espacio que se adapte a nuestras necesidades\u201d, adelant\u00f3 el ejecutivo.<\/p>\n<p style=\"text-align: justify;\">Adem\u00e1s de detallar la mayor participaci\u00f3n que han tenido las tecnolog\u00edas desarrolladas por Innovex en las fases de agua de mar y agua dulce de la industria del salm\u00f3n de Chile, Catal\u00e1n resalt\u00f3 que algunos de los datos capturados est\u00e1n siendo transmitidos directamente a representantes del Estado, como la Direcci\u00f3n General de Aguas, la Superintendencia del Medio Ambiente, el Sernapesca o IFOP, \u201clo que significa un tremendo reconocimiento a nuestros desarrollos pero que, a su vez, nos otorgan una gran responsabilidad en la captura y transmisi\u00f3n de datos\u201d.<\/p>\n<p style=\"text-align: justify;\">Finalmente, Catal\u00e1n repas\u00f3 los diferentes proyectos en los que est\u00e1n participando como compa\u00f1\u00eda, entre ellos, desarrollo de nuevos sensores (fluorescencia o clorofila, por nombrar algunos), aplicaciones para m\u00f3viles, boyas oceanogr\u00e1ficas, programas de monitoreo ambiental de lagos norpatag\u00f3nicos e, incluso, asociaciones con otros proveedores y empresas productoras acu\u00edcolas internacionales, \u201cque nos permiten pronosticar un futuro econ\u00f3mico m\u00e1s estable y din\u00e1mico por los grandes desaf\u00edos que enfrentaremos\u201d.<\/p>\n<p style=\"text-align: justify;\">Mayores informaciones sobre la compa\u00f1\u00eda en www.innovex.cl o en sus redes sociales de LinkedIn, Instagram o Youtube.<\/p>\n<\/div><\/section><\/div><div  style='height:50px' class='hr hr-invisible   avia-builder-el-6  el_after_av_one_full  el_before_av_social_share '><span class='hr-inner ' ><span class='hr-inner-style'><\/span><\/span><\/div><\/p>\n<div  class='av-social-sharing-box  avia-builder-el-7  el_after_av_hr  el_before_av_hr  '><div class='av-share-box'><h5 class='av-share-link-description av-no-toc '>Compartir esta noticia<\/h5><ul class='av-share-box-list noLightbox'><li class='av-share-link av-social-link-facebook' ><a target=\"_blank\" aria-label=\"Compartir en Facebook\" href='https:\/\/www.facebook.com\/sharer.php?u=https:\/\/radiorevelacionfm.cl\/?p=38312&#038;t=En%20Ays%C3%A9n%20y%20otras%20ciudades%3A%20Innovex%20celebra%20aniversario%2017%20con%20importantes%20anuncios' aria-hidden='false' data-av_icon='\ue8f3' data-av_iconfont='entypo-fontello' title='' data-avia-related-tooltip='Compartir en Facebook' rel=\"noopener\"><span class='avia_hidden_link_text'>Compartir en Facebook<\/span><\/a><\/li><li class='av-share-link av-social-link-twitter' ><a target=\"_blank\" aria-label=\"Compartir en Twitter\" href='https:\/\/twitter.com\/share?text=En%20Ays%C3%A9n%20y%20otras%20ciudades%3A%20Innovex%20celebra%20aniversario%2017%20con%20importantes%20anuncios&#038;url=https:\/\/radiorevelacionfm.cl\/?p=38312' aria-hidden='false' data-av_icon='\ue8f1' data-av_iconfont='entypo-fontello' title='' data-avia-related-tooltip='Compartir en Twitter' rel=\"noopener\"><span class='avia_hidden_link_text'>Compartir en Twitter<\/span><\/a><\/li><li class='av-share-link av-social-link-whatsapp' ><a target=\"_blank\" aria-label=\"Compartir en Whatsapp\" href='https:\/\/api.whatsapp.com\/send?text=https:\/\/radiorevelacionfm.cl\/?p=38312' aria-hidden='false' data-av_icon='\uf232' data-av_iconfont='entypo-fontello' title='' data-avia-related-tooltip='Compartir en Whatsapp' rel=\"noopener\"><span class='avia_hidden_link_text'>Compartir en Whatsapp<\/span><\/a><\/li><li class='av-share-link av-social-link-linkedin' ><a target=\"_blank\" aria-label=\"Compartir en LinkedIn\" href='https:\/\/linkedin.com\/shareArticle?mini=true&#038;title=En%20Ays%C3%A9n%20y%20otras%20ciudades%3A%20Innovex%20celebra%20aniversario%2017%20con%20importantes%20anuncios&#038;url=https:\/\/radiorevelacionfm.cl\/?p=38312' aria-hidden='false' data-av_icon='\ue8fc' data-av_iconfont='entypo-fontello' title='' data-avia-related-tooltip='Compartir en LinkedIn' rel=\"noopener\"><span class='avia_hidden_link_text'>Compartir en LinkedIn<\/span><\/a><\/li><li class='av-share-link av-social-link-mail' ><a  aria-label=\"Compartir por correo\" href='mailto:?subject=En%20Ays%C3%A9n%20y%20otras%20ciudades%3A%20Innovex%20celebra%20aniversario%2017%20con%20importantes%20anuncios&#038;body=https:\/\/radiorevelacionfm.cl\/?p=38312' aria-hidden='false' data-av_icon='\ue805' data-av_iconfont='entypo-fontello' title='' data-avia-related-tooltip='Compartir por correo'><span class='avia_hidden_link_text'>Compartir por correo<\/span><\/a><\/li><\/ul><\/div><\/div>\n<div  style='height:50px' class='hr hr-invisible   avia-builder-el-8  el_after_av_social_share  el_before_av_comments_list '><span class='hr-inner ' ><span class='hr-inner-style'><\/span><\/span><\/div>\n<div  class='av-buildercomment  av-blog-meta-html-info-disabled av-blog-meta-tag-disabled  '><\/div>\n","protected":false},"excerpt":{"rendered":"","protected":false},"author":1,"featured_media":38313,"comment_status":"open","ping_status":"open","sticky":false,"template":"","format":"standard","meta":{"footnotes":""},"categories":[38],"tags":[],"class_list":["post-38312","post","type-post","status-publish","format-standard","has-post-thumbnail","hentry","category-regional"],"jetpack_featured_media_url":"https:\/\/radiorevelacionfm.cl\/wp-content\/uploads\/2023\/12\/Aysen-3-1-1-e1703613697892.jpg","_links":{"self":[{"href":"https:\/\/radiorevelacionfm.cl\/index.php?rest_route=\/wp\/v2\/posts\/38312","targetHints":{"allow":["GET"]}}],"collection":[{"href":"https:\/\/radiorevelacionfm.cl\/index.php?rest_route=\/wp\/v2\/posts"}],"about":[{"href":"https:\/\/radiorevelacionfm.cl\/index.php?rest_route=\/wp\/v2\/types\/post"}],"author":[{"embeddable":true,"href":"https:\/\/radiorevelacionfm.cl\/index.php?rest_route=\/wp\/v2\/users\/1"}],"replies":[{"embeddable":true,"href":"https:\/\/radiorevelacionfm.cl\/index.php?rest_route=%2Fwp%2Fv2%2Fcomments&post=38312"}],"version-history":[{"count":1,"href":"https:\/\/radiorevelacionfm.cl\/index.php?rest_route=\/wp\/v2\/posts\/38312\/revisions"}],"predecessor-version":[{"id":38314,"href":"https:\/\/radiorevelacionfm.cl\/index.php?rest_route=\/wp\/v2\/posts\/38312\/revisions\/38314"}],"wp:featuredmedia":[{"embeddable":true,"href":"https:\/\/radiorevelacionfm.cl\/index.php?rest_route=\/wp\/v2\/media\/38313"}],"wp:attachment":[{"href":"https:\/\/radiorevelacionfm.cl\/index.php?rest_route=%2Fwp%2Fv2%2Fmedia&parent=38312"}],"wp:term":[{"taxonomy":"category","embeddable":true,"href":"https:\/\/radiorevelacionfm.cl\/index.php?rest_route=%2Fwp%2Fv2%2Fcategories&post=38312"},{"taxonomy":"post_tag","embeddable":true,"href":"https:\/\/radiorevelacionfm.cl\/index.php?rest_route=%2Fwp%2Fv2%2Ftags&post=38312"}],"curies":[{"name":"wp","href":"https:\/\/api.w.org\/{rel}","templated":true}]}}