{"id":3831,"date":"2021-05-05T17:49:54","date_gmt":"2021-05-05T20:49:54","guid":{"rendered":"https:\/\/radiorevelacionfm.cl\/?p=3831"},"modified":"2021-05-05T17:49:54","modified_gmt":"2021-05-05T20:49:54","slug":"firman-convenio-para-desarrollar-plan-de-gestion-de-transito-en-cochrane","status":"publish","type":"post","link":"https:\/\/radiorevelacionfm.cl\/?p=3831","title":{"rendered":"Firman convenio para desarrollar Plan de Gesti\u00f3n de Tr\u00e1nsito en Cochrane"},"content":{"rendered":"<div class=\"flex_column av_one_full  flex_column_div av-zero-column-padding first  avia-builder-el-0  el_before_av_one_full  avia-builder-el-first  \" style='border-radius:0px; '><div  class='avia-image-container  av-styling-    avia-builder-el-1  avia-builder-el-no-sibling  avia-align-center '  itemprop=\"image\" itemscope=\"itemscope\" itemtype=\"https:\/\/schema.org\/ImageObject\"  ><div class='avia-image-container-inner'><div class='avia-image-overlay-wrap'><img decoding=\"async\" class='wp-image-0 avia-img-lazy-loading-not-0 avia_image' src=\"https:\/\/radiorevelacionfm.cl\/wp-content\/uploads\/2021\/05\/DSC_4445-1-1.jpg\" alt='' title=''   itemprop=\"thumbnailUrl\"  \/><\/div><\/div><\/div><\/div><div class=\"flex_column av_one_full  flex_column_div av-zero-column-padding first  avia-builder-el-2  el_after_av_one_full  el_before_av_one_full  column-top-margin\" style='border-radius:0px; '><section class=\"av_textblock_section \"  itemscope=\"itemscope\" itemtype=\"https:\/\/schema.org\/BlogPosting\" itemprop=\"blogPost\" ><div class='avia_textblock  '   itemprop=\"text\" ><p style=\"text-align: center;\"><strong><span style=\"font-size: 18pt;\">Firman convenio para desarrollar Plan de Gesti\u00f3n de Tr\u00e1nsito en Cochrane<\/span><\/strong><\/p>\n<div id=\"gtx-trans\" style=\"position: absolute; left: -50px; top: 4.31534px;\">\n<div class=\"gtx-trans-icon\"><\/div>\n<\/div>\n<\/div><\/section><\/div><div class=\"flex_column av_one_full  flex_column_div av-zero-column-padding first  avia-builder-el-4  el_after_av_one_full  el_before_av_hr  column-top-margin\" style='border-radius:0px; '><section class=\"av_textblock_section \"  itemscope=\"itemscope\" itemtype=\"https:\/\/schema.org\/BlogPosting\" itemprop=\"blogPost\" ><div class='avia_textblock  '   itemprop=\"text\" ><p style=\"text-align: justify;\">Durante la visita del subsecretario de Transportes Jos\u00e9 Luis Dom\u00ednguez, se realizaron una serie de actividades para relevar los avances de conectividad en la regi\u00f3n. Dentro de ellas figura la firma de un convenio de colaboraci\u00f3n t\u00e9cnica con el municipio de Cochrane para desarrollar un Plan de Gesti\u00f3n de Tr\u00e1nsito para la comuna, cuyo costo asciende a $160 millones.<\/p>\n<p style=\"text-align: justify;\">En este hito particip\u00f3 junto al seremi de la cartera en la regi\u00f3n, Fabi\u00e1n Rojas, y alcalde de Cochrane, Patricio Ulloa, instancia en la que se relev\u00f3 la importancia de llevar a cabo este\u00a0estudio o Plan de Gesti\u00f3n de Tr\u00e1nsito y Movilidad, que entregar\u00e1 lineamientos y definir\u00e1 una cartera de proyectos para mejorar las condiciones de tr\u00e1nsito, tanto de conductores, peatones y usuarios de ciclos.<\/p>\n<p style=\"text-align: justify;\">Al respecto, Dom\u00ednguez explic\u00f3 que \u201cesta labor es relevante, porque Cochrane ha experimentado un crecimiento importante en los \u00faltimos a\u00f1os. Seg\u00fan el \u00faltimo Censo, la comuna\u00a0tiene una poblaci\u00f3n de 2.841 personas, lo que revela un incremento de 20,6% en los \u00faltimos a\u00f1os. Eso trae aparejado un aumento del parque automotor y una serie de conflictos viales que buscamos abordar con este estudio\u201d.<\/p>\n<p style=\"text-align: justify;\">El seremi agreg\u00f3 que, paralelamente tambi\u00e9n se trabajar\u00e1 en hacer estudios en Puerto Ays\u00e9n, Chile Chico, Puerto Cisnes y Melinka. \u201cMediante estos planes de gesti\u00f3n nos podemos adelantar y prever cu\u00e1les son las necesidades de transporte que pueden ser abordadas mediante la implementaci\u00f3n de distintas medidas, como infraestructura vial, se\u00f1ales de tr\u00e1nsito u otras\u201d, a\u00f1adi\u00f3.<\/p>\n<p style=\"text-align: justify;\">El edil de Cochrane se refiri\u00f3 a la utilidad que brindar\u00e1 el estudio para la gesti\u00f3n comunal. \u201cTener el respaldo del Ministerio de Transportes y Telecomunicaciones como contraparte t\u00e9cnica es una colaboraci\u00f3n muy necesaria para orientar las acciones que tenemos que tomar como municipio y nos permite entregar un mejor est\u00e1ndar para la movilidad y la seguridad de nuestros vecinos\u201d.<\/p>\n<p style=\"text-align: justify;\">El financiamiento del MTT para los Planes de Gesti\u00f3n de Tr\u00e1nsito de Cochrane, Chile Chico, Melinka y Puerto Cisnes asciende a un total de 280 millones de pesos. En Puerto Ays\u00e9n este estudio ya est\u00e1 en marcha, siendo su costo de 140 millones de pesos, monto costeado por el Gobierno Regional.<\/p>\n<\/div><\/section><\/div><div  style='height:50px' class='hr hr-invisible   avia-builder-el-6  el_after_av_one_full  el_before_av_social_share '><span class='hr-inner ' ><span class='hr-inner-style'><\/span><\/span><\/div><\/p>\n<div  class='av-social-sharing-box  avia-builder-el-7  el_after_av_hr  el_before_av_hr  '><div class='av-share-box'><h5 class='av-share-link-description av-no-toc '>Compartir esta noticia<\/h5><ul class='av-share-box-list noLightbox'><li class='av-share-link av-social-link-facebook' ><a target=\"_blank\" aria-label=\"Compartir en Facebook\" href='https:\/\/www.facebook.com\/sharer.php?u=https:\/\/radiorevelacionfm.cl\/?p=3831&#038;t=Firman%20convenio%20para%20desarrollar%20Plan%20de%20Gesti%C3%B3n%20de%20Tr%C3%A1nsito%20en%20Cochrane' aria-hidden='false' data-av_icon='\ue8f3' data-av_iconfont='entypo-fontello' title='' data-avia-related-tooltip='Compartir en Facebook' rel=\"noopener\"><span class='avia_hidden_link_text'>Compartir en Facebook<\/span><\/a><\/li><li class='av-share-link av-social-link-twitter' ><a target=\"_blank\" aria-label=\"Compartir en Twitter\" href='https:\/\/twitter.com\/share?text=Firman%20convenio%20para%20desarrollar%20Plan%20de%20Gesti%C3%B3n%20de%20Tr%C3%A1nsito%20en%20Cochrane&#038;url=https:\/\/radiorevelacionfm.cl\/?p=3831' aria-hidden='false' data-av_icon='\ue8f1' data-av_iconfont='entypo-fontello' title='' data-avia-related-tooltip='Compartir en Twitter' rel=\"noopener\"><span class='avia_hidden_link_text'>Compartir en Twitter<\/span><\/a><\/li><li class='av-share-link av-social-link-whatsapp' ><a target=\"_blank\" aria-label=\"Compartir en Whatsapp\" href='https:\/\/api.whatsapp.com\/send?text=https:\/\/radiorevelacionfm.cl\/?p=3831' aria-hidden='false' data-av_icon='\uf232' data-av_iconfont='entypo-fontello' title='' data-avia-related-tooltip='Compartir en Whatsapp' rel=\"noopener\"><span class='avia_hidden_link_text'>Compartir en Whatsapp<\/span><\/a><\/li><li class='av-share-link av-social-link-linkedin' ><a target=\"_blank\" aria-label=\"Compartir en LinkedIn\" href='https:\/\/linkedin.com\/shareArticle?mini=true&#038;title=Firman%20convenio%20para%20desarrollar%20Plan%20de%20Gesti%C3%B3n%20de%20Tr%C3%A1nsito%20en%20Cochrane&#038;url=https:\/\/radiorevelacionfm.cl\/?p=3831' aria-hidden='false' data-av_icon='\ue8fc' data-av_iconfont='entypo-fontello' title='' data-avia-related-tooltip='Compartir en LinkedIn' rel=\"noopener\"><span class='avia_hidden_link_text'>Compartir en LinkedIn<\/span><\/a><\/li><li class='av-share-link av-social-link-mail' ><a  aria-label=\"Compartir por correo\" href='mailto:?subject=Firman%20convenio%20para%20desarrollar%20Plan%20de%20Gesti%C3%B3n%20de%20Tr%C3%A1nsito%20en%20Cochrane&#038;body=https:\/\/radiorevelacionfm.cl\/?p=3831' aria-hidden='false' data-av_icon='\ue805' data-av_iconfont='entypo-fontello' title='' data-avia-related-tooltip='Compartir por correo'><span class='avia_hidden_link_text'>Compartir por correo<\/span><\/a><\/li><\/ul><\/div><\/div>\n<div  style='height:50px' class='hr hr-invisible   avia-builder-el-8  el_after_av_social_share  el_before_av_comments_list '><span class='hr-inner ' ><span class='hr-inner-style'><\/span><\/span><\/div>\n<div  class='av-buildercomment  av-blog-meta-html-info-disabled av-blog-meta-tag-disabled  '><\/div>\n","protected":false},"excerpt":{"rendered":"","protected":false},"author":1,"featured_media":0,"comment_status":"open","ping_status":"open","sticky":false,"template":"","format":"standard","meta":{"footnotes":""},"categories":[59],"tags":[],"class_list":["post-3831","post","type-post","status-publish","format-standard","hentry","category-transporte"],"jetpack_featured_media_url":"","_links":{"self":[{"href":"https:\/\/radiorevelacionfm.cl\/index.php?rest_route=\/wp\/v2\/posts\/3831","targetHints":{"allow":["GET"]}}],"collection":[{"href":"https:\/\/radiorevelacionfm.cl\/index.php?rest_route=\/wp\/v2\/posts"}],"about":[{"href":"https:\/\/radiorevelacionfm.cl\/index.php?rest_route=\/wp\/v2\/types\/post"}],"author":[{"embeddable":true,"href":"https:\/\/radiorevelacionfm.cl\/index.php?rest_route=\/wp\/v2\/users\/1"}],"replies":[{"embeddable":true,"href":"https:\/\/radiorevelacionfm.cl\/index.php?rest_route=%2Fwp%2Fv2%2Fcomments&post=3831"}],"version-history":[{"count":1,"href":"https:\/\/radiorevelacionfm.cl\/index.php?rest_route=\/wp\/v2\/posts\/3831\/revisions"}],"predecessor-version":[{"id":3833,"href":"https:\/\/radiorevelacionfm.cl\/index.php?rest_route=\/wp\/v2\/posts\/3831\/revisions\/3833"}],"wp:attachment":[{"href":"https:\/\/radiorevelacionfm.cl\/index.php?rest_route=%2Fwp%2Fv2%2Fmedia&parent=3831"}],"wp:term":[{"taxonomy":"category","embeddable":true,"href":"https:\/\/radiorevelacionfm.cl\/index.php?rest_route=%2Fwp%2Fv2%2Fcategories&post=3831"},{"taxonomy":"post_tag","embeddable":true,"href":"https:\/\/radiorevelacionfm.cl\/index.php?rest_route=%2Fwp%2Fv2%2Ftags&post=3831"}],"curies":[{"name":"wp","href":"https:\/\/api.w.org\/{rel}","templated":true}]}}