{"id":38295,"date":"2023-12-25T19:17:09","date_gmt":"2023-12-25T22:17:09","guid":{"rendered":"https:\/\/radiorevelacionfm.cl\/?p=38295"},"modified":"2023-12-25T19:17:09","modified_gmt":"2023-12-25T22:17:09","slug":"desafio-fiordo-aysen-competencia-que-busca-romper-la-estacionalidad-y-quedar-en-la-historia-regional","status":"publish","type":"post","link":"https:\/\/radiorevelacionfm.cl\/?p=38295","title":{"rendered":"\u201cDesaf\u00edo Fiordo Ays\u00e9n\u201d competencia que busca romper la estacionalidad y quedar en la historia regional"},"content":{"rendered":"<div class=\"flex_column av_one_full  flex_column_div av-zero-column-padding first  avia-builder-el-0  el_before_av_one_full  avia-builder-el-first  \" style='border-radius:0px; '><div  class='avia-image-container  av-styling-    avia-builder-el-1  avia-builder-el-no-sibling  avia-align-center '  itemprop=\"image\" itemscope=\"itemscope\" itemtype=\"https:\/\/schema.org\/ImageObject\"  ><div class='avia-image-container-inner'><div class='avia-image-overlay-wrap'><img decoding=\"async\" class='wp-image-38296 avia-img-lazy-loading-not-38296 avia_image' src=\"https:\/\/radiorevelacionfm.cl\/wp-content\/uploads\/2023\/12\/desafio-fiordo-aysen-2-1_optimized-1.jpg\" alt='' title='desafio-fiordo-aysen-2-(1)_optimized (1)' height=\"600\" width=\"1067\"  itemprop=\"thumbnailUrl\" srcset=\"https:\/\/radiorevelacionfm.cl\/wp-content\/uploads\/2023\/12\/desafio-fiordo-aysen-2-1_optimized-1.jpg 1067w, https:\/\/radiorevelacionfm.cl\/wp-content\/uploads\/2023\/12\/desafio-fiordo-aysen-2-1_optimized-1-300x169.jpg 300w, https:\/\/radiorevelacionfm.cl\/wp-content\/uploads\/2023\/12\/desafio-fiordo-aysen-2-1_optimized-1-1030x579.jpg 1030w, https:\/\/radiorevelacionfm.cl\/wp-content\/uploads\/2023\/12\/desafio-fiordo-aysen-2-1_optimized-1-768x432.jpg 768w, https:\/\/radiorevelacionfm.cl\/wp-content\/uploads\/2023\/12\/desafio-fiordo-aysen-2-1_optimized-1-705x396.jpg 705w, https:\/\/radiorevelacionfm.cl\/wp-content\/uploads\/2023\/12\/desafio-fiordo-aysen-2-1_optimized-1-450x253.jpg 450w, https:\/\/radiorevelacionfm.cl\/wp-content\/uploads\/2023\/12\/desafio-fiordo-aysen-2-1_optimized-1-600x337.jpg 600w\" sizes=\"(max-width: 1067px) 100vw, 1067px\" \/><\/div><\/div><\/div><\/div><div class=\"flex_column av_one_full  flex_column_div av-zero-column-padding first  avia-builder-el-2  el_after_av_one_full  el_before_av_one_full  column-top-margin\" style='border-radius:0px; '><section class=\"av_textblock_section \"  itemscope=\"itemscope\" itemtype=\"https:\/\/schema.org\/BlogPosting\" itemprop=\"blogPost\" ><div class='avia_textblock  '   itemprop=\"text\" ><p style=\"text-align: center;\"><strong><span style=\"font-size: 18pt;\">\u201cDesaf\u00edo Fiordo Ays\u00e9n\u201d competencia que busca romper la estacionalidad y quedar en la historia regional<\/span><\/strong><\/p>\n<div id=\"gtx-trans\" style=\"position: absolute; left: -50px; top: 4.31534px;\">\n<div class=\"gtx-trans-icon\"><\/div>\n<\/div>\n<\/div><\/section><\/div><div class=\"flex_column av_one_full  flex_column_div av-zero-column-padding first  avia-builder-el-4  el_after_av_one_full  el_before_av_hr  column-top-margin\" style='border-radius:0px; '><section class=\"av_textblock_section \"  itemscope=\"itemscope\" itemtype=\"https:\/\/schema.org\/BlogPosting\" itemprop=\"blogPost\" ><div class='avia_textblock  '   itemprop=\"text\" ><p style=\"text-align: justify;\">La actividad se realizar\u00e1 durante el mes aniversario de Puerto Ays\u00e9n, espec\u00edficamente el d\u00eda 27 de enero de 2024. Tendr\u00e1 su mascota \u201cNina\u201d la tonina aysenina.<\/p>\n<p style=\"text-align: justify;\">En la plaza de encuentro, autoridades y deportistas locales realizaron el lanzamiento del \u201cDesaf\u00edo Fiordo Ays\u00e9n\u201d, competencia que considera un recorrido total de 70 kil\u00f3metros, 6 de kayak, 45 de moutain bike y 17,5 de running, a efectuarse el d\u00eda 27 de enero pr\u00f3ximo.<\/p>\n<p style=\"text-align: justify;\">Esta iniciativa nace en el \u00e1rea de SECPLAN de la Municipalidad de Ays\u00e9n, se sum\u00f3 el apoyo de la Corporaci\u00f3n Municipal de Deportes y Recreaci\u00f3n, el importante financiamiento del Gobierno Regional de Ays\u00e9n y la colaboraci\u00f3n de TriAys\u00e9n.<\/p>\n<p style=\"text-align: justify;\">La idea es que evento se desarrolle en medio de los bellos parajes de Puerto Ays\u00e9n y no solo en verano, sino que todas las \u00e9pocas del a\u00f1o y de esta forma el \u201cDesaf\u00edo Fiordo Ays\u00e9n\u201d, espera quedar en la historia de nuestra regi\u00f3n.<\/p>\n<p style=\"text-align: justify;\">\u201cVivimos en una comuna inmersa en medio fiordos, \u00fanica en el mundo y quer\u00edamos poner en valor aquello a trav\u00e9s de esta carrera de deporte aventura, que busca, potenciar la pr\u00e1ctica del deporte en el contacto con la naturaleza, as\u00ed es que, muy contenta por eso. Hoy se lanz\u00f3 esta primera versi\u00f3n, lo que esperamos que en el tiempo se siga repitiendo, que tenga distintas disciplinas, que vaya aumentando su dificultad y lo que esperamos es, poder romper la estacionalidad, tener versiones en invierno, en oto\u00f1o, en primavera y as\u00ed sucesivamente. Por ello, invitarlos a todos a participar\u201d, manifest\u00f3, Roc\u00edo B\u00f3rquez, directora SECPLAN y coordinadora de la competencia.<\/p>\n<p style=\"text-align: justify;\">El Alcalde de la comuna de Ays\u00e9n, Julio Uribe, puso en valor que esta competencia se lleve a cabo en medio del mes aniversario de Puerto Ays\u00e9n, fijando su realizaci\u00f3n para el 27 de enero de 2024.<\/p>\n<p style=\"text-align: justify;\">\u201cEl Desaf\u00edo Fiordo Ays\u00e9n, es un proyecto que lo venimos analizando hace bastante tiempo y ahora en el contexto de nuestro aniversario para el d\u00eda 27 de enero, queremos hacer que esta prueba este por mucho tiempo y poder trabajar con TriAys\u00e9n, que es el club que hoy d\u00eda est\u00e1 ayud\u00e1ndonos a hacer esta actividad. Adem\u00e1s, es algo que por cierto viene a favorecer el turismo, para este tipo de competencias viene mucha gente de otros lados, con las familias, con sus equipos, es una prueba de 70 kil\u00f3metros aproximadamente y que a nosotros nos llena de orgullo poder estar haciendo su lanzamiento\u201d.<\/p>\n<p style=\"text-align: justify;\">Desde el Gobierno Regional de Ays\u00e9n y en representaci\u00f3n de la Gobernadora Andrea Mac\u00edas, estuvo, Oscar del Solar, quien destac\u00f3 que, \u201cnosotros hacemos que las cosas sucedan, pero siempre tiene que haber detr\u00e1s de esto una idea y en esto el Municipio de Ays\u00e9n no se ha quedado peque\u00f1o. Va a ser un evento que tambi\u00e9n va a poner en valor la naturaleza y el patrimonio que tiene esta comuna y que todos conocemos como sus fiordos, sus aguas y tambi\u00e9n viene a representar la identidad que tiene Ays\u00e9n, que se relaciona con el agua\u201d.<\/p>\n<p style=\"text-align: justify;\">Importante colaboraci\u00f3n para trazar la ruta y definir las disciplinas a competir ha sido el trabajo de TriAys\u00e9n, quienes son parte del \u201cDesaf\u00edo Fiordo Ays\u00e9n\u201d, su entrenador, el conocido profesor de educaci\u00f3n f\u00edsica John Medina, detall\u00f3 sobre este evento deportivo.<\/p>\n<p style=\"text-align: justify;\">\u201cLa carrera en total tiene 70 kil\u00f3metros, dividida en tres disciplinas que son el kayak con 6 kil\u00f3metros, luego mountain bike 45 kil\u00f3metros y para terminar 17,7 kil\u00f3metros de running, hay tres categor\u00edas individual damas, individual varones y postas, al ser postas, tambi\u00e9n da la posibilidad de gente que se especializa solo en un deporte, pueda participar. La inscripci\u00f3n es gratuita, as\u00ed es que, es una buena instancia para que la gente pueda participar y son cupos limitados, por lo tanto, las personas que est\u00e9n interesadas, yo les sugiero que aseguren su cupo y de ah\u00ed tienen un mes para entrenar y conocer la ruta\u201d.<\/p>\n<p style=\"text-align: justify;\">En estos momentos a\u00fan quedan cupos para equipos e individual damas, en el caso de individual varones esta con lista de espera, desde la organizaci\u00f3n eval\u00faan la posibilidad de ampliar los cupos en esta \u00faltima categor\u00eda, lo que se dar\u00e1 a conocer por las redes sociales de la Municipalidad de Ays\u00e9n y del propio \u201cDesaf\u00edo Fiordo Ays\u00e9n\u201d, evento que tambi\u00e9n contar\u00e1 con su mascota \u201cNina\u201d la tonina aysenina.<\/p>\n<\/div><\/section><\/div><div  style='height:50px' class='hr hr-invisible   avia-builder-el-6  el_after_av_one_full  el_before_av_social_share '><span class='hr-inner ' ><span class='hr-inner-style'><\/span><\/span><\/div><\/p>\n<div  class='av-social-sharing-box  avia-builder-el-7  el_after_av_hr  el_before_av_hr  '><div class='av-share-box'><h5 class='av-share-link-description av-no-toc '>Compartir esta noticia<\/h5><ul class='av-share-box-list noLightbox'><li class='av-share-link av-social-link-facebook' ><a target=\"_blank\" aria-label=\"Compartir en Facebook\" href='https:\/\/www.facebook.com\/sharer.php?u=https:\/\/radiorevelacionfm.cl\/?p=38295&#038;t=%E2%80%9CDesaf%C3%ADo%20Fiordo%20Ays%C3%A9n%E2%80%9D%20competencia%20que%20busca%20romper%20la%20estacionalidad%20y%20quedar%20en%20la%20historia%20regional' aria-hidden='false' data-av_icon='\ue8f3' data-av_iconfont='entypo-fontello' title='' data-avia-related-tooltip='Compartir en Facebook' rel=\"noopener\"><span class='avia_hidden_link_text'>Compartir en Facebook<\/span><\/a><\/li><li class='av-share-link av-social-link-twitter' ><a target=\"_blank\" aria-label=\"Compartir en Twitter\" href='https:\/\/twitter.com\/share?text=%E2%80%9CDesaf%C3%ADo%20Fiordo%20Ays%C3%A9n%E2%80%9D%20competencia%20que%20busca%20romper%20la%20estacionalidad%20y%20quedar%20en%20la%20historia%20regional&#038;url=https:\/\/radiorevelacionfm.cl\/?p=38295' aria-hidden='false' data-av_icon='\ue8f1' data-av_iconfont='entypo-fontello' title='' data-avia-related-tooltip='Compartir en Twitter' rel=\"noopener\"><span class='avia_hidden_link_text'>Compartir en Twitter<\/span><\/a><\/li><li class='av-share-link av-social-link-whatsapp' ><a target=\"_blank\" aria-label=\"Compartir en Whatsapp\" href='https:\/\/api.whatsapp.com\/send?text=https:\/\/radiorevelacionfm.cl\/?p=38295' aria-hidden='false' data-av_icon='\uf232' data-av_iconfont='entypo-fontello' title='' data-avia-related-tooltip='Compartir en Whatsapp' rel=\"noopener\"><span class='avia_hidden_link_text'>Compartir en Whatsapp<\/span><\/a><\/li><li class='av-share-link av-social-link-linkedin' ><a target=\"_blank\" aria-label=\"Compartir en LinkedIn\" href='https:\/\/linkedin.com\/shareArticle?mini=true&#038;title=%E2%80%9CDesaf%C3%ADo%20Fiordo%20Ays%C3%A9n%E2%80%9D%20competencia%20que%20busca%20romper%20la%20estacionalidad%20y%20quedar%20en%20la%20historia%20regional&#038;url=https:\/\/radiorevelacionfm.cl\/?p=38295' aria-hidden='false' data-av_icon='\ue8fc' data-av_iconfont='entypo-fontello' title='' data-avia-related-tooltip='Compartir en LinkedIn' rel=\"noopener\"><span class='avia_hidden_link_text'>Compartir en LinkedIn<\/span><\/a><\/li><li class='av-share-link av-social-link-mail' ><a  aria-label=\"Compartir por correo\" href='mailto:?subject=%E2%80%9CDesaf%C3%ADo%20Fiordo%20Ays%C3%A9n%E2%80%9D%20competencia%20que%20busca%20romper%20la%20estacionalidad%20y%20quedar%20en%20la%20historia%20regional&#038;body=https:\/\/radiorevelacionfm.cl\/?p=38295' aria-hidden='false' data-av_icon='\ue805' data-av_iconfont='entypo-fontello' title='' data-avia-related-tooltip='Compartir por correo'><span class='avia_hidden_link_text'>Compartir por correo<\/span><\/a><\/li><\/ul><\/div><\/div>\n<div  style='height:50px' class='hr hr-invisible   avia-builder-el-8  el_after_av_social_share  el_before_av_comments_list '><span class='hr-inner ' ><span class='hr-inner-style'><\/span><\/span><\/div>\n<div  class='av-buildercomment  av-blog-meta-html-info-disabled av-blog-meta-tag-disabled  '><\/div>\n","protected":false},"excerpt":{"rendered":"","protected":false},"author":1,"featured_media":38296,"comment_status":"open","ping_status":"open","sticky":false,"template":"","format":"standard","meta":{"footnotes":""},"categories":[38],"tags":[],"class_list":["post-38295","post","type-post","status-publish","format-standard","has-post-thumbnail","hentry","category-regional"],"jetpack_featured_media_url":"https:\/\/radiorevelacionfm.cl\/wp-content\/uploads\/2023\/12\/desafio-fiordo-aysen-2-1_optimized-1.jpg","_links":{"self":[{"href":"https:\/\/radiorevelacionfm.cl\/index.php?rest_route=\/wp\/v2\/posts\/38295","targetHints":{"allow":["GET"]}}],"collection":[{"href":"https:\/\/radiorevelacionfm.cl\/index.php?rest_route=\/wp\/v2\/posts"}],"about":[{"href":"https:\/\/radiorevelacionfm.cl\/index.php?rest_route=\/wp\/v2\/types\/post"}],"author":[{"embeddable":true,"href":"https:\/\/radiorevelacionfm.cl\/index.php?rest_route=\/wp\/v2\/users\/1"}],"replies":[{"embeddable":true,"href":"https:\/\/radiorevelacionfm.cl\/index.php?rest_route=%2Fwp%2Fv2%2Fcomments&post=38295"}],"version-history":[{"count":1,"href":"https:\/\/radiorevelacionfm.cl\/index.php?rest_route=\/wp\/v2\/posts\/38295\/revisions"}],"predecessor-version":[{"id":38297,"href":"https:\/\/radiorevelacionfm.cl\/index.php?rest_route=\/wp\/v2\/posts\/38295\/revisions\/38297"}],"wp:featuredmedia":[{"embeddable":true,"href":"https:\/\/radiorevelacionfm.cl\/index.php?rest_route=\/wp\/v2\/media\/38296"}],"wp:attachment":[{"href":"https:\/\/radiorevelacionfm.cl\/index.php?rest_route=%2Fwp%2Fv2%2Fmedia&parent=38295"}],"wp:term":[{"taxonomy":"category","embeddable":true,"href":"https:\/\/radiorevelacionfm.cl\/index.php?rest_route=%2Fwp%2Fv2%2Fcategories&post=38295"},{"taxonomy":"post_tag","embeddable":true,"href":"https:\/\/radiorevelacionfm.cl\/index.php?rest_route=%2Fwp%2Fv2%2Ftags&post=38295"}],"curies":[{"name":"wp","href":"https:\/\/api.w.org\/{rel}","templated":true}]}}