{"id":38289,"date":"2023-12-25T20:25:47","date_gmt":"2023-12-25T23:25:47","guid":{"rendered":"https:\/\/radiorevelacionfm.cl\/?p=38289"},"modified":"2023-12-25T20:25:47","modified_gmt":"2023-12-25T23:25:47","slug":"estudiantes-y-docentes-de-escuelas-del-microcentro-el-litoral-participaron-en-inedito-campamento-educativo-en-melimoyu","status":"publish","type":"post","link":"https:\/\/radiorevelacionfm.cl\/?p=38289","title":{"rendered":"Estudiantes y docentes de escuelas del Microcentro El Litoral participaron en in\u00e9dito Campamento Educativo en Melimoyu"},"content":{"rendered":"<div class=\"flex_column av_one_full  flex_column_div av-zero-column-padding first  avia-builder-el-0  el_before_av_one_full  avia-builder-el-first  \" style='border-radius:0px; '><div  class='avia-image-container  av-styling-    avia-builder-el-1  avia-builder-el-no-sibling  avia-align-center '  itemprop=\"image\" itemscope=\"itemscope\" itemtype=\"https:\/\/schema.org\/ImageObject\"  ><div class='avia-image-container-inner'><div class='avia-image-overlay-wrap'><img decoding=\"async\" class='wp-image-38290 avia-img-lazy-loading-not-38290 avia_image' src=\"https:\/\/radiorevelacionfm.cl\/wp-content\/uploads\/2023\/12\/60839613-49bf-45bd-acb5-5f23e952e964-1_optimized-1.jpg\" alt='' title='60839613-49bf-45bd-acb5-5f23e952e964-(1)_optimized (1)' height=\"600\" width=\"1189\"  itemprop=\"thumbnailUrl\" srcset=\"https:\/\/radiorevelacionfm.cl\/wp-content\/uploads\/2023\/12\/60839613-49bf-45bd-acb5-5f23e952e964-1_optimized-1.jpg 1189w, https:\/\/radiorevelacionfm.cl\/wp-content\/uploads\/2023\/12\/60839613-49bf-45bd-acb5-5f23e952e964-1_optimized-1-300x151.jpg 300w, https:\/\/radiorevelacionfm.cl\/wp-content\/uploads\/2023\/12\/60839613-49bf-45bd-acb5-5f23e952e964-1_optimized-1-1030x520.jpg 1030w, https:\/\/radiorevelacionfm.cl\/wp-content\/uploads\/2023\/12\/60839613-49bf-45bd-acb5-5f23e952e964-1_optimized-1-768x388.jpg 768w, https:\/\/radiorevelacionfm.cl\/wp-content\/uploads\/2023\/12\/60839613-49bf-45bd-acb5-5f23e952e964-1_optimized-1-705x356.jpg 705w, https:\/\/radiorevelacionfm.cl\/wp-content\/uploads\/2023\/12\/60839613-49bf-45bd-acb5-5f23e952e964-1_optimized-1-450x227.jpg 450w, https:\/\/radiorevelacionfm.cl\/wp-content\/uploads\/2023\/12\/60839613-49bf-45bd-acb5-5f23e952e964-1_optimized-1-600x303.jpg 600w\" sizes=\"(max-width: 1189px) 100vw, 1189px\" \/><\/div><\/div><\/div><\/div><div class=\"flex_column av_one_full  flex_column_div av-zero-column-padding first  avia-builder-el-2  el_after_av_one_full  el_before_av_one_full  column-top-margin\" style='border-radius:0px; '><section class=\"av_textblock_section \"  itemscope=\"itemscope\" itemtype=\"https:\/\/schema.org\/BlogPosting\" itemprop=\"blogPost\" ><div class='avia_textblock  '   itemprop=\"text\" ><p style=\"text-align: center;\"><span style=\"font-size: 18pt;\"><b><span lang=\"ES-MX\">Estudiantes y docentes de escuelas del Microcentro El Litoral participaron en in\u00e9dito Campamento Educativo en Melimoyu<\/span><\/b><\/span><\/p>\n<div id=\"gtx-trans\" style=\"position: absolute; left: -50px; top: 4.31534px;\">\n<div class=\"gtx-trans-icon\"><\/div>\n<\/div>\n<\/div><\/section><\/div><div class=\"flex_column av_one_full  flex_column_div av-zero-column-padding first  avia-builder-el-4  el_after_av_one_full  el_before_av_hr  column-top-margin\" style='border-radius:0px; '><section class=\"av_textblock_section \"  itemscope=\"itemscope\" itemtype=\"https:\/\/schema.org\/BlogPosting\" itemprop=\"blogPost\" ><div class='avia_textblock  '   itemprop=\"text\" ><p class=\"v1MsoNormal\" style=\"text-align: justify;\"><span lang=\"ES-MX\">Con gran emoci\u00f3n, Romina Escarate y Fernanda Rojo, profesoras encargadas de las escuelas de Gala y Melimoyu, respectivamente, compartieron la experiencia educativa que han llevado junto al profesor encargado de la escuela de Puerto Gaviota, Juan Aravena, de preparar y vivir un Campamento Escolar en Melimoyu.<\/span><\/p>\n<p class=\"v1MsoNormal\" style=\"text-align: justify;\"><span lang=\"ES-MX\">Un nutrido plan de trabajo preparado por ellos previamente, deline\u00f3 el itinerario diario: caminatas, visita a invernadero, actividades de buceo, armado de carpas, cantos y juegos, comiendo juntos al aire libre, cuidando de la Tierra y mucho m\u00e1s.<\/span><\/p>\n<p class=\"v1MsoNormal\" style=\"text-align: justify;\"><span lang=\"ES-MX\">Hasta Melimoyu concurrieron los estudiantes de las Escuelas Madre de la Divina Providencia -Puerto Gala- y Nuestra Se\u00f1ora de la Providencia -Puerto Gaviota-, para participar de la iniciativa, donde fueron recibidos por la Escuela de Melimoyu.\u00a0 La actividad se llev\u00f3 a cabo entre los d\u00edas 11 y 15 de diciembre, llegando hasta Melimoyu por mar.<\/span><\/p>\n<p class=\"v1MsoNormal\" style=\"text-align: justify;\"><span lang=\"ES-MX\">La profesora de la Escuela de Melimoyu Fernanda Rojo nos relata:\u00a0<i>\u00abEl campamento, dise\u00f1ado para estrechar lazos y desarrollar habilidades sociales, fue un rotundo \u00e9xito. Los ni\u00f1os y las ni\u00f1as participaron activamente en diversas actividades educativas que pusieron el foco en valores fundamentales como el compa\u00f1erismo, el respeto y la solidaridad. Como profesora multigrado puedo decir que estas vivencias promueven el desarrollo integral de todos los estudiantes\u00bb.<b><\/b><\/i><\/span><\/p>\n<p class=\"v1MsoNormal\" style=\"text-align: justify;\"><span lang=\"ES-MX\">En contexto de zona aislada, ni\u00f1os y ni\u00f1as necesitan socializar. Relacionarse con personas distintas fortalece la propia identidad y sentido de ser; no s\u00f3lo las comunidades educativas se benefician, tambi\u00e9n se fortalecen las comunidades locales, que ven c\u00f3mo la interacci\u00f3n entre chicas y chicos va fortaleciendo la cohesi\u00f3n y el v\u00ednculo intergeneracional. Vivir en lugares apartados es bello, pero no es sencillo, as\u00ed que ir armando espacios de encuentros resulta ser una oportunidad de sentir la magnitud del reto.<\/span><\/p>\n<p class=\"v1MsoNormal\" style=\"text-align: justify;\"><span lang=\"ES-MX\">Romina Esc\u00e1rate docente de la escuela de Puerto Gala, emocionada cuenta:\u00a0<i>\u00abDesde el reencuentro, el encuentro, el abrazo, el amor, la contenci\u00f3n, la locura, desde la pasi\u00f3n y la fuerza, desde all\u00ed nace, \u00e9sta ahora m\u00e1s que la idea,\u00a0<\/i>\u00abCampamento del Litoral\u00bb. (&#8230;) el clima no fue muy amigo por esos d\u00edas, pero a nadie le import\u00f3, nada ni nadie pod\u00eda apagar nuestra llama, estrellas brillantes que sue\u00f1an y creen, eso era cada mirada, cada sonrisa, cada palabra de nuestros estudiantes, tan dif\u00edcil de describir, pero tan fuerte de sentir, que en lo personal no hay nada, nada, nada que pueda igualar la felicidad de un ni\u00f1o y eso cuesta describir, en realidad es algo que simplemente no puedes, tienes que vivirlo, sentirlo, vibrarlo y dejarlo que fluya\u00bb.<i><b><\/b><\/i><\/span><\/p>\n<p class=\"v1MsoNormal\" style=\"text-align: justify;\"><span lang=\"ES-MX\">Son estas experiencias, de placer y felicidad intensa las que activan aprendizajes significativos. Sumado al contexto de naturaleza viva, el horizonte formativo de las escuelas, as\u00ed, se ampl\u00eda, porque, a la lecci\u00f3n diaria del profesor o la profesora, se une la interacci\u00f3n e indagaci\u00f3n fuera del espacio habitual. Estas experiencias suelen ser inolvidables, una reserva de memoria corporal y an\u00edmica que va forjando a un ser humano integral.\u00a0\u00a0\u00a0 \u00a0<\/span><\/p>\n<p class=\"v1MsoNormal\" style=\"text-align: justify;\"><span lang=\"ES-MX\">Esta experiencia de trabajo colaborativo representa uno de los frutos del trabajo del Microcentro de Escuelas Rurales El Litoral. Se espera seguir con iniciativas como estas e incorporar a todas las escuelas que componen el Microcentro El Litoral: Amanda Labarca, Ra\u00fal Mar\u00edn Balmaceda y de Repollal, de la isla de la Melinka.\u00a0<\/span><\/p>\n<\/div><\/section><\/div><div  style='height:50px' class='hr hr-invisible   avia-builder-el-6  el_after_av_one_full  el_before_av_social_share '><span class='hr-inner ' ><span class='hr-inner-style'><\/span><\/span><\/div><\/p>\n<div  class='av-social-sharing-box  avia-builder-el-7  el_after_av_hr  el_before_av_hr  '><div class='av-share-box'><h5 class='av-share-link-description av-no-toc '>Compartir esta noticia<\/h5><ul class='av-share-box-list noLightbox'><li class='av-share-link av-social-link-facebook' ><a target=\"_blank\" aria-label=\"Compartir en Facebook\" href='https:\/\/www.facebook.com\/sharer.php?u=https:\/\/radiorevelacionfm.cl\/?p=38289&#038;t=Estudiantes%20y%20docentes%20de%20escuelas%20del%20Microcentro%20El%20Litoral%20participaron%20en%20in%C3%A9dito%20Campamento%20Educativo%20en%20Melimoyu' aria-hidden='false' data-av_icon='\ue8f3' data-av_iconfont='entypo-fontello' title='' data-avia-related-tooltip='Compartir en Facebook' rel=\"noopener\"><span class='avia_hidden_link_text'>Compartir en Facebook<\/span><\/a><\/li><li class='av-share-link av-social-link-twitter' ><a target=\"_blank\" aria-label=\"Compartir en Twitter\" href='https:\/\/twitter.com\/share?text=Estudiantes%20y%20docentes%20de%20escuelas%20del%20Microcentro%20El%20Litoral%20participaron%20en%20in%C3%A9dito%20Campamento%20Educativo%20en%20Melimoyu&#038;url=https:\/\/radiorevelacionfm.cl\/?p=38289' aria-hidden='false' data-av_icon='\ue8f1' data-av_iconfont='entypo-fontello' title='' data-avia-related-tooltip='Compartir en Twitter' rel=\"noopener\"><span class='avia_hidden_link_text'>Compartir en Twitter<\/span><\/a><\/li><li class='av-share-link av-social-link-whatsapp' ><a target=\"_blank\" aria-label=\"Compartir en Whatsapp\" href='https:\/\/api.whatsapp.com\/send?text=https:\/\/radiorevelacionfm.cl\/?p=38289' aria-hidden='false' data-av_icon='\uf232' data-av_iconfont='entypo-fontello' title='' data-avia-related-tooltip='Compartir en Whatsapp' rel=\"noopener\"><span class='avia_hidden_link_text'>Compartir en Whatsapp<\/span><\/a><\/li><li class='av-share-link av-social-link-linkedin' ><a target=\"_blank\" aria-label=\"Compartir en LinkedIn\" href='https:\/\/linkedin.com\/shareArticle?mini=true&#038;title=Estudiantes%20y%20docentes%20de%20escuelas%20del%20Microcentro%20El%20Litoral%20participaron%20en%20in%C3%A9dito%20Campamento%20Educativo%20en%20Melimoyu&#038;url=https:\/\/radiorevelacionfm.cl\/?p=38289' aria-hidden='false' data-av_icon='\ue8fc' data-av_iconfont='entypo-fontello' title='' data-avia-related-tooltip='Compartir en LinkedIn' rel=\"noopener\"><span class='avia_hidden_link_text'>Compartir en LinkedIn<\/span><\/a><\/li><li class='av-share-link av-social-link-mail' ><a  aria-label=\"Compartir por correo\" href='mailto:?subject=Estudiantes%20y%20docentes%20de%20escuelas%20del%20Microcentro%20El%20Litoral%20participaron%20en%20in%C3%A9dito%20Campamento%20Educativo%20en%20Melimoyu&#038;body=https:\/\/radiorevelacionfm.cl\/?p=38289' aria-hidden='false' data-av_icon='\ue805' data-av_iconfont='entypo-fontello' title='' data-avia-related-tooltip='Compartir por correo'><span class='avia_hidden_link_text'>Compartir por correo<\/span><\/a><\/li><\/ul><\/div><\/div>\n<div  style='height:50px' class='hr hr-invisible   avia-builder-el-8  el_after_av_social_share  el_before_av_comments_list '><span class='hr-inner ' ><span class='hr-inner-style'><\/span><\/span><\/div>\n<div  class='av-buildercomment  av-blog-meta-html-info-disabled av-blog-meta-tag-disabled  '><\/div>\n","protected":false},"excerpt":{"rendered":"","protected":false},"author":1,"featured_media":38290,"comment_status":"open","ping_status":"open","sticky":false,"template":"","format":"standard","meta":{"footnotes":""},"categories":[49],"tags":[],"class_list":["post-38289","post","type-post","status-publish","format-standard","has-post-thumbnail","hentry","category-educacion"],"jetpack_featured_media_url":"https:\/\/radiorevelacionfm.cl\/wp-content\/uploads\/2023\/12\/60839613-49bf-45bd-acb5-5f23e952e964-1_optimized-1.jpg","_links":{"self":[{"href":"https:\/\/radiorevelacionfm.cl\/index.php?rest_route=\/wp\/v2\/posts\/38289","targetHints":{"allow":["GET"]}}],"collection":[{"href":"https:\/\/radiorevelacionfm.cl\/index.php?rest_route=\/wp\/v2\/posts"}],"about":[{"href":"https:\/\/radiorevelacionfm.cl\/index.php?rest_route=\/wp\/v2\/types\/post"}],"author":[{"embeddable":true,"href":"https:\/\/radiorevelacionfm.cl\/index.php?rest_route=\/wp\/v2\/users\/1"}],"replies":[{"embeddable":true,"href":"https:\/\/radiorevelacionfm.cl\/index.php?rest_route=%2Fwp%2Fv2%2Fcomments&post=38289"}],"version-history":[{"count":1,"href":"https:\/\/radiorevelacionfm.cl\/index.php?rest_route=\/wp\/v2\/posts\/38289\/revisions"}],"predecessor-version":[{"id":38291,"href":"https:\/\/radiorevelacionfm.cl\/index.php?rest_route=\/wp\/v2\/posts\/38289\/revisions\/38291"}],"wp:featuredmedia":[{"embeddable":true,"href":"https:\/\/radiorevelacionfm.cl\/index.php?rest_route=\/wp\/v2\/media\/38290"}],"wp:attachment":[{"href":"https:\/\/radiorevelacionfm.cl\/index.php?rest_route=%2Fwp%2Fv2%2Fmedia&parent=38289"}],"wp:term":[{"taxonomy":"category","embeddable":true,"href":"https:\/\/radiorevelacionfm.cl\/index.php?rest_route=%2Fwp%2Fv2%2Fcategories&post=38289"},{"taxonomy":"post_tag","embeddable":true,"href":"https:\/\/radiorevelacionfm.cl\/index.php?rest_route=%2Fwp%2Fv2%2Ftags&post=38289"}],"curies":[{"name":"wp","href":"https:\/\/api.w.org\/{rel}","templated":true}]}}