{"id":38282,"date":"2023-12-22T16:59:15","date_gmt":"2023-12-22T19:59:15","guid":{"rendered":"https:\/\/radiorevelacionfm.cl\/?p=38282"},"modified":"2023-12-22T16:59:15","modified_gmt":"2023-12-22T19:59:15","slug":"migraciones-pdi-aconseja-mantener-documentacion-vigente-para-salir-del-territorio-nacional","status":"publish","type":"post","link":"https:\/\/radiorevelacionfm.cl\/?p=38282","title":{"rendered":"Migraciones: PDI aconseja mantener documentaci\u00f3n vigente para salir del territorio nacional"},"content":{"rendered":"<div class=\"flex_column av_one_full  flex_column_div av-zero-column-padding first  avia-builder-el-0  el_before_av_one_full  avia-builder-el-first  \" style='border-radius:0px; '><div  class='avia-image-container  av-styling-    avia-builder-el-1  avia-builder-el-no-sibling  avia-align-center '  itemprop=\"image\" itemscope=\"itemscope\" itemtype=\"https:\/\/schema.org\/ImageObject\"  ><div class='avia-image-container-inner'><div class='avia-image-overlay-wrap'><img decoding=\"async\" class='wp-image-38283 avia-img-lazy-loading-not-38283 avia_image' src=\"https:\/\/radiorevelacionfm.cl\/wp-content\/uploads\/2023\/12\/Migraciones-generica-3-2-1-1.jpg\" alt='' title='Migraciones generica 3 (2) (1) (1)' height=\"600\" width=\"900\"  itemprop=\"thumbnailUrl\" srcset=\"https:\/\/radiorevelacionfm.cl\/wp-content\/uploads\/2023\/12\/Migraciones-generica-3-2-1-1.jpg 900w, https:\/\/radiorevelacionfm.cl\/wp-content\/uploads\/2023\/12\/Migraciones-generica-3-2-1-1-300x200.jpg 300w, https:\/\/radiorevelacionfm.cl\/wp-content\/uploads\/2023\/12\/Migraciones-generica-3-2-1-1-768x512.jpg 768w, https:\/\/radiorevelacionfm.cl\/wp-content\/uploads\/2023\/12\/Migraciones-generica-3-2-1-1-705x470.jpg 705w, https:\/\/radiorevelacionfm.cl\/wp-content\/uploads\/2023\/12\/Migraciones-generica-3-2-1-1-450x300.jpg 450w, https:\/\/radiorevelacionfm.cl\/wp-content\/uploads\/2023\/12\/Migraciones-generica-3-2-1-1-600x400.jpg 600w\" sizes=\"(max-width: 900px) 100vw, 900px\" \/><\/div><\/div><\/div><\/div><div class=\"flex_column av_one_full  flex_column_div av-zero-column-padding first  avia-builder-el-2  el_after_av_one_full  el_before_av_one_full  column-top-margin\" style='border-radius:0px; '><section class=\"av_textblock_section \"  itemscope=\"itemscope\" itemtype=\"https:\/\/schema.org\/BlogPosting\" itemprop=\"blogPost\" ><div class='avia_textblock  '   itemprop=\"text\" ><p style=\"text-align: center;\"><span style=\"font-size: 18pt;\"><strong>Migraciones: PDI aconseja mantener documentaci\u00f3n vigente para salir del territorio nacional<\/strong><\/span><\/p>\n<div id=\"gtx-trans\" style=\"position: absolute; left: -50px; top: 4.31534px;\">\n<div class=\"gtx-trans-icon\"><\/div>\n<\/div>\n<\/div><\/section><\/div><div class=\"flex_column av_one_full  flex_column_div av-zero-column-padding first  avia-builder-el-4  el_after_av_one_full  el_before_av_hr  column-top-margin\" style='border-radius:0px; '><section class=\"av_textblock_section \"  itemscope=\"itemscope\" itemtype=\"https:\/\/schema.org\/BlogPosting\" itemprop=\"blogPost\" ><div class='avia_textblock  '   itemprop=\"text\" ><p style=\"text-align: justify;\">Con las festividades de Navidad y A\u00f1o Nuevo, el comienzo del verano y la temporada de fiestas costumbristas en la Patagonia chilena, muchas son las personas que transitan por los pasos fronterizos habilitados de la Regi\u00f3n de Ays\u00e9n. En ese sentido, desde el \u00e1rea de Migraciones y Polic\u00eda Internacional de la PDI realizaron un llamado a la ciudadan\u00eda a tomar los resguardos necesarios para mantener un control migratorio expedito durante estas fechas.<\/p>\n<p style=\"text-align: justify;\">Al respecto, desde el Departamento de Migraciones Coyhaique de la polic\u00eda civil informaron para quienes van a salir del pa\u00eds durante este per\u00edodo estival, tener en cuenta las siguientes recomendaciones para realizar un viaje de forma segura y responsable.<\/p>\n<p style=\"text-align: justify;\">\u201cRecuerda mantener tu documento de identidad, c\u00e9dula de identidad o pasaporte, al d\u00eda y en buen estado; si tu salida del pa\u00eds ser\u00e1 realizada por un paso fronterizo no controlado por PDI, recuerda hacer el tr\u00e1mite de obtenci\u00f3n de salvoconducto digital gratuito, a trav\u00e9s de la p\u00e1gina cero filas de la PDI, con una antelaci\u00f3n de cinco d\u00edas previo al viaje\u201d, puntualiz\u00f3 la comisaria Cynthia Berm\u00fadez Fern\u00e1ndez, jefa de la unidad especializada.<\/p>\n<p style=\"text-align: justify;\">Del mismo modo, aconsejaron a los padres, madres y adultos responsables sobre las consideraciones que deben tener a la hora salir con menores de 18 a\u00f1os, \u201csi sales con ni\u00f1os, ni\u00f1as o adolescentes, recuerda que estos tambi\u00e9n deben mantener su documento de identidad vigente, adem\u00e1s, se debe acreditar su filiaci\u00f3n con la exhibici\u00f3n de un certificado de nacimiento o libreta de familia\u201d, agreg\u00f3 la oficial policial.<\/p>\n<p style=\"text-align: justify;\">Asimismo, \u201cse requerir\u00e1 autorizaci\u00f3n para la salida de un ni\u00f1o, ni\u00f1a o adolescente mediante escritura p\u00fablica o por instrumento privado debidamente autorizado por notario p\u00fablico, en caso que salga del pa\u00eds sin la compa\u00f1\u00eda de las personas que deban representarlo\u201d, finaliz\u00f3 la comisaria Berm\u00fadez.<\/p>\n<p style=\"text-align: justify;\">Como medida adicional, desde la PDI reforzaron la idea de mantenerse informado sobre los pasos fronterizos habilitados y sus horarios de atenci\u00f3n durante esta temporada a trav\u00e9s de los canales oficiales de la Unidad de Pasos Fronterizos del Gobierno de Chile. Adem\u00e1s, recomendaron realizar el tr\u00e1mite del salvoconducto digital a tiempo mediante el sitio <a href=\"https:\/\/pdivirtual.cerofilas.gob.cl\/\">https:\/\/pdivirtual.cerofilas.gob.cl\/<\/a>.<\/p>\n<p style=\"text-align: justify;\">Finalmente, se recuerda que, para poder salir del territorio nacional, las personas no deben estar sujetas a ning\u00fan tipo de arraigo judicial u otras medidas cautelares que impidan su salida del pa\u00eds.<\/p>\n<p style=\"text-align: justify;\">Con estos consejos podr\u00e1s realizar tu control migratorio de una manera m\u00e1s expedita y eficiente, evitando cualquier tipo de problema asociado al retraso durante este proceso.<\/p>\n<\/div><\/section><\/div><div  style='height:50px' class='hr hr-invisible   avia-builder-el-6  el_after_av_one_full  el_before_av_social_share '><span class='hr-inner ' ><span class='hr-inner-style'><\/span><\/span><\/div><\/p>\n<div  class='av-social-sharing-box  avia-builder-el-7  el_after_av_hr  el_before_av_hr  '><div class='av-share-box'><h5 class='av-share-link-description av-no-toc '>Compartir esta noticia<\/h5><ul class='av-share-box-list noLightbox'><li class='av-share-link av-social-link-facebook' ><a target=\"_blank\" aria-label=\"Compartir en Facebook\" href='https:\/\/www.facebook.com\/sharer.php?u=https:\/\/radiorevelacionfm.cl\/?p=38282&#038;t=Migraciones%3A%20PDI%20aconseja%20mantener%20documentaci%C3%B3n%20vigente%20para%20salir%20del%20territorio%20nacional' aria-hidden='false' data-av_icon='\ue8f3' data-av_iconfont='entypo-fontello' title='' data-avia-related-tooltip='Compartir en Facebook' rel=\"noopener\"><span class='avia_hidden_link_text'>Compartir en Facebook<\/span><\/a><\/li><li class='av-share-link av-social-link-twitter' ><a target=\"_blank\" aria-label=\"Compartir en Twitter\" href='https:\/\/twitter.com\/share?text=Migraciones%3A%20PDI%20aconseja%20mantener%20documentaci%C3%B3n%20vigente%20para%20salir%20del%20territorio%20nacional&#038;url=https:\/\/radiorevelacionfm.cl\/?p=38282' aria-hidden='false' data-av_icon='\ue8f1' data-av_iconfont='entypo-fontello' title='' data-avia-related-tooltip='Compartir en Twitter' rel=\"noopener\"><span class='avia_hidden_link_text'>Compartir en Twitter<\/span><\/a><\/li><li class='av-share-link av-social-link-whatsapp' ><a target=\"_blank\" aria-label=\"Compartir en Whatsapp\" href='https:\/\/api.whatsapp.com\/send?text=https:\/\/radiorevelacionfm.cl\/?p=38282' aria-hidden='false' data-av_icon='\uf232' data-av_iconfont='entypo-fontello' title='' data-avia-related-tooltip='Compartir en Whatsapp' rel=\"noopener\"><span class='avia_hidden_link_text'>Compartir en Whatsapp<\/span><\/a><\/li><li class='av-share-link av-social-link-linkedin' ><a target=\"_blank\" aria-label=\"Compartir en LinkedIn\" href='https:\/\/linkedin.com\/shareArticle?mini=true&#038;title=Migraciones%3A%20PDI%20aconseja%20mantener%20documentaci%C3%B3n%20vigente%20para%20salir%20del%20territorio%20nacional&#038;url=https:\/\/radiorevelacionfm.cl\/?p=38282' aria-hidden='false' data-av_icon='\ue8fc' data-av_iconfont='entypo-fontello' title='' data-avia-related-tooltip='Compartir en LinkedIn' rel=\"noopener\"><span class='avia_hidden_link_text'>Compartir en LinkedIn<\/span><\/a><\/li><li class='av-share-link av-social-link-mail' ><a  aria-label=\"Compartir por correo\" href='mailto:?subject=Migraciones%3A%20PDI%20aconseja%20mantener%20documentaci%C3%B3n%20vigente%20para%20salir%20del%20territorio%20nacional&#038;body=https:\/\/radiorevelacionfm.cl\/?p=38282' aria-hidden='false' data-av_icon='\ue805' data-av_iconfont='entypo-fontello' title='' data-avia-related-tooltip='Compartir por correo'><span class='avia_hidden_link_text'>Compartir por correo<\/span><\/a><\/li><\/ul><\/div><\/div>\n<div  style='height:50px' class='hr hr-invisible   avia-builder-el-8  el_after_av_social_share  el_before_av_comments_list '><span class='hr-inner ' ><span class='hr-inner-style'><\/span><\/span><\/div>\n<div  class='av-buildercomment  av-blog-meta-html-info-disabled av-blog-meta-tag-disabled  '><\/div>\n","protected":false},"excerpt":{"rendered":"","protected":false},"author":1,"featured_media":38283,"comment_status":"open","ping_status":"open","sticky":false,"template":"","format":"standard","meta":{"footnotes":""},"categories":[36],"tags":[],"class_list":["post-38282","post","type-post","status-publish","format-standard","has-post-thumbnail","hentry","category-policial"],"jetpack_featured_media_url":"https:\/\/radiorevelacionfm.cl\/wp-content\/uploads\/2023\/12\/Migraciones-generica-3-2-1-1.jpg","_links":{"self":[{"href":"https:\/\/radiorevelacionfm.cl\/index.php?rest_route=\/wp\/v2\/posts\/38282","targetHints":{"allow":["GET"]}}],"collection":[{"href":"https:\/\/radiorevelacionfm.cl\/index.php?rest_route=\/wp\/v2\/posts"}],"about":[{"href":"https:\/\/radiorevelacionfm.cl\/index.php?rest_route=\/wp\/v2\/types\/post"}],"author":[{"embeddable":true,"href":"https:\/\/radiorevelacionfm.cl\/index.php?rest_route=\/wp\/v2\/users\/1"}],"replies":[{"embeddable":true,"href":"https:\/\/radiorevelacionfm.cl\/index.php?rest_route=%2Fwp%2Fv2%2Fcomments&post=38282"}],"version-history":[{"count":1,"href":"https:\/\/radiorevelacionfm.cl\/index.php?rest_route=\/wp\/v2\/posts\/38282\/revisions"}],"predecessor-version":[{"id":38284,"href":"https:\/\/radiorevelacionfm.cl\/index.php?rest_route=\/wp\/v2\/posts\/38282\/revisions\/38284"}],"wp:featuredmedia":[{"embeddable":true,"href":"https:\/\/radiorevelacionfm.cl\/index.php?rest_route=\/wp\/v2\/media\/38283"}],"wp:attachment":[{"href":"https:\/\/radiorevelacionfm.cl\/index.php?rest_route=%2Fwp%2Fv2%2Fmedia&parent=38282"}],"wp:term":[{"taxonomy":"category","embeddable":true,"href":"https:\/\/radiorevelacionfm.cl\/index.php?rest_route=%2Fwp%2Fv2%2Fcategories&post=38282"},{"taxonomy":"post_tag","embeddable":true,"href":"https:\/\/radiorevelacionfm.cl\/index.php?rest_route=%2Fwp%2Fv2%2Ftags&post=38282"}],"curies":[{"name":"wp","href":"https:\/\/api.w.org\/{rel}","templated":true}]}}