{"id":3828,"date":"2021-05-05T17:19:25","date_gmt":"2021-05-05T20:19:25","guid":{"rendered":"https:\/\/radiorevelacionfm.cl\/?p=3828"},"modified":"2021-05-05T17:19:25","modified_gmt":"2021-05-05T20:19:25","slug":"solicitan-a-la-subsecretaria-de-pesca-respetar-determinacion-del-comite-de-manejo-regional-del-erizo","status":"publish","type":"post","link":"https:\/\/radiorevelacionfm.cl\/?p=3828","title":{"rendered":"Solicitan a la subsecretar\u00eda de Pesca respetar determinaci\u00f3n del Comit\u00e9 de Manejo Regional del Erizo"},"content":{"rendered":"<div class=\"flex_column av_one_full  flex_column_div av-zero-column-padding first  avia-builder-el-0  el_before_av_one_full  avia-builder-el-first  \" style='border-radius:0px; '><div  class='avia-image-container  av-styling-    avia-builder-el-1  avia-builder-el-no-sibling  avia-align-center '  itemprop=\"image\" itemscope=\"itemscope\" itemtype=\"https:\/\/schema.org\/ImageObject\"  ><div class='avia-image-container-inner'><div class='avia-image-overlay-wrap'><img decoding=\"async\" class='wp-image-3829 avia-img-lazy-loading-not-3829 avia_image' src=\"https:\/\/radiorevelacionfm.cl\/wp-content\/uploads\/2021\/05\/erizos-11.jpg\" alt='' title='erizos-1(1)' height=\"600\" width=\"910\"  itemprop=\"thumbnailUrl\" srcset=\"https:\/\/radiorevelacionfm.cl\/wp-content\/uploads\/2021\/05\/erizos-11.jpg 910w, https:\/\/radiorevelacionfm.cl\/wp-content\/uploads\/2021\/05\/erizos-11-300x198.jpg 300w, https:\/\/radiorevelacionfm.cl\/wp-content\/uploads\/2021\/05\/erizos-11-768x506.jpg 768w, https:\/\/radiorevelacionfm.cl\/wp-content\/uploads\/2021\/05\/erizos-11-705x465.jpg 705w, https:\/\/radiorevelacionfm.cl\/wp-content\/uploads\/2021\/05\/erizos-11-600x396.jpg 600w\" sizes=\"(max-width: 910px) 100vw, 910px\" \/><\/div><\/div><\/div><\/div><div class=\"flex_column av_one_full  flex_column_div av-zero-column-padding first  avia-builder-el-2  el_after_av_one_full  el_before_av_one_full  column-top-margin\" style='border-radius:0px; '><section class=\"av_textblock_section \"  itemscope=\"itemscope\" itemtype=\"https:\/\/schema.org\/BlogPosting\" itemprop=\"blogPost\" ><div class='avia_textblock  '   itemprop=\"text\" ><p style=\"text-align: center;\"><strong><span style=\"font-size: 18pt;\">Solicitan a la subsecretar\u00eda de Pesca respetar determinaci\u00f3n del Comit\u00e9 de Manejo Regional del Erizo<\/span><\/strong><\/p>\n<div id=\"gtx-trans\" style=\"position: absolute; left: -50px; top: 4.31534px;\">\n<div class=\"gtx-trans-icon\"><\/div>\n<\/div>\n<\/div><\/section><\/div><div class=\"flex_column av_one_full  flex_column_div av-zero-column-padding first  avia-builder-el-4  el_after_av_one_full  el_before_av_hr  column-top-margin\" style='border-radius:0px; '><section class=\"av_textblock_section \"  itemscope=\"itemscope\" itemtype=\"https:\/\/schema.org\/BlogPosting\" itemprop=\"blogPost\" ><div class='avia_textblock  '   itemprop=\"text\" ><p class=\"v1MsoNormal\" style=\"text-align: justify;\"><span lang=\"ES-MX\">Una redistribuci\u00f3n de la cuota de extracci\u00f3n del recurso erizo 2021 determinada por la Subsecretar\u00eda de Pesca y Acuicultura para las regiones de Los Lagos y Ays\u00e9n, solicit\u00f3 el consejero Rodrigo Araya Morales, con respaldo un\u00e1nime del Consejo Regional de Ays\u00e9n.<\/span><\/p>\n<p class=\"v1MsoNormal\" style=\"text-align: justify;\"><span lang=\"ES-MX\">Ello tras conocerse la Resoluci\u00f3n Exenta N\u00b01193 firmada por la subsecretaria Alicia Gallardo, que establece 14.000 toneladas como cuota de extracci\u00f3n 2021 de erizo para ambas regiones, con 8.600 toneladas para Los Lagos y 5.320 para Ays\u00e9n.<\/span><\/p>\n<p class=\"v1MsoNormal\" style=\"text-align: justify;\"><span lang=\"ES-MX\">Araya recalc\u00f3 que esta distribuci\u00f3n desestima lo recomendado por el Comit\u00e9 de Manejo Regional del Recurso Erizo desde el a\u00f1o 2019, considerando antecedentes oficiales en torno al estado poblacional del recurso, par\u00e1metros productivos, tallas, evaluaci\u00f3n de stock y pesca ilegal.<\/span><\/p>\n<p class=\"v1MsoNormal\" style=\"text-align: justify;\"><span lang=\"ES-MX\">Recalc\u00f3 que alrededor de un 50% de los desembarques mundiales de esta pesquer\u00eda provienen de costas chilenas y, en el caso de la macrozona Los Lagos-Ays\u00e9n, la mayor parte del recurso se obtiene desde el litoral aysenino.<\/span><\/p>\n<p class=\"v1MsoNormal\" style=\"text-align: justify;\"><span lang=\"ES-MX\">\u00abEs totalmente atendible lo solicitado por los representantes de la pesquer\u00eda\u00a0 en el Comit\u00e9 de Manejo Regional del Recurso Erizo, ya que la mayor\u00eda del recurso que se extrae en la macrozona proviene de la Regi\u00f3n de Ays\u00e9n. Se estima, a lo menos, el 60% del total\u00bb, puntualiz\u00f3.<\/span><\/p>\n<p class=\"v1MsoNormal\" style=\"text-align: justify;\"><span lang=\"ES-MX\">La solicitud es que se redistribuya a la brevedad la cuota de extracci\u00f3n 2021, asignando 8.400 toneladas para los pescadores bent\u00f3nicos de Ays\u00e9n.<\/span><\/p>\n<p class=\"v1MsoNormal\" style=\"text-align: justify;\"><span lang=\"ES-MX\">\u00abSe solicita a la Subsecretar\u00eda de Pesca y Acuicultura modifique la distribuci\u00f3n de la cuota de extracci\u00f3n del recurso erizo, seg\u00fan la recomendaci\u00f3n t\u00e9cnica del Comit\u00e9 Cient\u00edfico Bent\u00f3nico, que han recomendado en los dos \u00faltimos a\u00f1os un fraccionamiento diferente a lo finalmente resuelto por la subsecretar\u00eda, espec\u00edficamente, para este a\u00f1o 2021, una cuota de 8.400 toneladas para la Regi\u00f3n de Ays\u00e9n\u00bb, indic\u00f3.<\/span><\/p>\n<p class=\"v1MsoNormal\" style=\"text-align: justify;\"><span lang=\"ES-MX\">La petici\u00f3n est\u00e1 dirigida al Ministerio de Econom\u00eda y a la subsecretar\u00eda de Pesca y Acuicultura, buscando resguardar la sustentabilidad del recurso, evitar su sobreexplotaci\u00f3n y cautelar los derechos de los pescadores bent\u00f3nicos de la Regi\u00f3n de Ays\u00e9n.<\/span><\/p>\n<\/div><\/section><\/div><div  style='height:50px' class='hr hr-invisible   avia-builder-el-6  el_after_av_one_full  el_before_av_social_share '><span class='hr-inner ' ><span class='hr-inner-style'><\/span><\/span><\/div><\/p>\n<div  class='av-social-sharing-box  avia-builder-el-7  el_after_av_hr  el_before_av_hr  '><div class='av-share-box'><h5 class='av-share-link-description av-no-toc '>Compartir esta noticia<\/h5><ul class='av-share-box-list noLightbox'><li class='av-share-link av-social-link-facebook' ><a target=\"_blank\" aria-label=\"Compartir en Facebook\" href='https:\/\/www.facebook.com\/sharer.php?u=https:\/\/radiorevelacionfm.cl\/?p=3828&#038;t=Solicitan%20a%20la%20subsecretar%C3%ADa%20de%20Pesca%20respetar%20determinaci%C3%B3n%20del%20Comit%C3%A9%20de%20Manejo%20Regional%20del%20Erizo' aria-hidden='false' data-av_icon='\ue8f3' data-av_iconfont='entypo-fontello' title='' data-avia-related-tooltip='Compartir en Facebook' rel=\"noopener\"><span class='avia_hidden_link_text'>Compartir en Facebook<\/span><\/a><\/li><li class='av-share-link av-social-link-twitter' ><a target=\"_blank\" aria-label=\"Compartir en Twitter\" href='https:\/\/twitter.com\/share?text=Solicitan%20a%20la%20subsecretar%C3%ADa%20de%20Pesca%20respetar%20determinaci%C3%B3n%20del%20Comit%C3%A9%20de%20Manejo%20Regional%20del%20Erizo&#038;url=https:\/\/radiorevelacionfm.cl\/?p=3828' aria-hidden='false' data-av_icon='\ue8f1' data-av_iconfont='entypo-fontello' title='' data-avia-related-tooltip='Compartir en Twitter' rel=\"noopener\"><span class='avia_hidden_link_text'>Compartir en Twitter<\/span><\/a><\/li><li class='av-share-link av-social-link-whatsapp' ><a target=\"_blank\" aria-label=\"Compartir en Whatsapp\" href='https:\/\/api.whatsapp.com\/send?text=https:\/\/radiorevelacionfm.cl\/?p=3828' aria-hidden='false' data-av_icon='\uf232' data-av_iconfont='entypo-fontello' title='' data-avia-related-tooltip='Compartir en Whatsapp' rel=\"noopener\"><span class='avia_hidden_link_text'>Compartir en Whatsapp<\/span><\/a><\/li><li class='av-share-link av-social-link-linkedin' ><a target=\"_blank\" aria-label=\"Compartir en LinkedIn\" href='https:\/\/linkedin.com\/shareArticle?mini=true&#038;title=Solicitan%20a%20la%20subsecretar%C3%ADa%20de%20Pesca%20respetar%20determinaci%C3%B3n%20del%20Comit%C3%A9%20de%20Manejo%20Regional%20del%20Erizo&#038;url=https:\/\/radiorevelacionfm.cl\/?p=3828' aria-hidden='false' data-av_icon='\ue8fc' data-av_iconfont='entypo-fontello' title='' data-avia-related-tooltip='Compartir en LinkedIn' rel=\"noopener\"><span class='avia_hidden_link_text'>Compartir en LinkedIn<\/span><\/a><\/li><li class='av-share-link av-social-link-mail' ><a  aria-label=\"Compartir por correo\" href='mailto:?subject=Solicitan%20a%20la%20subsecretar%C3%ADa%20de%20Pesca%20respetar%20determinaci%C3%B3n%20del%20Comit%C3%A9%20de%20Manejo%20Regional%20del%20Erizo&#038;body=https:\/\/radiorevelacionfm.cl\/?p=3828' aria-hidden='false' data-av_icon='\ue805' data-av_iconfont='entypo-fontello' title='' data-avia-related-tooltip='Compartir por correo'><span class='avia_hidden_link_text'>Compartir por correo<\/span><\/a><\/li><\/ul><\/div><\/div>\n<div  style='height:50px' class='hr hr-invisible   avia-builder-el-8  el_after_av_social_share  el_before_av_comments_list '><span class='hr-inner ' ><span class='hr-inner-style'><\/span><\/span><\/div>\n<div  class='av-buildercomment  av-blog-meta-html-info-disabled av-blog-meta-tag-disabled  '><\/div>\n","protected":false},"excerpt":{"rendered":"","protected":false},"author":1,"featured_media":3829,"comment_status":"open","ping_status":"open","sticky":false,"template":"","format":"standard","meta":{"footnotes":""},"categories":[60,38],"tags":[],"class_list":["post-3828","post","type-post","status-publish","format-standard","has-post-thumbnail","hentry","category-pesca","category-regional"],"jetpack_featured_media_url":"https:\/\/radiorevelacionfm.cl\/wp-content\/uploads\/2021\/05\/erizos-11.jpg","_links":{"self":[{"href":"https:\/\/radiorevelacionfm.cl\/index.php?rest_route=\/wp\/v2\/posts\/3828","targetHints":{"allow":["GET"]}}],"collection":[{"href":"https:\/\/radiorevelacionfm.cl\/index.php?rest_route=\/wp\/v2\/posts"}],"about":[{"href":"https:\/\/radiorevelacionfm.cl\/index.php?rest_route=\/wp\/v2\/types\/post"}],"author":[{"embeddable":true,"href":"https:\/\/radiorevelacionfm.cl\/index.php?rest_route=\/wp\/v2\/users\/1"}],"replies":[{"embeddable":true,"href":"https:\/\/radiorevelacionfm.cl\/index.php?rest_route=%2Fwp%2Fv2%2Fcomments&post=3828"}],"version-history":[{"count":1,"href":"https:\/\/radiorevelacionfm.cl\/index.php?rest_route=\/wp\/v2\/posts\/3828\/revisions"}],"predecessor-version":[{"id":3830,"href":"https:\/\/radiorevelacionfm.cl\/index.php?rest_route=\/wp\/v2\/posts\/3828\/revisions\/3830"}],"wp:featuredmedia":[{"embeddable":true,"href":"https:\/\/radiorevelacionfm.cl\/index.php?rest_route=\/wp\/v2\/media\/3829"}],"wp:attachment":[{"href":"https:\/\/radiorevelacionfm.cl\/index.php?rest_route=%2Fwp%2Fv2%2Fmedia&parent=3828"}],"wp:term":[{"taxonomy":"category","embeddable":true,"href":"https:\/\/radiorevelacionfm.cl\/index.php?rest_route=%2Fwp%2Fv2%2Fcategories&post=3828"},{"taxonomy":"post_tag","embeddable":true,"href":"https:\/\/radiorevelacionfm.cl\/index.php?rest_route=%2Fwp%2Fv2%2Ftags&post=3828"}],"curies":[{"name":"wp","href":"https:\/\/api.w.org\/{rel}","templated":true}]}}