{"id":38279,"date":"2023-12-22T16:28:37","date_gmt":"2023-12-22T19:28:37","guid":{"rendered":"https:\/\/radiorevelacionfm.cl\/?p=38279"},"modified":"2023-12-22T16:28:37","modified_gmt":"2023-12-22T19:28:37","slug":"concretan-proyecto-de-luminarias-y-camaras-de-tele-vigilancia-en-parque-municipal-de-puerto-aysen","status":"publish","type":"post","link":"https:\/\/radiorevelacionfm.cl\/?p=38279","title":{"rendered":"Concretan proyecto de luminarias y c\u00e1maras de tele  vigilancia en Parque Municipal de Puerto Ays\u00e9n"},"content":{"rendered":"<div class=\"flex_column av_one_full  flex_column_div av-zero-column-padding first  avia-builder-el-0  el_before_av_one_full  avia-builder-el-first  \" style='border-radius:0px; '><div  class='avia-image-container  av-styling-    avia-builder-el-1  avia-builder-el-no-sibling  avia-align-center '  itemprop=\"image\" itemscope=\"itemscope\" itemtype=\"https:\/\/schema.org\/ImageObject\"  ><div class='avia-image-container-inner'><div class='avia-image-overlay-wrap'><img decoding=\"async\" class='wp-image-38280 avia-img-lazy-loading-not-38280 avia_image' src=\"https:\/\/radiorevelacionfm.cl\/wp-content\/uploads\/2023\/12\/IMG-20231222-WA0015-1-1.jpg\" alt='' title='IMG-20231222-WA0015 (1) (1)' height=\"600\" width=\"800\"  itemprop=\"thumbnailUrl\" srcset=\"https:\/\/radiorevelacionfm.cl\/wp-content\/uploads\/2023\/12\/IMG-20231222-WA0015-1-1.jpg 800w, https:\/\/radiorevelacionfm.cl\/wp-content\/uploads\/2023\/12\/IMG-20231222-WA0015-1-1-300x225.jpg 300w, https:\/\/radiorevelacionfm.cl\/wp-content\/uploads\/2023\/12\/IMG-20231222-WA0015-1-1-768x576.jpg 768w, https:\/\/radiorevelacionfm.cl\/wp-content\/uploads\/2023\/12\/IMG-20231222-WA0015-1-1-705x529.jpg 705w, https:\/\/radiorevelacionfm.cl\/wp-content\/uploads\/2023\/12\/IMG-20231222-WA0015-1-1-450x338.jpg 450w, https:\/\/radiorevelacionfm.cl\/wp-content\/uploads\/2023\/12\/IMG-20231222-WA0015-1-1-600x450.jpg 600w\" sizes=\"(max-width: 800px) 100vw, 800px\" \/><\/div><\/div><\/div><\/div><div class=\"flex_column av_one_full  flex_column_div av-zero-column-padding first  avia-builder-el-2  el_after_av_one_full  el_before_av_one_full  column-top-margin\" style='border-radius:0px; '><section class=\"av_textblock_section \"  itemscope=\"itemscope\" itemtype=\"https:\/\/schema.org\/BlogPosting\" itemprop=\"blogPost\" ><div class='avia_textblock  '   itemprop=\"text\" ><p style=\"text-align: center;\"><span style=\"font-size: 18pt;\"><strong>Concretan proyecto de luminarias y c\u00e1maras de tele \u00a0vigilancia en Parque Municipal de Puerto Ays\u00e9n<\/strong><\/span><\/p>\n<div id=\"gtx-trans\" style=\"position: absolute; left: -50px; top: 4.31534px;\">\n<div class=\"gtx-trans-icon\"><\/div>\n<\/div>\n<\/div><\/section><\/div><div class=\"flex_column av_one_full  flex_column_div av-zero-column-padding first  avia-builder-el-4  el_after_av_one_full  el_before_av_hr  column-top-margin\" style='border-radius:0px; '><section class=\"av_textblock_section \"  itemscope=\"itemscope\" itemtype=\"https:\/\/schema.org\/BlogPosting\" itemprop=\"blogPost\" ><div class='avia_textblock  '   itemprop=\"text\" ><p style=\"text-align: justify;\">Un sistema de c\u00e1maras de tele vigilancia y luminarias,\u00a0 cuyo objetivo es garantizar\u00a0 la seguridad\u00a0 de las personas, la persecuci\u00f3n efectiva de los delitos y la disuasi\u00f3n de los mismos, fue inaugurado\u00a0 recientemente en el \u201cParque Municipal Isla D\u00edaz\u201d, de la ciudad de Puerto Ays\u00e9n.<\/p>\n<p style=\"text-align: justify;\">La concreci\u00f3n del proyecto de seguridad y prevenci\u00f3n p\u00fablica, cuya inversi\u00f3n alcanza los 75 millones de pesos,\u00a0 fue posible gracias\u00a0 a un convenio entre la Ilustre Municipalidad de Ays\u00e9n, la Subsecretar\u00eda de Prevenci\u00f3n del Delito y la Subsecretar\u00eda de Desarrollo Regional.<\/p>\n<p style=\"text-align: justify;\">Para el Alcalde de la comuna de Ays\u00e9n, Julio Uribe, este avance constituye el resultado de un trabajo mancomunado entre las instituciones p\u00fablicas, debido a que \u201csomos en la actualidad, el \u00fanico municipio de la regi\u00f3n que cuenta con una central de tele vigilancia, monitoreada las 24 horas del d\u00eda por nuestro personal de seguridad, lo que nos ha permitido esclarecer muchos delitos. De modo que est\u00e1n todos invitados a nuestro parque municipal para apreciar la nueva infraestructura disponible, la\u00a0 que estar\u00e1 siendo bien vigilada por nuestra Direcci\u00f3n de Seguridad P\u00fablica\u201d, indic\u00f3.<\/p>\n<p style=\"text-align: justify;\">El proyecto de inversi\u00f3n p\u00fablica contempl\u00f3 la instalaci\u00f3n y funcionamiento de 30 luminarias y 11 c\u00e1maras de\u00a0\u00a0 tele vigilancia que ser\u00e1n monitoreadas desde una central instalada en el municipio local.<\/p>\n<p style=\"text-align: justify;\">\u00a0Al respecto, el Delegado Presidencial \u00a0Provincial de Ays\u00e9n, Jorge D\u00edaz Guzm\u00e1n, \u00a0\u00a0puso de relieve el esfuerzo de las instituciones del Estado para materializar este anhelado proyecto, recalcando que \u201cpara nuestro Gobierno, el combate frontal a la delincuencia y las incivilidades, constituye una prioridad\u00a0\u00a0 en la implementaci\u00f3n de pol\u00edticas p\u00fablicas. Por ende, aqu\u00ed est\u00e1n invertidos los recursos para que las personas que visitan este hermoso lugar de la ciudad, que ahora cuenta con c\u00e1maras de tele vigilancia y sistema de\u00a0 iluminaci\u00f3n, se sientan m\u00e1s seguras,\u00a0 aportando\u00a0\u00a0 a la buena convivencia de los vecinos y tambi\u00e9n al desarrollo del turismo en esta zona\u201d, agreg\u00f3.<\/p>\n<p style=\"text-align: justify;\">En tanto, la Coordinadora Regional de la Subsecretar\u00eda de Prevenci\u00f3n del Delito, Camila Covarrubias, precis\u00f3 que \u201ceste es un gran avance y beneficio para la comunidad de Ays\u00e9n en su conjunto, nos permitir\u00e1 prevenir factores situacionales con iluminaci\u00f3n en horarios nocturnos, disuasi\u00f3n de delitos y persecuci\u00f3n efectiva de los mismos a trav\u00e9s de las c\u00e1maras de tele vigilancia\u201d, concluy\u00f3.<\/p>\n<p style=\"text-align: justify;\">En la misma l\u00ednea, el Director Regional de la Subsecretar\u00eda de Desarrollo Regional Guillermo Mart\u00ednez, enfatiz\u00f3 en el hecho que \u201ca trav\u00e9s de estos proyectos se logra bajar la sensaci\u00f3n de inseguridad por parte de la poblaci\u00f3n, gracias al trabajo conjunto de entidades como el municipio, la Subsecretar\u00eda de Prevenci\u00f3n del Delito y SUBDERE,\u00a0 que suscribieron el presente convenio de colaboraci\u00f3n\u201d, a\u00f1adi\u00f3.<\/p>\n<\/div><\/section><\/div><div  style='height:50px' class='hr hr-invisible   avia-builder-el-6  el_after_av_one_full  el_before_av_social_share '><span class='hr-inner ' ><span class='hr-inner-style'><\/span><\/span><\/div><\/p>\n<div  class='av-social-sharing-box  avia-builder-el-7  el_after_av_hr  el_before_av_hr  '><div class='av-share-box'><h5 class='av-share-link-description av-no-toc '>Compartir esta noticia<\/h5><ul class='av-share-box-list noLightbox'><li class='av-share-link av-social-link-facebook' ><a target=\"_blank\" aria-label=\"Compartir en Facebook\" href='https:\/\/www.facebook.com\/sharer.php?u=https:\/\/radiorevelacionfm.cl\/?p=38279&#038;t=Concretan%20proyecto%20de%20luminarias%20y%20c%C3%A1maras%20de%20tele%20%20vigilancia%20en%20Parque%20Municipal%20de%20Puerto%20Ays%C3%A9n' aria-hidden='false' data-av_icon='\ue8f3' data-av_iconfont='entypo-fontello' title='' data-avia-related-tooltip='Compartir en Facebook' rel=\"noopener\"><span class='avia_hidden_link_text'>Compartir en Facebook<\/span><\/a><\/li><li class='av-share-link av-social-link-twitter' ><a target=\"_blank\" aria-label=\"Compartir en Twitter\" href='https:\/\/twitter.com\/share?text=Concretan%20proyecto%20de%20luminarias%20y%20c%C3%A1maras%20de%20tele%20%20vigilancia%20en%20Parque%20Municipal%20de%20Puerto%20Ays%C3%A9n&#038;url=https:\/\/radiorevelacionfm.cl\/?p=38279' aria-hidden='false' data-av_icon='\ue8f1' data-av_iconfont='entypo-fontello' title='' data-avia-related-tooltip='Compartir en Twitter' rel=\"noopener\"><span class='avia_hidden_link_text'>Compartir en Twitter<\/span><\/a><\/li><li class='av-share-link av-social-link-whatsapp' ><a target=\"_blank\" aria-label=\"Compartir en Whatsapp\" href='https:\/\/api.whatsapp.com\/send?text=https:\/\/radiorevelacionfm.cl\/?p=38279' aria-hidden='false' data-av_icon='\uf232' data-av_iconfont='entypo-fontello' title='' data-avia-related-tooltip='Compartir en Whatsapp' rel=\"noopener\"><span class='avia_hidden_link_text'>Compartir en Whatsapp<\/span><\/a><\/li><li class='av-share-link av-social-link-linkedin' ><a target=\"_blank\" aria-label=\"Compartir en LinkedIn\" href='https:\/\/linkedin.com\/shareArticle?mini=true&#038;title=Concretan%20proyecto%20de%20luminarias%20y%20c%C3%A1maras%20de%20tele%20%20vigilancia%20en%20Parque%20Municipal%20de%20Puerto%20Ays%C3%A9n&#038;url=https:\/\/radiorevelacionfm.cl\/?p=38279' aria-hidden='false' data-av_icon='\ue8fc' data-av_iconfont='entypo-fontello' title='' data-avia-related-tooltip='Compartir en LinkedIn' rel=\"noopener\"><span class='avia_hidden_link_text'>Compartir en LinkedIn<\/span><\/a><\/li><li class='av-share-link av-social-link-mail' ><a  aria-label=\"Compartir por correo\" href='mailto:?subject=Concretan%20proyecto%20de%20luminarias%20y%20c%C3%A1maras%20de%20tele%20%20vigilancia%20en%20Parque%20Municipal%20de%20Puerto%20Ays%C3%A9n&#038;body=https:\/\/radiorevelacionfm.cl\/?p=38279' aria-hidden='false' data-av_icon='\ue805' data-av_iconfont='entypo-fontello' title='' data-avia-related-tooltip='Compartir por correo'><span class='avia_hidden_link_text'>Compartir por correo<\/span><\/a><\/li><\/ul><\/div><\/div>\n<div  style='height:50px' class='hr hr-invisible   avia-builder-el-8  el_after_av_social_share  el_before_av_comments_list '><span class='hr-inner ' ><span class='hr-inner-style'><\/span><\/span><\/div>\n<div  class='av-buildercomment  av-blog-meta-html-info-disabled av-blog-meta-tag-disabled  '><\/div>\n","protected":false},"excerpt":{"rendered":"","protected":false},"author":1,"featured_media":38280,"comment_status":"open","ping_status":"open","sticky":false,"template":"","format":"standard","meta":{"footnotes":""},"categories":[38],"tags":[],"class_list":["post-38279","post","type-post","status-publish","format-standard","has-post-thumbnail","hentry","category-regional"],"jetpack_featured_media_url":"https:\/\/radiorevelacionfm.cl\/wp-content\/uploads\/2023\/12\/IMG-20231222-WA0015-1-1.jpg","_links":{"self":[{"href":"https:\/\/radiorevelacionfm.cl\/index.php?rest_route=\/wp\/v2\/posts\/38279","targetHints":{"allow":["GET"]}}],"collection":[{"href":"https:\/\/radiorevelacionfm.cl\/index.php?rest_route=\/wp\/v2\/posts"}],"about":[{"href":"https:\/\/radiorevelacionfm.cl\/index.php?rest_route=\/wp\/v2\/types\/post"}],"author":[{"embeddable":true,"href":"https:\/\/radiorevelacionfm.cl\/index.php?rest_route=\/wp\/v2\/users\/1"}],"replies":[{"embeddable":true,"href":"https:\/\/radiorevelacionfm.cl\/index.php?rest_route=%2Fwp%2Fv2%2Fcomments&post=38279"}],"version-history":[{"count":1,"href":"https:\/\/radiorevelacionfm.cl\/index.php?rest_route=\/wp\/v2\/posts\/38279\/revisions"}],"predecessor-version":[{"id":38281,"href":"https:\/\/radiorevelacionfm.cl\/index.php?rest_route=\/wp\/v2\/posts\/38279\/revisions\/38281"}],"wp:featuredmedia":[{"embeddable":true,"href":"https:\/\/radiorevelacionfm.cl\/index.php?rest_route=\/wp\/v2\/media\/38280"}],"wp:attachment":[{"href":"https:\/\/radiorevelacionfm.cl\/index.php?rest_route=%2Fwp%2Fv2%2Fmedia&parent=38279"}],"wp:term":[{"taxonomy":"category","embeddable":true,"href":"https:\/\/radiorevelacionfm.cl\/index.php?rest_route=%2Fwp%2Fv2%2Fcategories&post=38279"},{"taxonomy":"post_tag","embeddable":true,"href":"https:\/\/radiorevelacionfm.cl\/index.php?rest_route=%2Fwp%2Fv2%2Ftags&post=38279"}],"curies":[{"name":"wp","href":"https:\/\/api.w.org\/{rel}","templated":true}]}}