{"id":38276,"date":"2023-12-22T15:06:10","date_gmt":"2023-12-22T18:06:10","guid":{"rendered":"https:\/\/radiorevelacionfm.cl\/?p=38276"},"modified":"2023-12-22T15:06:10","modified_gmt":"2023-12-22T18:06:10","slug":"censo-de-poblacion-y-vivienda-2024-sera-de-derecho-y-se-efectuara-entre-marzo-y-junio-del-proximo-ano","status":"publish","type":"post","link":"https:\/\/radiorevelacionfm.cl\/?p=38276","title":{"rendered":"CENSO de poblaci\u00f3n y vivienda 2024 ser\u00e1 de derecho y se efectuar\u00e1 entre marzo y junio del pr\u00f3ximo a\u00f1o"},"content":{"rendered":"<div class=\"flex_column av_one_full  flex_column_div av-zero-column-padding first  avia-builder-el-0  el_before_av_one_full  avia-builder-el-first  \" style='border-radius:0px; '><div  class='avia-image-container  av-styling-    avia-builder-el-1  avia-builder-el-no-sibling  avia-align-center '  itemprop=\"image\" itemscope=\"itemscope\" itemtype=\"https:\/\/schema.org\/ImageObject\"  ><div class='avia-image-container-inner'><div class='avia-image-overlay-wrap'><img decoding=\"async\" class='wp-image-38277 avia-img-lazy-loading-not-38277 avia_image' src=\"https:\/\/radiorevelacionfm.cl\/wp-content\/uploads\/2023\/12\/FOTO-CENSISTA-1-1.jpg\" alt='' title='FOTO CENSISTA (1) (1)' height=\"600\" width=\"900\"  itemprop=\"thumbnailUrl\" srcset=\"https:\/\/radiorevelacionfm.cl\/wp-content\/uploads\/2023\/12\/FOTO-CENSISTA-1-1.jpg 900w, https:\/\/radiorevelacionfm.cl\/wp-content\/uploads\/2023\/12\/FOTO-CENSISTA-1-1-300x200.jpg 300w, https:\/\/radiorevelacionfm.cl\/wp-content\/uploads\/2023\/12\/FOTO-CENSISTA-1-1-768x512.jpg 768w, https:\/\/radiorevelacionfm.cl\/wp-content\/uploads\/2023\/12\/FOTO-CENSISTA-1-1-705x470.jpg 705w, https:\/\/radiorevelacionfm.cl\/wp-content\/uploads\/2023\/12\/FOTO-CENSISTA-1-1-450x300.jpg 450w, https:\/\/radiorevelacionfm.cl\/wp-content\/uploads\/2023\/12\/FOTO-CENSISTA-1-1-600x400.jpg 600w\" sizes=\"(max-width: 900px) 100vw, 900px\" \/><\/div><\/div><\/div><\/div><div class=\"flex_column av_one_full  flex_column_div av-zero-column-padding first  avia-builder-el-2  el_after_av_one_full  el_before_av_one_full  column-top-margin\" style='border-radius:0px; '><section class=\"av_textblock_section \"  itemscope=\"itemscope\" itemtype=\"https:\/\/schema.org\/BlogPosting\" itemprop=\"blogPost\" ><div class='avia_textblock  '   itemprop=\"text\" ><p style=\"text-align: center;\"><span style=\"font-size: 18pt;\"><strong>CENSO de poblaci\u00f3n y vivienda 2024 ser\u00e1 de derecho y se efectuar\u00e1 entre marzo y junio del pr\u00f3ximo a\u00f1o <\/strong><\/span><\/p>\n<div id=\"gtx-trans\" style=\"position: absolute; left: -50px; top: 4.31534px;\">\n<div class=\"gtx-trans-icon\"><\/div>\n<\/div>\n<\/div><\/section><\/div><div class=\"flex_column av_one_full  flex_column_div av-zero-column-padding first  avia-builder-el-4  el_after_av_one_full  el_before_av_hr  column-top-margin\" style='border-radius:0px; '><section class=\"av_textblock_section \"  itemscope=\"itemscope\" itemtype=\"https:\/\/schema.org\/BlogPosting\" itemprop=\"blogPost\" ><div class='avia_textblock  '   itemprop=\"text\" ><p style=\"text-align: justify;\"><em>Las postulaciones para ser censista se recibir\u00e1n desde este 20 de diciembre hasta el viernes 12 de enero, a trav\u00e9s del portal\u00a0<\/em><a href=\"http:\/\/www.censo2024.cl\/\"><em>censo2024.cl<\/em><\/a><em>. El sueldo por mes completo ascender\u00e1 a $750.000.- bruto, con un contrato a honorario que partir\u00e1 a inicio de marzo.<\/em><\/p>\n<p style=\"text-align: justify;\"><em>En Ays\u00e9n, se dispone de 194 cupos laborales para el cargo de censistas. <\/em><\/p>\n<p style=\"text-align: justify;\">El Censo de Poblaci\u00f3n y Vivienda que Chile realizar\u00e1 entre marzo y junio de 2024 entregar\u00e1 informaci\u00f3n sociodemogr\u00e1fica actualizada sobre el tama\u00f1o de la poblaci\u00f3n, su estructura, caracter\u00edsticas y distribuci\u00f3n territorial, as\u00ed como de los hogares y las viviendas existentes en el pa\u00eds, lo que permitir\u00e1 identificar la forma en que ha cambiado el pa\u00eds luego de la pandemia y de los flujos migratorios internos y externos de los \u00faltimos a\u00f1os. En otras palabras, permitir\u00e1 saber cu\u00e1ntos somos, d\u00f3nde y c\u00f3mo vivimos.<\/p>\n<p style=\"text-align: justify;\">Esa informaci\u00f3n ser\u00e1 clave para, por ejemplo, detectar necesidades de infraestructura y servicios sociales como consultorios, escuelas, caminos, entre otros; determinar aquellas localidades sin acceso a servicios b\u00e1sicos, medir el d\u00e9ficit habitacional y focalizar las pol\u00edticas de subsidios habitacionales en las zonas m\u00e1s necesitadas, junto con efectuar la implementaci\u00f3n log\u00edstica de pol\u00edticas sanitarias masivas como las vacunaciones.<\/p>\n<p style=\"text-align: justify;\">Para proporcionar mayor seguridad tanto hacia el personal que trabajar\u00e1 en terreno como hacia la poblaci\u00f3n que ser\u00e1 censada, el INE ha coordinado el apoyo de Carabineros, PDI y Fuerzas Armadas, y de autoridades nacionales, regionales y comunales encargadas de la materia.<\/p>\n<p style=\"text-align: justify;\">Junto con ello, las y los censistas vestir\u00e1n un uniforme institucional del Censo 2024 y portar\u00e1n una credencial con un c\u00f3digo QR con el cual se podr\u00e1 verificar la identidad de la persona. Para tranquilidad de la poblaci\u00f3n, en este censo no ser\u00e1 necesario que el personal del INE ingrese a las viviendas para aplicar el cuestionario, ya que se deber\u00e1 responder desde la puerta.<\/p>\n<p style=\"text-align: justify;\">En este contexto, el director del Instituto Nacional de Estad\u00edsticas, INE, Ays\u00e9n, Danilo Pavez, \u00a0hace un llamado a la comunidad a postular y ser parte del pr\u00f3ximo Censo de poblaci\u00f3n y Vivienda 2024. \u201cLa idea es poder interiorizarse en qu\u00e9 consisten las fuentes de trabajo que est\u00e1n disponibles en la p\u00e1gina web <a href=\"http:\/\/www.censo2024.cl\/\"><em>www.censo2024.cl<\/em><\/a> y junto a ello, ser parte \u00a0de este proyecto pa\u00eds que nos ayudar\u00e1 a conocer las caracter\u00edsticas de Chile.<\/p>\n<p style=\"text-align: justify;\"><strong>Parten las postulaciones para censistas<\/strong><\/p>\n<p style=\"text-align: justify;\">Dado que el Censo 2024 ser\u00e1 entre marzo y junio deber\u00e1 contar con personal en terreno contratado. De las cerca de 30.000 personas que se necesitar\u00e1n, m\u00e1s de 24.000 corresponden al cargo de censista.<\/p>\n<p style=\"text-align: justify;\">En la regi\u00f3n de Ays\u00e9n, se dispone de 194 cupos laborales para este cargo.<\/p>\n<p style=\"text-align: justify;\">Las y los censistas son las y los encargados de censar a todas las personas, hogares y viviendas del pa\u00eds, en estricto respeto del Secreto Estad\u00edstico que debe cumplir el INE y de los protocolos de Censo 2024.<\/p>\n<p style=\"text-align: justify;\">Las postulaciones para ser censista se recibir\u00e1n desde este 20 de diciembre hasta el viernes 12 de enero, a trav\u00e9s del portal\u00a0<a href=\"http:\/\/www.censo2024.cl\/\">www.censo2024.cl<\/a>. El sueldo por mes completo ascender\u00e1 a $750.000.- bruto, con un contrato a honorario que partir\u00e1 a inicio de marzo.<\/p>\n<p style=\"text-align: justify;\">Si bien no es un requisito poseer experiencia laboral, para ser censista es deseable tener Licencia de Ense\u00f1anza Media y experiencia como examinador(a) de pruebas, encuestador(a) o censista, adem\u00e1s de saber usar dispositivos m\u00f3viles.<\/p>\n<p style=\"text-align: justify;\">Recordar que tambi\u00e9n desde el 6 de diciembre del 2023 y hasta el 28, est\u00e1 abierta la postulaci\u00f3n del cargo \u201cCoordinador\/a de Grupo de Censistas\u201d que tiene la finalidad de liderar el equipo de censistas a su cargo, asegurando censar todas las viviendas y la poblaci\u00f3n que reside en su \u00e1rea asignada, cumpliendo con los est\u00e1ndares t\u00e9cnicos y operativos definidos por el proyecto Censo de Poblaci\u00f3n y Vivienda 2024.<\/p>\n<p style=\"text-align: justify;\">En Ays\u00e9n existen 32 cupos disponibles distribuidos entre las diez comunas de la regi\u00f3n y se postula tambi\u00e9n a trav\u00e9s de la p\u00e1gina <a href=\"http:\/\/www.censo2024.cl\/\">www.censo2024.cl<\/a><\/p>\n<p style=\"text-align: justify;\">Para consultas sobre el proceso de postulaci\u00f3n, existe un fono Censo: 1525 para que las y los interesados pueden informarse del proceso.<\/p>\n<\/div><\/section><\/div><div  style='height:50px' class='hr hr-invisible   avia-builder-el-6  el_after_av_one_full  el_before_av_social_share '><span class='hr-inner ' ><span class='hr-inner-style'><\/span><\/span><\/div><\/p>\n<div  class='av-social-sharing-box  avia-builder-el-7  el_after_av_hr  el_before_av_hr  '><div class='av-share-box'><h5 class='av-share-link-description av-no-toc '>Compartir esta noticia<\/h5><ul class='av-share-box-list noLightbox'><li class='av-share-link av-social-link-facebook' ><a target=\"_blank\" aria-label=\"Compartir en Facebook\" href='https:\/\/www.facebook.com\/sharer.php?u=https:\/\/radiorevelacionfm.cl\/?p=38276&#038;t=CENSO%20de%20poblaci%C3%B3n%20y%20vivienda%202024%20ser%C3%A1%20de%20derecho%20y%20se%20efectuar%C3%A1%20entre%20marzo%20y%20junio%20del%20pr%C3%B3ximo%20a%C3%B1o' aria-hidden='false' data-av_icon='\ue8f3' data-av_iconfont='entypo-fontello' title='' data-avia-related-tooltip='Compartir en Facebook' rel=\"noopener\"><span class='avia_hidden_link_text'>Compartir en Facebook<\/span><\/a><\/li><li class='av-share-link av-social-link-twitter' ><a target=\"_blank\" aria-label=\"Compartir en Twitter\" href='https:\/\/twitter.com\/share?text=CENSO%20de%20poblaci%C3%B3n%20y%20vivienda%202024%20ser%C3%A1%20de%20derecho%20y%20se%20efectuar%C3%A1%20entre%20marzo%20y%20junio%20del%20pr%C3%B3ximo%20a%C3%B1o&#038;url=https:\/\/radiorevelacionfm.cl\/?p=38276' aria-hidden='false' data-av_icon='\ue8f1' data-av_iconfont='entypo-fontello' title='' data-avia-related-tooltip='Compartir en Twitter' rel=\"noopener\"><span class='avia_hidden_link_text'>Compartir en Twitter<\/span><\/a><\/li><li class='av-share-link av-social-link-whatsapp' ><a target=\"_blank\" aria-label=\"Compartir en Whatsapp\" href='https:\/\/api.whatsapp.com\/send?text=https:\/\/radiorevelacionfm.cl\/?p=38276' aria-hidden='false' data-av_icon='\uf232' data-av_iconfont='entypo-fontello' title='' data-avia-related-tooltip='Compartir en Whatsapp' rel=\"noopener\"><span class='avia_hidden_link_text'>Compartir en Whatsapp<\/span><\/a><\/li><li class='av-share-link av-social-link-linkedin' ><a target=\"_blank\" aria-label=\"Compartir en LinkedIn\" href='https:\/\/linkedin.com\/shareArticle?mini=true&#038;title=CENSO%20de%20poblaci%C3%B3n%20y%20vivienda%202024%20ser%C3%A1%20de%20derecho%20y%20se%20efectuar%C3%A1%20entre%20marzo%20y%20junio%20del%20pr%C3%B3ximo%20a%C3%B1o&#038;url=https:\/\/radiorevelacionfm.cl\/?p=38276' aria-hidden='false' data-av_icon='\ue8fc' data-av_iconfont='entypo-fontello' title='' data-avia-related-tooltip='Compartir en LinkedIn' rel=\"noopener\"><span class='avia_hidden_link_text'>Compartir en LinkedIn<\/span><\/a><\/li><li class='av-share-link av-social-link-mail' ><a  aria-label=\"Compartir por correo\" href='mailto:?subject=CENSO%20de%20poblaci%C3%B3n%20y%20vivienda%202024%20ser%C3%A1%20de%20derecho%20y%20se%20efectuar%C3%A1%20entre%20marzo%20y%20junio%20del%20pr%C3%B3ximo%20a%C3%B1o&#038;body=https:\/\/radiorevelacionfm.cl\/?p=38276' aria-hidden='false' data-av_icon='\ue805' data-av_iconfont='entypo-fontello' title='' data-avia-related-tooltip='Compartir por correo'><span class='avia_hidden_link_text'>Compartir por correo<\/span><\/a><\/li><\/ul><\/div><\/div>\n<div  style='height:50px' class='hr hr-invisible   avia-builder-el-8  el_after_av_social_share  el_before_av_comments_list '><span class='hr-inner ' ><span class='hr-inner-style'><\/span><\/span><\/div>\n<div  class='av-buildercomment  av-blog-meta-html-info-disabled av-blog-meta-tag-disabled  '><\/div>\n","protected":false},"excerpt":{"rendered":"","protected":false},"author":1,"featured_media":38277,"comment_status":"open","ping_status":"open","sticky":false,"template":"","format":"standard","meta":{"footnotes":""},"categories":[62],"tags":[],"class_list":["post-38276","post","type-post","status-publish","format-standard","has-post-thumbnail","hentry","category-social"],"jetpack_featured_media_url":"https:\/\/radiorevelacionfm.cl\/wp-content\/uploads\/2023\/12\/FOTO-CENSISTA-1-1.jpg","_links":{"self":[{"href":"https:\/\/radiorevelacionfm.cl\/index.php?rest_route=\/wp\/v2\/posts\/38276","targetHints":{"allow":["GET"]}}],"collection":[{"href":"https:\/\/radiorevelacionfm.cl\/index.php?rest_route=\/wp\/v2\/posts"}],"about":[{"href":"https:\/\/radiorevelacionfm.cl\/index.php?rest_route=\/wp\/v2\/types\/post"}],"author":[{"embeddable":true,"href":"https:\/\/radiorevelacionfm.cl\/index.php?rest_route=\/wp\/v2\/users\/1"}],"replies":[{"embeddable":true,"href":"https:\/\/radiorevelacionfm.cl\/index.php?rest_route=%2Fwp%2Fv2%2Fcomments&post=38276"}],"version-history":[{"count":1,"href":"https:\/\/radiorevelacionfm.cl\/index.php?rest_route=\/wp\/v2\/posts\/38276\/revisions"}],"predecessor-version":[{"id":38278,"href":"https:\/\/radiorevelacionfm.cl\/index.php?rest_route=\/wp\/v2\/posts\/38276\/revisions\/38278"}],"wp:featuredmedia":[{"embeddable":true,"href":"https:\/\/radiorevelacionfm.cl\/index.php?rest_route=\/wp\/v2\/media\/38277"}],"wp:attachment":[{"href":"https:\/\/radiorevelacionfm.cl\/index.php?rest_route=%2Fwp%2Fv2%2Fmedia&parent=38276"}],"wp:term":[{"taxonomy":"category","embeddable":true,"href":"https:\/\/radiorevelacionfm.cl\/index.php?rest_route=%2Fwp%2Fv2%2Fcategories&post=38276"},{"taxonomy":"post_tag","embeddable":true,"href":"https:\/\/radiorevelacionfm.cl\/index.php?rest_route=%2Fwp%2Fv2%2Ftags&post=38276"}],"curies":[{"name":"wp","href":"https:\/\/api.w.org\/{rel}","templated":true}]}}