{"id":38273,"date":"2023-12-22T14:27:50","date_gmt":"2023-12-22T17:27:50","guid":{"rendered":"https:\/\/radiorevelacionfm.cl\/?p=38273"},"modified":"2023-12-22T14:27:50","modified_gmt":"2023-12-22T17:27:50","slug":"sector-comercio-25-de-diciembre-y-1-de-enero-son-feriados-obligatorios-e-irrenunciables","status":"publish","type":"post","link":"https:\/\/radiorevelacionfm.cl\/?p=38273","title":{"rendered":"Sector comercio: 25 de diciembre y 1 de enero son feriados obligatorios e irrenunciables"},"content":{"rendered":"<div class=\"flex_column av_one_full  flex_column_div av-zero-column-padding first  avia-builder-el-0  el_before_av_one_full  avia-builder-el-first  \" style='border-radius:0px; '><div  class='avia-image-container  av-styling-    avia-builder-el-1  avia-builder-el-no-sibling  avia-align-center '  itemprop=\"image\" itemscope=\"itemscope\" itemtype=\"https:\/\/schema.org\/ImageObject\"  ><div class='avia-image-container-inner'><div class='avia-image-overlay-wrap'><img decoding=\"async\" class='wp-image-38274 avia-img-lazy-loading-not-38274 avia_image' src=\"https:\/\/radiorevelacionfm.cl\/wp-content\/uploads\/2023\/12\/Feriado-Comercio-1-1.jpg\" alt='' title='Feriado Comercio (1) (1)' height=\"600\" width=\"682\"  itemprop=\"thumbnailUrl\" srcset=\"https:\/\/radiorevelacionfm.cl\/wp-content\/uploads\/2023\/12\/Feriado-Comercio-1-1.jpg 682w, https:\/\/radiorevelacionfm.cl\/wp-content\/uploads\/2023\/12\/Feriado-Comercio-1-1-300x264.jpg 300w, https:\/\/radiorevelacionfm.cl\/wp-content\/uploads\/2023\/12\/Feriado-Comercio-1-1-450x396.jpg 450w, https:\/\/radiorevelacionfm.cl\/wp-content\/uploads\/2023\/12\/Feriado-Comercio-1-1-600x528.jpg 600w\" sizes=\"(max-width: 682px) 100vw, 682px\" \/><\/div><\/div><\/div><\/div><div class=\"flex_column av_one_full  flex_column_div av-zero-column-padding first  avia-builder-el-2  el_after_av_one_full  el_before_av_one_full  column-top-margin\" style='border-radius:0px; '><section class=\"av_textblock_section \"  itemscope=\"itemscope\" itemtype=\"https:\/\/schema.org\/BlogPosting\" itemprop=\"blogPost\" ><div class='avia_textblock  '   itemprop=\"text\" ><h2 class=\"title\" style=\"text-align: center;\"><span style=\"font-size: 18pt;\"><b>Sector comercio: 25 de diciembre y 1 de enero son feriados obligatorios e irrenunciables<\/b><\/span><\/h2>\n<div id=\"gtx-trans\" style=\"position: absolute; left: -50px; top: 4.31534px;\">\n<div class=\"gtx-trans-icon\"><\/div>\n<\/div>\n<\/div><\/section><\/div><div class=\"flex_column av_one_full  flex_column_div av-zero-column-padding first  avia-builder-el-4  el_after_av_one_full  el_before_av_hr  column-top-margin\" style='border-radius:0px; '><section class=\"av_textblock_section \"  itemscope=\"itemscope\" itemtype=\"https:\/\/schema.org\/BlogPosting\" itemprop=\"blogPost\" ><div class='avia_textblock  '   itemprop=\"text\" ><p style=\"text-align: justify;\"><i>La Direcci\u00f3n del Trabajo tendr\u00e1 habilitado el sitio web\u00a0<\/i><a href=\"http:\/\/www.direcciondeltrabajo.cl\/\" target=\"_blank\" rel=\"noopener\" data-saferedirecturl=\"https:\/\/www.google.com\/url?q=http:\/\/www.direcciondeltrabajo.cl\/&amp;source=gmail&amp;ust=1703345184790000&amp;usg=AOvVaw32c8HNVHCLLJFvK3LyYDr9\"><i>www.direcciondeltrabajo.cl<\/i><\/a><i><wbr \/>\u00a0para la realizaci\u00f3n de denuncias. Las multas para los empleadores\/as que no respeten estos feriados oscilan entre 5 y 20 UTM por trabajador\/a.<\/i><\/p>\n<p style=\"text-align: justify;\">Las autoridades laborales de la Regi\u00f3n de Ays\u00e9n, Seremi de Trabajo y Previsi\u00f3n Social, Rodrigo D\u00edaz Cordaro y el Director regional(s) Christian Aros Troncoso de la Direcci\u00f3n del Trabajo,\u00a0 recordaron que los\u00a0d\u00edas 25 de diciembre y 1 de enero son feriados obligatorios e irrenunciables\u00a0para el sector comercio,\u00a0dispuesto por la ley 19.973.<\/p>\n<p style=\"text-align: justify;\">Al respecto, el Seremi Rodrigo D\u00edaz Cordaro coment\u00f3 \u201cQueremos hacer el llamado como Ministerio del Trabajo y Previsi\u00f3n Social, a que este 25 de diciembre y 1\u00b0 de enero, que son feriados irrenunciables para el comercio, los empleadores respeten esto, se programen y den todas las facilidades para que los trabajadores puedan disfrutar este d\u00eda en familia. Tenemos todo el tiempo para programarnos, hacerlo bien y que por lo tanto esos dos d\u00edas el 25 y el 1\u00b0 sean d\u00edas que los trabajadores puedan descansar y disfrutar, recuerdo que estos son feriados irrenunciables para el comercio, as\u00ed es que esa es la invitaci\u00f3n\u201d.<\/p>\n<p style=\"text-align: justify;\">Cabe comentar que en la disposici\u00f3n legal del d\u00eda del plebiscito y el permiso para las y los trabajadores que deb\u00edan laborar, no hubo denuncias ni multas relacionadas con el incumplimiento de la normativa laboral.<\/p>\n<p style=\"text-align: justify;\">Sobre la fiscalizaci\u00f3n, Christian Aros Troncoso, director regional(s) del Trabajo hizo un llamao a realizar las denuncias si se est\u00e1 en un incumplimiento de la normativa, \u201cComo Direcci\u00f3n del Trabajo, tanto el d\u00eda 25 de diciembre 1\u00b0 de enero, vamos a estar fiscalizando, vamos a estar haciendo recorrido con nuestras jurisdicciones y fiscalizando el cumplimiento del descanso para los y las trabajadoras del comercio y adem\u00e1s vamos a estar recibiendo denuncias en nuestra p\u00e1gina web\u00a0<a href=\"http:\/\/www.xn--direccin-13a\/\" target=\"_blank\" rel=\"noopener\" data-saferedirecturl=\"https:\/\/www.google.com\/url?q=http:\/\/www.direcci%C3%B3n&amp;source=gmail&amp;ust=1703345184790000&amp;usg=AOvVaw1zAo3vu2uYpKZSsP1xRqAr\">www.direcci\u00f3n<\/a>\u00a0del\u00a0<a href=\"http:\/\/trabajo.cl\/\" target=\"_blank\" rel=\"noopener\" data-saferedirecturl=\"https:\/\/www.google.com\/url?q=http:\/\/trabajo.cl&amp;source=gmail&amp;ust=1703345184790000&amp;usg=AOvVaw2mMcKvBkoQjee6ysDvKBs7\">trabajo.cl<\/a>\u201d.<\/p>\n<p style=\"text-align: justify;\"><b><u>Excepciones y multas en el comercio<\/u><\/b><\/p>\n<p style=\"text-align: justify;\">Son considerados como trabajadores\/as del comercio quienes laboran en un establecimiento de tal naturaleza y cuyas funciones se relacionen con el expendio o venta directa al p\u00fablico de las mercader\u00edas o productos que en ellos se ofrecen.<\/p>\n<p style=\"text-align: justify;\">Sobre las multas, en el caso que no se cumplan estos derechos, los empleadores del comercio se exponen a multas que van desde las 5 UTM hasta las 20 UTM por cada trabajador que se constate trabajando.<\/p>\n<p style=\"text-align: justify;\">La infracci\u00f3n al feriado obligatorio e irrenunciable y al descanso alternado impone multas:<\/p>\n<p style=\"text-align: justify;\">\u00fc\u00a0\u00a0Microempresa: 5 UTM ($297.975)<\/p>\n<p style=\"text-align: justify;\">\u00fc\u00a0\u00a0Peque\u00f1a empresa:5 UTM ($297.975)<\/p>\n<p style=\"text-align: justify;\">\u00fc\u00a0\u00a0Mediana empresa:10 UTM ($595.950)<\/p>\n<p style=\"text-align: justify;\">\u00fc\u00a0\u00a0Gran empresa: 20 UTM ($1.191.900)<\/p>\n<p style=\"text-align: justify;\">Entre las excepciones de este feriado obligatorio e irrenunciable, est\u00e1n los trabajadores\/as que se desempe\u00f1an en clubes, restaurantes, establecimientos de entretenimiento, tales como cines, espect\u00e1culos en vivo, discotecas, pub, cabarets, locales comerciales en los aer\u00f3dromos civiles p\u00fablicos y aeropuertos, casinos de juego y otros lugares de juego legalmente autorizados, farmacias de urgencias y de turno definidas por la autoridad, expendios combustibles y las llamadas \u201ctiendas de conveniencia\u201d adosadas a los servicentros si venden alimentos preparados all\u00ed mismo.<\/p>\n<p style=\"text-align: justify;\">Como compensaci\u00f3n para los trabajadores\/as del comercio excluidos del feriado obligatorio e irrenunciable, est\u00e1 vigente una norma que se\u00f1ala que tendr\u00e1n derecho a tomar descanso en los d\u00edas feriados (en este caso, 25 de diciembre y 1 de enero) a lo menos una vez cada dos a\u00f1os si contin\u00faan contratados por el mismo empleador; pudiendo pactar con \u00e9l la rotaci\u00f3n del personal necesaria para este fin (Inc. 2\u00b0, Art. 2, Ley 19.973). Esto significa, por ejemplo, que si un trabajador labor\u00f3 el 18 y 19 de septiembre del 2021 y contin\u00faa trabajando para el mismo empleador, durante este a\u00f1o 2022 tendr\u00e1 derecho a descansar en estas festividades.<\/p>\n<p style=\"text-align: justify;\">Cabe recordar que en el C\u00f3digo del Trabajo existen 5 feriados irrenunciables y obligatorios para todos los trabajadores\/as del comercio. Adem\u00e1s del 25 de diciembre y 1 de enero, los otros son el 1 de mayo, 18 y 19 de septiembre.<\/p>\n<\/div><\/section><\/div><div  style='height:50px' class='hr hr-invisible   avia-builder-el-6  el_after_av_one_full  el_before_av_social_share '><span class='hr-inner ' ><span class='hr-inner-style'><\/span><\/span><\/div><\/p>\n<div  class='av-social-sharing-box  avia-builder-el-7  el_after_av_hr  el_before_av_hr  '><div class='av-share-box'><h5 class='av-share-link-description av-no-toc '>Compartir esta noticia<\/h5><ul class='av-share-box-list noLightbox'><li class='av-share-link av-social-link-facebook' ><a target=\"_blank\" aria-label=\"Compartir en Facebook\" href='https:\/\/www.facebook.com\/sharer.php?u=https:\/\/radiorevelacionfm.cl\/?p=38273&#038;t=Sector%20comercio%3A%2025%20de%20diciembre%20y%201%20de%20enero%20son%20feriados%20obligatorios%20e%20irrenunciables' aria-hidden='false' data-av_icon='\ue8f3' data-av_iconfont='entypo-fontello' title='' data-avia-related-tooltip='Compartir en Facebook' rel=\"noopener\"><span class='avia_hidden_link_text'>Compartir en Facebook<\/span><\/a><\/li><li class='av-share-link av-social-link-twitter' ><a target=\"_blank\" aria-label=\"Compartir en Twitter\" href='https:\/\/twitter.com\/share?text=Sector%20comercio%3A%2025%20de%20diciembre%20y%201%20de%20enero%20son%20feriados%20obligatorios%20e%20irrenunciables&#038;url=https:\/\/radiorevelacionfm.cl\/?p=38273' aria-hidden='false' data-av_icon='\ue8f1' data-av_iconfont='entypo-fontello' title='' data-avia-related-tooltip='Compartir en Twitter' rel=\"noopener\"><span class='avia_hidden_link_text'>Compartir en Twitter<\/span><\/a><\/li><li class='av-share-link av-social-link-whatsapp' ><a target=\"_blank\" aria-label=\"Compartir en Whatsapp\" href='https:\/\/api.whatsapp.com\/send?text=https:\/\/radiorevelacionfm.cl\/?p=38273' aria-hidden='false' data-av_icon='\uf232' data-av_iconfont='entypo-fontello' title='' data-avia-related-tooltip='Compartir en Whatsapp' rel=\"noopener\"><span class='avia_hidden_link_text'>Compartir en Whatsapp<\/span><\/a><\/li><li class='av-share-link av-social-link-linkedin' ><a target=\"_blank\" aria-label=\"Compartir en LinkedIn\" href='https:\/\/linkedin.com\/shareArticle?mini=true&#038;title=Sector%20comercio%3A%2025%20de%20diciembre%20y%201%20de%20enero%20son%20feriados%20obligatorios%20e%20irrenunciables&#038;url=https:\/\/radiorevelacionfm.cl\/?p=38273' aria-hidden='false' data-av_icon='\ue8fc' data-av_iconfont='entypo-fontello' title='' data-avia-related-tooltip='Compartir en LinkedIn' rel=\"noopener\"><span class='avia_hidden_link_text'>Compartir en LinkedIn<\/span><\/a><\/li><li class='av-share-link av-social-link-mail' ><a  aria-label=\"Compartir por correo\" href='mailto:?subject=Sector%20comercio%3A%2025%20de%20diciembre%20y%201%20de%20enero%20son%20feriados%20obligatorios%20e%20irrenunciables&#038;body=https:\/\/radiorevelacionfm.cl\/?p=38273' aria-hidden='false' data-av_icon='\ue805' data-av_iconfont='entypo-fontello' title='' data-avia-related-tooltip='Compartir por correo'><span class='avia_hidden_link_text'>Compartir por correo<\/span><\/a><\/li><\/ul><\/div><\/div>\n<div  style='height:50px' class='hr hr-invisible   avia-builder-el-8  el_after_av_social_share  el_before_av_comments_list '><span class='hr-inner ' ><span class='hr-inner-style'><\/span><\/span><\/div>\n<div  class='av-buildercomment  av-blog-meta-html-info-disabled av-blog-meta-tag-disabled  '><\/div>\n","protected":false},"excerpt":{"rendered":"","protected":false},"author":1,"featured_media":38274,"comment_status":"open","ping_status":"open","sticky":false,"template":"","format":"standard","meta":{"footnotes":""},"categories":[45],"tags":[],"class_list":["post-38273","post","type-post","status-publish","format-standard","has-post-thumbnail","hentry","category-comercio"],"jetpack_featured_media_url":"https:\/\/radiorevelacionfm.cl\/wp-content\/uploads\/2023\/12\/Feriado-Comercio-1-1.jpg","_links":{"self":[{"href":"https:\/\/radiorevelacionfm.cl\/index.php?rest_route=\/wp\/v2\/posts\/38273","targetHints":{"allow":["GET"]}}],"collection":[{"href":"https:\/\/radiorevelacionfm.cl\/index.php?rest_route=\/wp\/v2\/posts"}],"about":[{"href":"https:\/\/radiorevelacionfm.cl\/index.php?rest_route=\/wp\/v2\/types\/post"}],"author":[{"embeddable":true,"href":"https:\/\/radiorevelacionfm.cl\/index.php?rest_route=\/wp\/v2\/users\/1"}],"replies":[{"embeddable":true,"href":"https:\/\/radiorevelacionfm.cl\/index.php?rest_route=%2Fwp%2Fv2%2Fcomments&post=38273"}],"version-history":[{"count":1,"href":"https:\/\/radiorevelacionfm.cl\/index.php?rest_route=\/wp\/v2\/posts\/38273\/revisions"}],"predecessor-version":[{"id":38275,"href":"https:\/\/radiorevelacionfm.cl\/index.php?rest_route=\/wp\/v2\/posts\/38273\/revisions\/38275"}],"wp:featuredmedia":[{"embeddable":true,"href":"https:\/\/radiorevelacionfm.cl\/index.php?rest_route=\/wp\/v2\/media\/38274"}],"wp:attachment":[{"href":"https:\/\/radiorevelacionfm.cl\/index.php?rest_route=%2Fwp%2Fv2%2Fmedia&parent=38273"}],"wp:term":[{"taxonomy":"category","embeddable":true,"href":"https:\/\/radiorevelacionfm.cl\/index.php?rest_route=%2Fwp%2Fv2%2Fcategories&post=38273"},{"taxonomy":"post_tag","embeddable":true,"href":"https:\/\/radiorevelacionfm.cl\/index.php?rest_route=%2Fwp%2Fv2%2Ftags&post=38273"}],"curies":[{"name":"wp","href":"https:\/\/api.w.org\/{rel}","templated":true}]}}