{"id":38264,"date":"2023-12-22T12:56:00","date_gmt":"2023-12-22T15:56:00","guid":{"rendered":"https:\/\/radiorevelacionfm.cl\/?p=38264"},"modified":"2023-12-22T12:56:00","modified_gmt":"2023-12-22T15:56:00","slug":"exitoso-viaje-de-personas-mayores-desde-chile-chico-a-la-comuna-de-aysen-bajo-el-programa-vacaciones-tercera-edad","status":"publish","type":"post","link":"https:\/\/radiorevelacionfm.cl\/?p=38264","title":{"rendered":"Exitoso viaje de personas mayores desde Chile Chico a la comuna de Ays\u00e9n bajo el Programa Vacaciones Tercera Edad"},"content":{"rendered":"<div class=\"flex_column av_one_full  flex_column_div av-zero-column-padding first  avia-builder-el-0  el_before_av_one_full  avia-builder-el-first  \" style='border-radius:0px; '><div  class='avia-image-container  av-styling-    avia-builder-el-1  avia-builder-el-no-sibling  avia-align-center '  itemprop=\"image\" itemscope=\"itemscope\" itemtype=\"https:\/\/schema.org\/ImageObject\"  ><div class='avia-image-container-inner'><div class='avia-image-overlay-wrap'><img decoding=\"async\" class='wp-image-38265 avia-img-lazy-loading-not-38265 avia_image' src=\"https:\/\/radiorevelacionfm.cl\/wp-content\/uploads\/2023\/12\/pxl_20231218_134026968_optimized.mp-1.jpg\" alt='' title='pxl_20231218_134026968_optimized.mp-(1)' height=\"600\" width=\"1067\"  itemprop=\"thumbnailUrl\" srcset=\"https:\/\/radiorevelacionfm.cl\/wp-content\/uploads\/2023\/12\/pxl_20231218_134026968_optimized.mp-1.jpg 1067w, https:\/\/radiorevelacionfm.cl\/wp-content\/uploads\/2023\/12\/pxl_20231218_134026968_optimized.mp-1-300x169.jpg 300w, https:\/\/radiorevelacionfm.cl\/wp-content\/uploads\/2023\/12\/pxl_20231218_134026968_optimized.mp-1-1030x579.jpg 1030w, https:\/\/radiorevelacionfm.cl\/wp-content\/uploads\/2023\/12\/pxl_20231218_134026968_optimized.mp-1-768x432.jpg 768w, https:\/\/radiorevelacionfm.cl\/wp-content\/uploads\/2023\/12\/pxl_20231218_134026968_optimized.mp-1-705x396.jpg 705w, https:\/\/radiorevelacionfm.cl\/wp-content\/uploads\/2023\/12\/pxl_20231218_134026968_optimized.mp-1-450x253.jpg 450w, https:\/\/radiorevelacionfm.cl\/wp-content\/uploads\/2023\/12\/pxl_20231218_134026968_optimized.mp-1-600x337.jpg 600w\" sizes=\"(max-width: 1067px) 100vw, 1067px\" \/><\/div><\/div><\/div><\/div><div class=\"flex_column av_one_full  flex_column_div av-zero-column-padding first  avia-builder-el-2  el_after_av_one_full  el_before_av_one_full  column-top-margin\" style='border-radius:0px; '><section class=\"av_textblock_section \"  itemscope=\"itemscope\" itemtype=\"https:\/\/schema.org\/BlogPosting\" itemprop=\"blogPost\" ><div class='avia_textblock  '   itemprop=\"text\" ><p style=\"text-align: center;\"><span style=\"font-size: 18pt;\"><strong>Exitoso viaje de personas mayores desde Chile Chico a la comuna de Ays\u00e9n bajo el Programa Vacaciones Tercera Edad<\/strong><\/span><\/p>\n<div id=\"gtx-trans\" style=\"position: absolute; left: -50px; top: 4.31534px;\">\n<div class=\"gtx-trans-icon\"><\/div>\n<\/div>\n<\/div><\/section><\/div><div class=\"flex_column av_one_full  flex_column_div av-zero-column-padding first  avia-builder-el-4  el_after_av_one_full  el_before_av_hr  column-top-margin\" style='border-radius:0px; '><section class=\"av_textblock_section \"  itemscope=\"itemscope\" itemtype=\"https:\/\/schema.org\/BlogPosting\" itemprop=\"blogPost\" ><div class='avia_textblock  '   itemprop=\"text\" ><p style=\"text-align: justify;\"><em>M\u00e1s de 20 personas mayores de la localidad de Chile Chico vivieron una experiencia inolvidable gracias a un trabajo conjunto entre la Delegaci\u00f3n Presidencial Provincial de General Carrera y Sernatur, en el marco del programa Vacaciones Tercera Edad. Este programa busca promover el turismo inclusivo y ofrece oportunidades de recreaci\u00f3n y esparcimiento a las personas mayores de Chile.<\/em><\/p>\n<p style=\"text-align: justify;\">El viaje, que marc\u00f3 el retorno de este programa a Chile Chico, inici\u00f3 desde la misma localidad junto a un equipo de la DPP de General Carrera, liderado por el delegado Crist\u00f3bal Barcel\u00f3. Quienes acompa\u00f1aron a los participantes en la barcaza La Tehuelche hasta Puerto Ib\u00e1\u00f1ez, donde fueron recibidos por Sernatur para continuar el viaje hacia Puerto Ays\u00e9n.<\/p>\n<p style=\"text-align: justify;\">Durante el recorrido, los viajeros exploraron diversos lugares emblem\u00e1ticos de los alrededores de Puerto Ays\u00e9n, sumergi\u00e9ndose en la belleza que ofrece la regi\u00f3n, destacando las visitas a la Reserva R\u00edo Simpson, Villa Ma\u00f1ihuales, Puerto Chacabuco, entre otros, donde disfrutaron de paisajes impresionantes y distintas localidades. Adem\u00e1s, cada noche, participaron en diversas actividades como baile, karaoke y bingos.<\/p>\n<p style=\"text-align: justify;\">El delegado Crist\u00f3bal Barcel\u00f3 coment\u00f3 sobre esta instancia que \u00abLa idea es que este sea el inicio de muchos viajes que podamos realizar en los pr\u00f3ximos periodos. Es importante aprovechar estos recursos y beneficios, ya que impactan directamente en toda la comunidad\u00bb, concluy\u00f3 la autoridad provincial.<\/p>\n<p style=\"text-align: justify;\">Guillermina Sobarzo, una de las viajeras, agradeci\u00f3 la oportunidad, resaltando los beneficios que tiene para las personas mayores salir \u00abTiempoa atr\u00e1s, nosotros nos qued\u00e1bamos en nuestra casa, guardaditos, escondiditos, tomando matecito, pero ahora no, ahora hay disfrute, hay convivencia y hay salidas muy, muy buenas que nos alientan a seguir con buena salud mental y f\u00edsica\u00bb. Mirta C\u00e1rdenas, otra viajera, coincidi\u00f3 en que le parece \u00abmuy bien\u00bb y agreg\u00f3: \u00abYa se estaba terminando el a\u00f1o, no pens\u00e1bamos salir de vacaciones\u00bb.<\/p>\n<p style=\"text-align: justify;\">Sebasti\u00e1n Haros, analista de programas sociales de Sernatur, se\u00f1al\u00f3: \u00abEllos nos contribuyen a poder iniciar esta temporada; estamos iniciando la temporada alta de la demanda, nos permite que ellos puedan salir de Chile Chico y viajar despu\u00e9s de mucho tiempo\u00bb.<\/p>\n<p style=\"text-align: justify;\">Este programa, que estuvo suspendido en Chile Chico desde antes de la pandemia, se retom\u00f3 con miras a repetirlo de manera anual con diferentes personas mayores que se interesen en participar, viajar y compartir. La reactivaci\u00f3n de este programa subraya el compromiso del Gobierno en mejorar la calidad de vida de las personas mayores en distintos \u00e1mbitos, como la salud mental, la convivencia y el disfrute.<\/p>\n<\/div><\/section><\/div><div  style='height:50px' class='hr hr-invisible   avia-builder-el-6  el_after_av_one_full  el_before_av_social_share '><span class='hr-inner ' ><span class='hr-inner-style'><\/span><\/span><\/div><\/p>\n<div  class='av-social-sharing-box  avia-builder-el-7  el_after_av_hr  el_before_av_hr  '><div class='av-share-box'><h5 class='av-share-link-description av-no-toc '>Compartir esta noticia<\/h5><ul class='av-share-box-list noLightbox'><li class='av-share-link av-social-link-facebook' ><a target=\"_blank\" aria-label=\"Compartir en Facebook\" href='https:\/\/www.facebook.com\/sharer.php?u=https:\/\/radiorevelacionfm.cl\/?p=38264&#038;t=Exitoso%20viaje%20de%20personas%20mayores%20desde%20Chile%20Chico%20a%20la%20comuna%20de%20Ays%C3%A9n%20bajo%20el%20Programa%20Vacaciones%20Tercera%20Edad' aria-hidden='false' data-av_icon='\ue8f3' data-av_iconfont='entypo-fontello' title='' data-avia-related-tooltip='Compartir en Facebook' rel=\"noopener\"><span class='avia_hidden_link_text'>Compartir en Facebook<\/span><\/a><\/li><li class='av-share-link av-social-link-twitter' ><a target=\"_blank\" aria-label=\"Compartir en Twitter\" href='https:\/\/twitter.com\/share?text=Exitoso%20viaje%20de%20personas%20mayores%20desde%20Chile%20Chico%20a%20la%20comuna%20de%20Ays%C3%A9n%20bajo%20el%20Programa%20Vacaciones%20Tercera%20Edad&#038;url=https:\/\/radiorevelacionfm.cl\/?p=38264' aria-hidden='false' data-av_icon='\ue8f1' data-av_iconfont='entypo-fontello' title='' data-avia-related-tooltip='Compartir en Twitter' rel=\"noopener\"><span class='avia_hidden_link_text'>Compartir en Twitter<\/span><\/a><\/li><li class='av-share-link av-social-link-whatsapp' ><a target=\"_blank\" aria-label=\"Compartir en Whatsapp\" href='https:\/\/api.whatsapp.com\/send?text=https:\/\/radiorevelacionfm.cl\/?p=38264' aria-hidden='false' data-av_icon='\uf232' data-av_iconfont='entypo-fontello' title='' data-avia-related-tooltip='Compartir en Whatsapp' rel=\"noopener\"><span class='avia_hidden_link_text'>Compartir en Whatsapp<\/span><\/a><\/li><li class='av-share-link av-social-link-linkedin' ><a target=\"_blank\" aria-label=\"Compartir en LinkedIn\" href='https:\/\/linkedin.com\/shareArticle?mini=true&#038;title=Exitoso%20viaje%20de%20personas%20mayores%20desde%20Chile%20Chico%20a%20la%20comuna%20de%20Ays%C3%A9n%20bajo%20el%20Programa%20Vacaciones%20Tercera%20Edad&#038;url=https:\/\/radiorevelacionfm.cl\/?p=38264' aria-hidden='false' data-av_icon='\ue8fc' data-av_iconfont='entypo-fontello' title='' data-avia-related-tooltip='Compartir en LinkedIn' rel=\"noopener\"><span class='avia_hidden_link_text'>Compartir en LinkedIn<\/span><\/a><\/li><li class='av-share-link av-social-link-mail' ><a  aria-label=\"Compartir por correo\" href='mailto:?subject=Exitoso%20viaje%20de%20personas%20mayores%20desde%20Chile%20Chico%20a%20la%20comuna%20de%20Ays%C3%A9n%20bajo%20el%20Programa%20Vacaciones%20Tercera%20Edad&#038;body=https:\/\/radiorevelacionfm.cl\/?p=38264' aria-hidden='false' data-av_icon='\ue805' data-av_iconfont='entypo-fontello' title='' data-avia-related-tooltip='Compartir por correo'><span class='avia_hidden_link_text'>Compartir por correo<\/span><\/a><\/li><\/ul><\/div><\/div>\n<div  style='height:50px' class='hr hr-invisible   avia-builder-el-8  el_after_av_social_share  el_before_av_comments_list '><span class='hr-inner ' ><span class='hr-inner-style'><\/span><\/span><\/div>\n<div  class='av-buildercomment  av-blog-meta-html-info-disabled av-blog-meta-tag-disabled  '><\/div>\n","protected":false},"excerpt":{"rendered":"","protected":false},"author":1,"featured_media":38265,"comment_status":"open","ping_status":"open","sticky":false,"template":"","format":"standard","meta":{"footnotes":""},"categories":[38,54],"tags":[],"class_list":["post-38264","post","type-post","status-publish","format-standard","has-post-thumbnail","hentry","category-regional","category-turismo"],"jetpack_featured_media_url":"https:\/\/radiorevelacionfm.cl\/wp-content\/uploads\/2023\/12\/pxl_20231218_134026968_optimized.mp-1.jpg","_links":{"self":[{"href":"https:\/\/radiorevelacionfm.cl\/index.php?rest_route=\/wp\/v2\/posts\/38264","targetHints":{"allow":["GET"]}}],"collection":[{"href":"https:\/\/radiorevelacionfm.cl\/index.php?rest_route=\/wp\/v2\/posts"}],"about":[{"href":"https:\/\/radiorevelacionfm.cl\/index.php?rest_route=\/wp\/v2\/types\/post"}],"author":[{"embeddable":true,"href":"https:\/\/radiorevelacionfm.cl\/index.php?rest_route=\/wp\/v2\/users\/1"}],"replies":[{"embeddable":true,"href":"https:\/\/radiorevelacionfm.cl\/index.php?rest_route=%2Fwp%2Fv2%2Fcomments&post=38264"}],"version-history":[{"count":1,"href":"https:\/\/radiorevelacionfm.cl\/index.php?rest_route=\/wp\/v2\/posts\/38264\/revisions"}],"predecessor-version":[{"id":38266,"href":"https:\/\/radiorevelacionfm.cl\/index.php?rest_route=\/wp\/v2\/posts\/38264\/revisions\/38266"}],"wp:featuredmedia":[{"embeddable":true,"href":"https:\/\/radiorevelacionfm.cl\/index.php?rest_route=\/wp\/v2\/media\/38265"}],"wp:attachment":[{"href":"https:\/\/radiorevelacionfm.cl\/index.php?rest_route=%2Fwp%2Fv2%2Fmedia&parent=38264"}],"wp:term":[{"taxonomy":"category","embeddable":true,"href":"https:\/\/radiorevelacionfm.cl\/index.php?rest_route=%2Fwp%2Fv2%2Fcategories&post=38264"},{"taxonomy":"post_tag","embeddable":true,"href":"https:\/\/radiorevelacionfm.cl\/index.php?rest_route=%2Fwp%2Fv2%2Ftags&post=38264"}],"curies":[{"name":"wp","href":"https:\/\/api.w.org\/{rel}","templated":true}]}}