{"id":38261,"date":"2023-12-22T14:01:39","date_gmt":"2023-12-22T17:01:39","guid":{"rendered":"https:\/\/radiorevelacionfm.cl\/?p=38261"},"modified":"2023-12-22T14:01:39","modified_gmt":"2023-12-22T17:01:39","slug":"seremi-de-trabajo-y-prevision-social-rodrigo-diaz-cordaro-como-gobierno-esperamos-que-el-2024-repunte-el-empleo-regional-con-las-nuevas-obras-e-inversiones","status":"publish","type":"post","link":"https:\/\/radiorevelacionfm.cl\/?p=38261","title":{"rendered":"Seremi de Trabajo y Previsi\u00f3n Social, Rodrigo D\u00edaz Cordaro:  \u201cComo Gobierno esperamos que el 2024 repunte el empleo regional con las nuevas obras e inversiones\u201d"},"content":{"rendered":"<div class=\"flex_column av_one_full  flex_column_div av-zero-column-padding first  avia-builder-el-0  el_before_av_one_full  avia-builder-el-first  \" style='border-radius:0px; '><div  class='avia-image-container  av-styling-    avia-builder-el-1  avia-builder-el-no-sibling  avia-align-center '  itemprop=\"image\" itemscope=\"itemscope\" itemtype=\"https:\/\/schema.org\/ImageObject\"  ><div class='avia-image-container-inner'><div class='avia-image-overlay-wrap'><img decoding=\"async\" class='wp-image-38267 avia-img-lazy-loading-not-38267 avia_image' src=\"https:\/\/radiorevelacionfm.cl\/wp-content\/uploads\/2023\/12\/obras_plantapellet-2-1_optimized.jpg\" alt='' title='obras_plantapellet-(2)-(1)_optimized' height=\"600\" width=\"749\"  itemprop=\"thumbnailUrl\" srcset=\"https:\/\/radiorevelacionfm.cl\/wp-content\/uploads\/2023\/12\/obras_plantapellet-2-1_optimized.jpg 749w, https:\/\/radiorevelacionfm.cl\/wp-content\/uploads\/2023\/12\/obras_plantapellet-2-1_optimized-300x240.jpg 300w, https:\/\/radiorevelacionfm.cl\/wp-content\/uploads\/2023\/12\/obras_plantapellet-2-1_optimized-705x565.jpg 705w, https:\/\/radiorevelacionfm.cl\/wp-content\/uploads\/2023\/12\/obras_plantapellet-2-1_optimized-450x360.jpg 450w, https:\/\/radiorevelacionfm.cl\/wp-content\/uploads\/2023\/12\/obras_plantapellet-2-1_optimized-600x481.jpg 600w\" sizes=\"(max-width: 749px) 100vw, 749px\" \/><\/div><\/div><\/div><\/div><div class=\"flex_column av_one_full  flex_column_div av-zero-column-padding first  avia-builder-el-2  el_after_av_one_full  el_before_av_one_full  column-top-margin\" style='border-radius:0px; '><section class=\"av_textblock_section \"  itemscope=\"itemscope\" itemtype=\"https:\/\/schema.org\/BlogPosting\" itemprop=\"blogPost\" ><div class='avia_textblock  '   itemprop=\"text\" ><p style=\"text-align: center;\"><span style=\"font-size: 18pt;\"><strong>Seremi de Trabajo y Previsi\u00f3n Social, Rodrigo D\u00edaz Cordaro: <\/strong><strong>\u201cComo Gobierno esperamos que el 2024 repunte el empleo regional con las nuevas obras e inversiones\u201d <\/strong><\/span><\/p>\n<div id=\"gtx-trans\" style=\"position: absolute; left: -50px; top: 4.31534px;\">\n<div class=\"gtx-trans-icon\"><\/div>\n<\/div>\n<\/div><\/section><\/div><\/p>\n<div class=\"flex_column av_one_full  flex_column_div av-zero-column-padding first  avia-builder-el-4  el_after_av_one_full  el_before_av_hr  column-top-margin\" style='border-radius:0px; '><section class=\"av_textblock_section \"  itemscope=\"itemscope\" itemtype=\"https:\/\/schema.org\/BlogPosting\" itemprop=\"blogPost\" ><div class='avia_textblock  '   itemprop=\"text\" ><p style=\"text-align: justify;\"><em>Visitas a las obras del aeropuerto de Balmaceda, nueva planta de pellet y obras relacionadas al MOP proyectan empleo en sectores rurales para los pr\u00f3ximos meses.<\/em><\/p>\n<p style=\"text-align: justify;\"><em>Seremi de Trabajo y Previsi\u00f3n Social invit\u00f3 a postular a las ofertas de empleo de las OMIL, Bolsa Nacional de Empleo <\/em><a href=\"http:\/\/www.bne.cl\"><em>bne.cl<\/em><\/a><em>.<\/em><\/p>\n<p style=\"text-align: justify;\">Como un gran desaf\u00edo en temas de empleos donde se proyecta un repunte en las cifras con las inversiones tanto p\u00fablicas como privadas, se refiri\u00f3 el Seremi del Trabajo y Previsi\u00f3n Social, Rodrigo D\u00edaz Cordaro al cierre de este 2023 e inicios del 2024, luego de diversas visitas realizadas junto al Director(s) regional Christian Aros de la Direcci\u00f3n del Trabajo y al Director regional del Servicio de Capacitaci\u00f3n y Empleo, Sence, Nelson Garrido.<\/p>\n<p style=\"text-align: justify;\">El Seremi Rodrigo D\u00edaz Cordaro afirm\u00f3 \u201cComo Gobierno tenemos importantes desaf\u00edos en el tema de empleo para este 2024, hemos evidenciado en las interesantes visitas a las obras del nuevo aeropuerto internacional de Balmaceda y a la construcci\u00f3n y habilitaci\u00f3n de la nueva planta de pellet de Villa Ortega un gran impulso. Estas obras nos ponen muy contentos, donde vemos inversi\u00f3n p\u00fablica en un lado e inversi\u00f3n privada en el otro, que est\u00e1n impulsando el desarrollo y empleo en localidades rurales donde no hay grandes empresas ni servicios p\u00fablicos que entreguen trabajo\u201d.<\/p>\n<p style=\"text-align: justify;\">El Seremi Rodrigo D\u00edaz agreg\u00f3 sobre las proyecciones luego de estas visitas, \u201cEn el caso de la construcci\u00f3n del aeropuerto, en estos momentos tienen a muchos trabajadores y trabajadoras que son de Balmaceda, aquello dinamiza la econom\u00eda y entrega trabajo decente, con contrato, y por ende, seguridad social a nuestras y nuestros trabajadores. En el caso de la planta de pellet ya estamos realizando vinculaciones para apoyar con Sence e involucrar a la comunidad de Villa Ortega y alrededores en los pr\u00f3ximos meses para que puedan emplearse luego que termine de construirse y comience a operar\u201d.<\/p>\n<p style=\"text-align: justify;\">En t\u00e9rminos de inversiones, la planta de pellet tiene una inversi\u00f3n aproximadamente de 6.000 millones, en tanto, la obra del aeropuerto cuenta con una inversi\u00f3n de un aproximado de US$ 162 millones, donde las principales obras a ejecutar consisten en la ampliaci\u00f3n y remodelaci\u00f3n del terminal de pasajeros se ampl\u00eda de 6.471 m\u00b2 a 16.014 m\u00b2 y el aer\u00f3dromo de Balmaceda pasar\u00e1 de 2.400 m\u00b2 a 12.391 m\u00b2. Otra obra visitada fue el muelle y caleta de Melinka, para para Federaci\u00f3n pescadores artesanales correspondiente a apr\u00f3x. 7000 millones.<\/p>\n<p style=\"text-align: justify;\">Siguiendo la informaci\u00f3n proporcionada a trav\u00e9s del Term\u00f3metro Laboral de diciembre de 2023 del Observatorio Laboral de Ays\u00e9n, que desagrega las cifras del INE, el Seremi Rodrigo D\u00edaz comenta \u201cEn la Regi\u00f3n de Ays\u00e9n la ocupaci\u00f3n presenta buenos d\u00edgitos, alcanzando 59.400 personas ocupadas, representadas por 32.100 hombres y 27.300 mujeres. En este tercer trimestre m\u00f3vil la tasa de desocupaci\u00f3n est\u00e1 a la baja, alcanzando 4,6, que si bien son un poco m\u00e1s altas que lo habitual en la regi\u00f3n, son cifras bajas en comparaci\u00f3n a otras regiones del pa\u00eds. Estamos viendo un mayor dinamismo, logrando reducir la tasa de desocupaci\u00f3n en 0,4 pp. respecto al trimestre m\u00f3vil anterior, lo cual manifiesta la clara inserci\u00f3n de trabajadores, lo que es habitual en nuestra realidad, dado el turismo y trabajos de temporadas. Estas cifras esperamos que sigan repuntando para los pr\u00f3ximos meses\u201d, afirm\u00f3 la autoridad laboral.<\/p>\n<p style=\"text-align: justify;\">Por otra parte, como una preocupaci\u00f3n y ocupaci\u00f3n del Gobierno manifest\u00f3 el Seremi Rodrigo D\u00edaz Cordaro con respecto a la informalidad que se aprecia en la regi\u00f3n \u201clas mujeres son el grupo que tienen un mayor trabajo informal y estamos trabajando en pol\u00edticas p\u00fablicas que puedan impulsar la contrataci\u00f3n formal, ya que al tener contrato, las personas tienen seguridad social y ello las ayudar\u00e1, no s\u00f3lo a tener mejores pensiones en un futuro, sino que contar, por ejemplo, con el seguro de accidentes laborales y de enfermedades profesionales, acceso al seguro de cesant\u00eda, acceso a la Ley Sanna y una serie de beneficios en los cuales estamos avanzando como Gobierno, como es la nueva aprobaci\u00f3n de la ley de conciliaci\u00f3n vida personal y familiar con la laboral, que apoyar\u00e1 de gran manera al trabajo de las mujeres, que hist\u00f3ricamente han estado relegadas y estas brechas aumentaron con la pandemia\u201d, manifest\u00f3.<\/p>\n<p style=\"text-align: justify;\">Sobre la situaci\u00f3n econ\u00f3mica, el Seremi D\u00edaz mencion\u00f3, \u201cEste 2023 ha sido un a\u00f1o complejo en t\u00e9rminos econ\u00f3micos, tanto en nuestro pa\u00eds como en el mundo y ello no lo podemos desconocer, sin embargo, como Gobierno estamos trabajando para que se generen las oportunidades de inversi\u00f3n y ello es una labor del mundo p\u00fablico y privado que debe dialogar y potenciar nuestra regi\u00f3n, por ello estamos en constante conversaci\u00f3n con gremios desde nuestra cartera, como la C\u00e1mara de la Construcci\u00f3n, C\u00e1maras de Comercio de Coyhaique y Ays\u00e9n y Agrupaciones y prestaciones de servicios vinculadas al sector acu\u00edcola y pesquero, Consejo del Salm\u00f3n, Salm\u00f3n Chile, Corpays\u00e9n, Agrupays\u00e9n y donde destac\u00f3 el Coloquio para el desarrollo del litoral de Ays\u00e9n que est\u00e1 liderando el Delegado Presidencial Provincial de Ays\u00e9n, Jorge D\u00edaz, donde estamos realizando un di\u00e1logo franco y con proyecci\u00f3n\u201d.<\/p>\n<p style=\"text-align: justify;\">Siguiendo esta l\u00ednea, el Seremi Rodrigo D\u00edaz agrega, \u201cEstos \u00faltimas semanas hemos estado en terreno, conociendo diversas opiniones y perspectiva, m\u00e1s all\u00e1 de Puerto Ays\u00e9n, Puerto Chacabuco y Puerto Chacabuco donde est\u00e1 la fuerza laboral privada m\u00e1s importante de la regi\u00f3n de Ays\u00e9n, hemos recorrido La Junta, La Tapera, Villa Ortega, Balmaceda, Melinka, Puerto Tranquilo, Lago Verde y Puerto Ib\u00e1\u00f1ez, entre ellos, donde hay algunas de estas localidades donde no hay grandes empresas ni industrias, y tenemos un gran desaf\u00edo para llegar a todas las localidades con trabajo y trabajo decente\u201d.<\/p>\n<p style=\"text-align: justify;\">El Ministerio de Obras P\u00fablicas, MOP, ha presentado en los \u00faltimos d\u00edas sus proyecciones, licitaciones y obras regionales, en este sentido, el Seremi Rodrigo D\u00edaz sostuvo, \u00abes muy importante para el Gobierno recuperar puestos de trabajo. Obras como las que menciona MOP, donde el Estado, a trav\u00e9s del mejoramiento de infraestructura, de caminos y pavimentaci\u00f3n estamos entregando mejor bienestar a la comunidad, pero adem\u00e1s genera empleo y dinamiza nuestra econom\u00eda, lo que es un c\u00edrculo virtuoso. Se ha mencionado una inversi\u00f3n de 2.500 millones de pesos en la Provincia de Capit\u00e1n Prat y de inversi\u00f3n para la pavimentaci\u00f3n de parte de la Ruta 7 zona sur, donde ser\u00e1n tres contratos, los que consideran una inversi\u00f3n de 70 mil millones de pesos. Junto a ello, quiero tambi\u00e9n mencionar que estamos realizando un arduo trabajo con Sence, por ejemplo, en la gesti\u00f3n de cursos de maquinarias pesadas dirigido a mujeres de Puerto S\u00e1nchez y Bah\u00eda Murta, donde estamos a trav\u00e9s de Becas Laborales ya se adjudicaron los cursos y esperamos prontamente iniciar las capacitaciones\u201d, finaliz\u00f3.<\/p>\n<p style=\"text-align: justify;\">La autoridad adem\u00e1s invit\u00f3 a inscribirse en la Bolsa Nacional de Empleo, www,bne.cl y acercarse a las Oficinas Municipales de Intermediaci\u00f3n Laboral, OMIL, las cuales son parte de convenios Sence, donde podr\u00e1n conocer ofertas de trabajo en al regi\u00f3n, ya que hay ofertas formales disponibles.<\/p>\n<\/div><\/section><\/div>\n<div  style='height:50px' class='hr hr-invisible   avia-builder-el-6  el_after_av_one_full  el_before_av_social_share '><span class='hr-inner ' ><span class='hr-inner-style'><\/span><\/span><\/div>\n<div  class='av-social-sharing-box  avia-builder-el-7  el_after_av_hr  el_before_av_hr  '><div class='av-share-box'><h5 class='av-share-link-description av-no-toc '>Compartir esta noticia<\/h5><ul class='av-share-box-list noLightbox'><li class='av-share-link av-social-link-facebook' ><a target=\"_blank\" aria-label=\"Compartir en Facebook\" href='https:\/\/www.facebook.com\/sharer.php?u=https:\/\/radiorevelacionfm.cl\/?p=38261&#038;t=Seremi%20de%20Trabajo%20y%20Previsi%C3%B3n%20Social%2C%20Rodrigo%20D%C3%ADaz%20Cordaro%3A%20%20%E2%80%9CComo%20Gobierno%20esperamos%20que%20el%202024%20repunte%20el%20empleo%20regional%20con%20las%20nuevas%20obras%20e%20inversiones%E2%80%9D' aria-hidden='false' data-av_icon='\ue8f3' data-av_iconfont='entypo-fontello' title='' data-avia-related-tooltip='Compartir en Facebook' rel=\"noopener\"><span class='avia_hidden_link_text'>Compartir en Facebook<\/span><\/a><\/li><li class='av-share-link av-social-link-twitter' ><a target=\"_blank\" aria-label=\"Compartir en Twitter\" href='https:\/\/twitter.com\/share?text=Seremi%20de%20Trabajo%20y%20Previsi%C3%B3n%20Social%2C%20Rodrigo%20D%C3%ADaz%20Cordaro%3A%20%20%E2%80%9CComo%20Gobierno%20esperamos%20que%20el%202024%20repunte%20el%20empleo%20regional%20con%20las%20nuevas%20obras%20e%20inversiones%E2%80%9D&#038;url=https:\/\/radiorevelacionfm.cl\/?p=38261' aria-hidden='false' data-av_icon='\ue8f1' data-av_iconfont='entypo-fontello' title='' data-avia-related-tooltip='Compartir en Twitter' rel=\"noopener\"><span class='avia_hidden_link_text'>Compartir en Twitter<\/span><\/a><\/li><li class='av-share-link av-social-link-whatsapp' ><a target=\"_blank\" aria-label=\"Compartir en Whatsapp\" href='https:\/\/api.whatsapp.com\/send?text=https:\/\/radiorevelacionfm.cl\/?p=38261' aria-hidden='false' data-av_icon='\uf232' data-av_iconfont='entypo-fontello' title='' data-avia-related-tooltip='Compartir en Whatsapp' rel=\"noopener\"><span class='avia_hidden_link_text'>Compartir en Whatsapp<\/span><\/a><\/li><li class='av-share-link av-social-link-linkedin' ><a target=\"_blank\" aria-label=\"Compartir en LinkedIn\" href='https:\/\/linkedin.com\/shareArticle?mini=true&#038;title=Seremi%20de%20Trabajo%20y%20Previsi%C3%B3n%20Social%2C%20Rodrigo%20D%C3%ADaz%20Cordaro%3A%20%20%E2%80%9CComo%20Gobierno%20esperamos%20que%20el%202024%20repunte%20el%20empleo%20regional%20con%20las%20nuevas%20obras%20e%20inversiones%E2%80%9D&#038;url=https:\/\/radiorevelacionfm.cl\/?p=38261' aria-hidden='false' data-av_icon='\ue8fc' data-av_iconfont='entypo-fontello' title='' data-avia-related-tooltip='Compartir en LinkedIn' rel=\"noopener\"><span class='avia_hidden_link_text'>Compartir en LinkedIn<\/span><\/a><\/li><li class='av-share-link av-social-link-mail' ><a  aria-label=\"Compartir por correo\" href='mailto:?subject=Seremi%20de%20Trabajo%20y%20Previsi%C3%B3n%20Social%2C%20Rodrigo%20D%C3%ADaz%20Cordaro%3A%20%20%E2%80%9CComo%20Gobierno%20esperamos%20que%20el%202024%20repunte%20el%20empleo%20regional%20con%20las%20nuevas%20obras%20e%20inversiones%E2%80%9D&#038;body=https:\/\/radiorevelacionfm.cl\/?p=38261' aria-hidden='false' data-av_icon='\ue805' data-av_iconfont='entypo-fontello' title='' data-avia-related-tooltip='Compartir por correo'><span class='avia_hidden_link_text'>Compartir por correo<\/span><\/a><\/li><\/ul><\/div><\/div>\n<div  style='height:50px' class='hr hr-invisible   avia-builder-el-8  el_after_av_social_share  el_before_av_comments_list '><span class='hr-inner ' ><span class='hr-inner-style'><\/span><\/span><\/div>\n<div  class='av-buildercomment  av-blog-meta-html-info-disabled av-blog-meta-tag-disabled  '><\/div>\n","protected":false},"excerpt":{"rendered":"","protected":false},"author":1,"featured_media":38267,"comment_status":"open","ping_status":"open","sticky":false,"template":"","format":"standard","meta":{"footnotes":""},"categories":[62,56],"tags":[],"class_list":["post-38261","post","type-post","status-publish","format-standard","has-post-thumbnail","hentry","category-social","category-trabajo"],"jetpack_featured_media_url":"https:\/\/radiorevelacionfm.cl\/wp-content\/uploads\/2023\/12\/obras_plantapellet-2-1_optimized.jpg","_links":{"self":[{"href":"https:\/\/radiorevelacionfm.cl\/index.php?rest_route=\/wp\/v2\/posts\/38261","targetHints":{"allow":["GET"]}}],"collection":[{"href":"https:\/\/radiorevelacionfm.cl\/index.php?rest_route=\/wp\/v2\/posts"}],"about":[{"href":"https:\/\/radiorevelacionfm.cl\/index.php?rest_route=\/wp\/v2\/types\/post"}],"author":[{"embeddable":true,"href":"https:\/\/radiorevelacionfm.cl\/index.php?rest_route=\/wp\/v2\/users\/1"}],"replies":[{"embeddable":true,"href":"https:\/\/radiorevelacionfm.cl\/index.php?rest_route=%2Fwp%2Fv2%2Fcomments&post=38261"}],"version-history":[{"count":2,"href":"https:\/\/radiorevelacionfm.cl\/index.php?rest_route=\/wp\/v2\/posts\/38261\/revisions"}],"predecessor-version":[{"id":38268,"href":"https:\/\/radiorevelacionfm.cl\/index.php?rest_route=\/wp\/v2\/posts\/38261\/revisions\/38268"}],"wp:featuredmedia":[{"embeddable":true,"href":"https:\/\/radiorevelacionfm.cl\/index.php?rest_route=\/wp\/v2\/media\/38267"}],"wp:attachment":[{"href":"https:\/\/radiorevelacionfm.cl\/index.php?rest_route=%2Fwp%2Fv2%2Fmedia&parent=38261"}],"wp:term":[{"taxonomy":"category","embeddable":true,"href":"https:\/\/radiorevelacionfm.cl\/index.php?rest_route=%2Fwp%2Fv2%2Fcategories&post=38261"},{"taxonomy":"post_tag","embeddable":true,"href":"https:\/\/radiorevelacionfm.cl\/index.php?rest_route=%2Fwp%2Fv2%2Ftags&post=38261"}],"curies":[{"name":"wp","href":"https:\/\/api.w.org\/{rel}","templated":true}]}}