{"id":38258,"date":"2023-12-22T12:31:28","date_gmt":"2023-12-22T15:31:28","guid":{"rendered":"https:\/\/radiorevelacionfm.cl\/?p=38258"},"modified":"2023-12-22T12:31:28","modified_gmt":"2023-12-22T15:31:28","slug":"senadores-sandoval-y-ordenes-valoran-conducta-decidida-de-la-superintendencia-de-educacion-para-abordar-crisis-de-la-universidad-de-aysen","status":"publish","type":"post","link":"https:\/\/radiorevelacionfm.cl\/?p=38258","title":{"rendered":"Senadores Sandoval y \u00d3rdenes valoran \u201cconducta decidida\u201d de la Superintendencia de Educaci\u00f3n para abordar crisis de la Universidad de Ays\u00e9n"},"content":{"rendered":"<div class=\"flex_column av_one_full  flex_column_div av-zero-column-padding first  avia-builder-el-0  el_before_av_one_full  avia-builder-el-first  \" style='border-radius:0px; '><div  class='avia-image-container  av-styling-    avia-builder-el-1  avia-builder-el-no-sibling  avia-align-center '  itemprop=\"image\" itemscope=\"itemscope\" itemtype=\"https:\/\/schema.org\/ImageObject\"  ><div class='avia-image-container-inner'><div class='avia-image-overlay-wrap'><img decoding=\"async\" class='wp-image-38259 avia-img-lazy-loading-not-38259 avia_image' src=\"https:\/\/radiorevelacionfm.cl\/wp-content\/uploads\/2023\/12\/IMG_4356-1-1.jpg\" alt='' title='IMG_4356 (1) (1)' height=\"600\" width=\"900\"  itemprop=\"thumbnailUrl\" srcset=\"https:\/\/radiorevelacionfm.cl\/wp-content\/uploads\/2023\/12\/IMG_4356-1-1.jpg 900w, https:\/\/radiorevelacionfm.cl\/wp-content\/uploads\/2023\/12\/IMG_4356-1-1-300x200.jpg 300w, https:\/\/radiorevelacionfm.cl\/wp-content\/uploads\/2023\/12\/IMG_4356-1-1-768x512.jpg 768w, https:\/\/radiorevelacionfm.cl\/wp-content\/uploads\/2023\/12\/IMG_4356-1-1-705x470.jpg 705w, https:\/\/radiorevelacionfm.cl\/wp-content\/uploads\/2023\/12\/IMG_4356-1-1-450x300.jpg 450w, https:\/\/radiorevelacionfm.cl\/wp-content\/uploads\/2023\/12\/IMG_4356-1-1-600x400.jpg 600w\" sizes=\"(max-width: 900px) 100vw, 900px\" \/><\/div><\/div><\/div><\/div><div class=\"flex_column av_one_full  flex_column_div av-zero-column-padding first  avia-builder-el-2  el_after_av_one_full  el_before_av_one_full  column-top-margin\" style='border-radius:0px; '><section class=\"av_textblock_section \"  itemscope=\"itemscope\" itemtype=\"https:\/\/schema.org\/BlogPosting\" itemprop=\"blogPost\" ><div class='avia_textblock  '   itemprop=\"text\" ><p style=\"text-align: center;\"><span style=\"font-size: 18pt;\"><strong>Senadores Sandoval y \u00d3rdenes valoran \u201cconducta decidida\u201d de la Superintendencia de Educaci\u00f3n para abordar crisis de la Universidad de Ays\u00e9n <\/strong><\/span><\/p>\n<div id=\"gtx-trans\" style=\"position: absolute; left: -50px; top: 4.31534px;\">\n<div class=\"gtx-trans-icon\"><\/div>\n<\/div>\n<\/div><\/section><\/div><div class=\"flex_column av_one_full  flex_column_div av-zero-column-padding first  avia-builder-el-4  el_after_av_one_full  el_before_av_hr  column-top-margin\" style='border-radius:0px; '><section class=\"av_textblock_section \"  itemscope=\"itemscope\" itemtype=\"https:\/\/schema.org\/BlogPosting\" itemprop=\"blogPost\" ><div class='avia_textblock  '   itemprop=\"text\" ><p style=\"text-align: justify;\"><em>Parlamentarios se reunieron en los \u00faltimos d\u00edas con Superintendente Jos\u00e9 Miguel Salazar, quien junto al Subsecretario de Educaci\u00f3n Superior, V\u00edctor Orellana, expusieron en la comisi\u00f3n de Zonas Extremas del Senado acerca del estado actual de dicha casa de estudios superiores.<\/em><\/p>\n<p style=\"text-align: justify;\">Los senadores David Sandoval y Ximena \u00d3rdenes, valoraron la \u201cconducta decidida\u201d de la Superintendencia de Educaci\u00f3n Superior (SES) para abordar la crisis de la Universidad de Ays\u00e9n, la cual analizaron en una reuni\u00f3n con el propio Superintendente Jos\u00e9 Miguel Salazar durante esta semana.<\/p>\n<p style=\"text-align: justify;\">Al respecto, el senador Sandoval recalc\u00f3 que en este proyecto universitario est\u00e1 centrado el futuro de muchos j\u00f3venes de la regi\u00f3n, que ven en esta alternativa la posibilidad de avanzar en sus proyectos de vida. \u201cPor eso la trascendencia de la universidad\u201d, se\u00f1al\u00f3 tras el encuentro.<\/p>\n<p style=\"text-align: justify;\">En ese sentido, tambi\u00e9n destac\u00f3 la proactividad de la SES \u201cporque creemos que no podemos andar con cosas a medias tintas, sino que simplemente resolverlas\u201d, reiterando su preocupaci\u00f3n por la crisis integral en el \u00e1mbito financiero, administrativo y acad\u00e9mico de la UAys\u00e9n.<\/p>\n<p style=\"text-align: justify;\">Adem\u00e1s, lament\u00f3 lo que pasa al interior de la instituci\u00f3n en materia de personal, pues indic\u00f3 que se trata de \u201cgente que crey\u00f3, sin duda, pero que se encontraron bajo una gesti\u00f3n absolutamente inadecuada\u201d.<\/p>\n<p style=\"text-align: justify;\">Con todo, Sandoval dijo no tener dudas de que se van a revertir la situaci\u00f3n. \u201cConfiamos en los criterios del superintendente para llevar adelante este proceso de cambio y de reestructuraci\u00f3n integral del proyecto de la universidad de Ays\u00e9n\u201d, subray\u00f3.<\/p>\n<p style=\"text-align: justify;\">Cabe se\u00f1alar que el Superintendente Salazar tambi\u00e9n expuso el escenario actual que enfrenta la instituci\u00f3n en Ays\u00e9n en la comisi\u00f3n de Zonas Extremas del Senado, instancia en la que adem\u00e1s particip\u00f3 el Subsecretario de Educaci\u00f3n Superior, V\u00edctor Orellana.<\/p>\n<p style=\"text-align: justify;\">En tanto, la senadora \u00d3rdenes, dijo que a pesar del d\u00e9ficit financiero estructural, que es la situaci\u00f3n que explica la crisis actual \u201cy que nos hace preguntarnos sobre la sostenibilidad futura de este proyecto\u201d, las conclusiones tras las reuniones es que \u201ca pesar de eso, el proyecto contin\u00faa\u201d.<\/p>\n<p style=\"text-align: justify;\">Por lo mismo, la parlamentaria resalt\u00f3 las medidas que se han tomado, entre ellas, definir a la Universidad de Tarapac\u00e1 como nueva universidad, adem\u00e1s del monitoreo y acompa\u00f1amiento de la superintendencia de educaci\u00f3n. \u201cEsperamos que esta crisis se transforme en una nueva oportunidad\u201d, recalc\u00f3.<\/p>\n<p style=\"text-align: justify;\">\u201cEste es un proyecto muy sentido para ayseninos y ayseninas\u201d, agreg\u00f3 \u00d3rdenes, lamentando que los cinco a\u00f1os iniciales no hayan dado los resultados que se esperaban como s\u00ed pas\u00f3 en la Universidad de O\u00b4Higgins. \u201cAhora es un tiempo nuevo; hay que mirar a futuro y espero adem\u00e1s que se adopten nuevas medidas para fortalecer el proyecto\u201d, concluy\u00f3.<\/p>\n<p style=\"text-align: justify;\"><strong>\u00a0<\/strong><\/p>\n<p style=\"text-align: justify;\"><strong>Proyecto de Acuerdo <\/strong><\/p>\n<p style=\"text-align: justify;\">En ese contexto, en los \u00faltimos d\u00edas fue presentado un proyecto de acuerdo, firmado y apoyado transversalmente por 33 senadores, el cual aborda la crisis de la casa de estudios en Ays\u00e9n y que en su parte principal manifiesta \u201cla preocupaci\u00f3n en torno a la grave crisis financiera, de imagen y educacional que vive\u201d la universidad, haciendo hincapi\u00e9 en el futuro de los cerca de 700 estudiantes que cursan sus estudios superiores en la instituci\u00f3n, as\u00ed como la incertidumbre para muchos futuros estudiantes.<\/p>\n<p style=\"text-align: justify;\">\u00a0Adem\u00e1s, en el documento se proponen otras tres acciones: instruir al Ministro de Educaci\u00f3n para que en conjunto con las dem\u00e1s autoridades competentes, dise\u00f1e un mecanismo para garantizar la continuidad de los servicios educativos de la Universidad de Ays\u00e9n; promover las acciones administrativas y judiciales a objeto de hacer efectivas las responsabilidades resultantes de la mala gesti\u00f3n y; fomentar la realizaci\u00f3n de actividades de asesoramiento y apoyo t\u00e9cnico y educacional, con el objeto de cooperar mediante acciones urgentes y necesarias, en el adecuado funcionamiento de la Universidad.<\/p>\n<\/div><\/section><\/div><div  style='height:50px' class='hr hr-invisible   avia-builder-el-6  el_after_av_one_full  el_before_av_social_share '><span class='hr-inner ' ><span class='hr-inner-style'><\/span><\/span><\/div><\/p>\n<div  class='av-social-sharing-box  avia-builder-el-7  el_after_av_hr  el_before_av_hr  '><div class='av-share-box'><h5 class='av-share-link-description av-no-toc '>Compartir esta noticia<\/h5><ul class='av-share-box-list noLightbox'><li class='av-share-link av-social-link-facebook' ><a target=\"_blank\" aria-label=\"Compartir en Facebook\" href='https:\/\/www.facebook.com\/sharer.php?u=https:\/\/radiorevelacionfm.cl\/?p=38258&#038;t=Senadores%20Sandoval%20y%20%C3%93rdenes%20valoran%20%E2%80%9Cconducta%20decidida%E2%80%9D%20de%20la%20Superintendencia%20de%20Educaci%C3%B3n%20para%20abordar%20crisis%20de%20la%20Universidad%20de%20Ays%C3%A9n' aria-hidden='false' data-av_icon='\ue8f3' data-av_iconfont='entypo-fontello' title='' data-avia-related-tooltip='Compartir en Facebook' rel=\"noopener\"><span class='avia_hidden_link_text'>Compartir en Facebook<\/span><\/a><\/li><li class='av-share-link av-social-link-twitter' ><a target=\"_blank\" aria-label=\"Compartir en Twitter\" href='https:\/\/twitter.com\/share?text=Senadores%20Sandoval%20y%20%C3%93rdenes%20valoran%20%E2%80%9Cconducta%20decidida%E2%80%9D%20de%20la%20Superintendencia%20de%20Educaci%C3%B3n%20para%20abordar%20crisis%20de%20la%20Universidad%20de%20Ays%C3%A9n&#038;url=https:\/\/radiorevelacionfm.cl\/?p=38258' aria-hidden='false' data-av_icon='\ue8f1' data-av_iconfont='entypo-fontello' title='' data-avia-related-tooltip='Compartir en Twitter' rel=\"noopener\"><span class='avia_hidden_link_text'>Compartir en Twitter<\/span><\/a><\/li><li class='av-share-link av-social-link-whatsapp' ><a target=\"_blank\" aria-label=\"Compartir en Whatsapp\" href='https:\/\/api.whatsapp.com\/send?text=https:\/\/radiorevelacionfm.cl\/?p=38258' aria-hidden='false' data-av_icon='\uf232' data-av_iconfont='entypo-fontello' title='' data-avia-related-tooltip='Compartir en Whatsapp' rel=\"noopener\"><span class='avia_hidden_link_text'>Compartir en Whatsapp<\/span><\/a><\/li><li class='av-share-link av-social-link-linkedin' ><a target=\"_blank\" aria-label=\"Compartir en LinkedIn\" href='https:\/\/linkedin.com\/shareArticle?mini=true&#038;title=Senadores%20Sandoval%20y%20%C3%93rdenes%20valoran%20%E2%80%9Cconducta%20decidida%E2%80%9D%20de%20la%20Superintendencia%20de%20Educaci%C3%B3n%20para%20abordar%20crisis%20de%20la%20Universidad%20de%20Ays%C3%A9n&#038;url=https:\/\/radiorevelacionfm.cl\/?p=38258' aria-hidden='false' data-av_icon='\ue8fc' data-av_iconfont='entypo-fontello' title='' data-avia-related-tooltip='Compartir en LinkedIn' rel=\"noopener\"><span class='avia_hidden_link_text'>Compartir en LinkedIn<\/span><\/a><\/li><li class='av-share-link av-social-link-mail' ><a  aria-label=\"Compartir por correo\" href='mailto:?subject=Senadores%20Sandoval%20y%20%C3%93rdenes%20valoran%20%E2%80%9Cconducta%20decidida%E2%80%9D%20de%20la%20Superintendencia%20de%20Educaci%C3%B3n%20para%20abordar%20crisis%20de%20la%20Universidad%20de%20Ays%C3%A9n&#038;body=https:\/\/radiorevelacionfm.cl\/?p=38258' aria-hidden='false' data-av_icon='\ue805' data-av_iconfont='entypo-fontello' title='' data-avia-related-tooltip='Compartir por correo'><span class='avia_hidden_link_text'>Compartir por correo<\/span><\/a><\/li><\/ul><\/div><\/div>\n<div  style='height:50px' class='hr hr-invisible   avia-builder-el-8  el_after_av_social_share  el_before_av_comments_list '><span class='hr-inner ' ><span class='hr-inner-style'><\/span><\/span><\/div>\n<div  class='av-buildercomment  av-blog-meta-html-info-disabled av-blog-meta-tag-disabled  '><\/div>\n","protected":false},"excerpt":{"rendered":"","protected":false},"author":1,"featured_media":38259,"comment_status":"open","ping_status":"open","sticky":false,"template":"","format":"standard","meta":{"footnotes":""},"categories":[49,35],"tags":[],"class_list":["post-38258","post","type-post","status-publish","format-standard","has-post-thumbnail","hentry","category-educacion","category-politica"],"jetpack_featured_media_url":"https:\/\/radiorevelacionfm.cl\/wp-content\/uploads\/2023\/12\/IMG_4356-1-1.jpg","_links":{"self":[{"href":"https:\/\/radiorevelacionfm.cl\/index.php?rest_route=\/wp\/v2\/posts\/38258","targetHints":{"allow":["GET"]}}],"collection":[{"href":"https:\/\/radiorevelacionfm.cl\/index.php?rest_route=\/wp\/v2\/posts"}],"about":[{"href":"https:\/\/radiorevelacionfm.cl\/index.php?rest_route=\/wp\/v2\/types\/post"}],"author":[{"embeddable":true,"href":"https:\/\/radiorevelacionfm.cl\/index.php?rest_route=\/wp\/v2\/users\/1"}],"replies":[{"embeddable":true,"href":"https:\/\/radiorevelacionfm.cl\/index.php?rest_route=%2Fwp%2Fv2%2Fcomments&post=38258"}],"version-history":[{"count":1,"href":"https:\/\/radiorevelacionfm.cl\/index.php?rest_route=\/wp\/v2\/posts\/38258\/revisions"}],"predecessor-version":[{"id":38260,"href":"https:\/\/radiorevelacionfm.cl\/index.php?rest_route=\/wp\/v2\/posts\/38258\/revisions\/38260"}],"wp:featuredmedia":[{"embeddable":true,"href":"https:\/\/radiorevelacionfm.cl\/index.php?rest_route=\/wp\/v2\/media\/38259"}],"wp:attachment":[{"href":"https:\/\/radiorevelacionfm.cl\/index.php?rest_route=%2Fwp%2Fv2%2Fmedia&parent=38258"}],"wp:term":[{"taxonomy":"category","embeddable":true,"href":"https:\/\/radiorevelacionfm.cl\/index.php?rest_route=%2Fwp%2Fv2%2Fcategories&post=38258"},{"taxonomy":"post_tag","embeddable":true,"href":"https:\/\/radiorevelacionfm.cl\/index.php?rest_route=%2Fwp%2Fv2%2Ftags&post=38258"}],"curies":[{"name":"wp","href":"https:\/\/api.w.org\/{rel}","templated":true}]}}