{"id":38254,"date":"2023-12-22T09:56:33","date_gmt":"2023-12-22T12:56:33","guid":{"rendered":"https:\/\/radiorevelacionfm.cl\/?p=38254"},"modified":"2023-12-22T09:56:33","modified_gmt":"2023-12-22T12:56:33","slug":"delegado-presidencial-regional-encabeza-ronda-extraordinaria-de-carabineros","status":"publish","type":"post","link":"https:\/\/radiorevelacionfm.cl\/?p=38254","title":{"rendered":"Delegado Presidencial Regional encabeza Ronda Extraordinaria de Carabineros"},"content":{"rendered":"<div class=\"flex_column av_one_full  flex_column_div av-zero-column-padding first  avia-builder-el-0  el_before_av_one_full  avia-builder-el-first  \" style='border-radius:0px; '><div  class='avia-image-container  av-styling-    avia-builder-el-1  avia-builder-el-no-sibling  avia-align-center '  itemprop=\"image\" itemscope=\"itemscope\" itemtype=\"https:\/\/schema.org\/ImageObject\"  ><div class='avia-image-container-inner'><div class='avia-image-overlay-wrap'><img decoding=\"async\" class='wp-image-38255 avia-img-lazy-loading-not-38255 avia_image' src=\"https:\/\/radiorevelacionfm.cl\/wp-content\/uploads\/2023\/12\/IMG_8158-1-1.jpg\" alt='' title='IMG_8158 (1) (1)' height=\"600\" width=\"969\"  itemprop=\"thumbnailUrl\" srcset=\"https:\/\/radiorevelacionfm.cl\/wp-content\/uploads\/2023\/12\/IMG_8158-1-1.jpg 969w, https:\/\/radiorevelacionfm.cl\/wp-content\/uploads\/2023\/12\/IMG_8158-1-1-300x186.jpg 300w, https:\/\/radiorevelacionfm.cl\/wp-content\/uploads\/2023\/12\/IMG_8158-1-1-768x476.jpg 768w, https:\/\/radiorevelacionfm.cl\/wp-content\/uploads\/2023\/12\/IMG_8158-1-1-705x437.jpg 705w, https:\/\/radiorevelacionfm.cl\/wp-content\/uploads\/2023\/12\/IMG_8158-1-1-450x279.jpg 450w, https:\/\/radiorevelacionfm.cl\/wp-content\/uploads\/2023\/12\/IMG_8158-1-1-600x372.jpg 600w\" sizes=\"(max-width: 969px) 100vw, 969px\" \/><\/div><\/div><\/div><\/div><div class=\"flex_column av_one_full  flex_column_div av-zero-column-padding first  avia-builder-el-2  el_after_av_one_full  el_before_av_one_full  column-top-margin\" style='border-radius:0px; '><section class=\"av_textblock_section \"  itemscope=\"itemscope\" itemtype=\"https:\/\/schema.org\/BlogPosting\" itemprop=\"blogPost\" ><div class='avia_textblock  '   itemprop=\"text\" ><h2 class=\"title\" style=\"text-align: center;\"><span style=\"font-size: 18pt;\"><b>Delegado Presidencial Regional encabeza Ronda Extraordinaria de Carabineros<\/b><\/span><\/h2>\n<div id=\"gtx-trans\" style=\"position: absolute; left: -50px; top: 4.31534px;\">\n<div class=\"gtx-trans-icon\"><\/div>\n<\/div>\n<\/div><\/section><\/div><div class=\"flex_column av_one_full  flex_column_div av-zero-column-padding first  avia-builder-el-4  el_after_av_one_full  el_before_av_hr  column-top-margin\" style='border-radius:0px; '><section class=\"av_textblock_section \"  itemscope=\"itemscope\" itemtype=\"https:\/\/schema.org\/BlogPosting\" itemprop=\"blogPost\" ><div class='avia_textblock  '   itemprop=\"text\" ><p style=\"font-weight: 400; text-align: justify;\">Con el objetivo de reforzar la prevenci\u00f3n durante las actividades de finalizaci\u00f3n de a\u00f1o y fortalecer la seguridad p\u00fablica de la poblaci\u00f3n, Carabineros de Chile despleg\u00f3 una Ronda Extraordinaria, coordinada por la Direcci\u00f3n de Orden y Seguridad de la instituci\u00f3n a nivel nacional.<\/p>\n<p style=\"font-weight: 400; text-align: justify;\">En la Regi\u00f3n de Ays\u00e9n el despliegue cont\u00f3 con la participaci\u00f3n del Delegado Presidencial Regional, Rodrigo Araya; la coordinadora de Seguridad P\u00fablica, Camila Covarrubias; jefe XI Zona de Carabineros, general Patricio Santos; y Prefecto de Carabineros, coronel Fuad Chab\u00e1n.<\/p>\n<p style=\"font-weight: 400; text-align: justify;\">\u201cCarabineros ha hecho un despliegue territorial importante. Este mi\u00e9rcoles se efectu\u00f3 una Ronda Extraordinaria que refuerza el trabajo que hace permanentemente Carabineros. Se control\u00f3 veh\u00edculos, locales de expendio de bebidas alcoh\u00f3licas y comercio, en el contexto de una navidad segura y la prevenci\u00f3n de accidentes y delitos este fin de a\u00f1o\u201d, destac\u00f3 Rodrigo Araya.<\/p>\n<p style=\"font-weight: 400; text-align: justify;\">El operativo arroj\u00f3 resultados favorables, de acuerdo al balance del coronel Chab\u00e1n. \u201cSe desplegaron distintos servicios extraordinarios en la regi\u00f3n, en las cuatro unidades, y servicios especializados, logrando detener a doce personas, diez de ellas con \u00f3rdenes vigentes y se realizaron m\u00e1s de 1.200 controles vehiculares y de personas y se cursaron infracciones al tr\u00e1nsito y alcoholes en esta ronda extraordinaria\u201d, detall\u00f3.<\/p>\n<p style=\"font-weight: 400; text-align: justify;\">En un balance anual de la gesti\u00f3n, el general Patricio Santos a\u00f1adi\u00f3 que \u201cCarabineros este a\u00f1o en la regi\u00f3n ha concretado cerca de 190.000 procedimientos y ha ejecutado 270 mil controles, y eso ha derivado en cerca de 4.400 personas detenidas. En comparaci\u00f3n a los registros del a\u00f1o anterior, estamos en el mismo nivel, tenemos una desviaci\u00f3n de 18 casos, muy parecido al del a\u00f1o anterior, para el cierre de este a\u00f1o\u201d.<\/p>\n<p style=\"font-weight: 400; text-align: justify;\">En tanto, Camila Covarrubias reafirm\u00f3 el n\u00famero *4242 Denuncia Seguro para denunciar de manera an\u00f3nima hechos delictivos sobre los que se tenga conocimiento.<\/p>\n<p style=\"font-weight: 400; text-align: justify;\">\u201cEstuvimos participando en la Ronda Extraordinaria que despleg\u00f3 Carabineros en toda la regi\u00f3n, para entregar m\u00e1s seguridad, difundiendo el n\u00famero *4242 Denuncia Seguro, an\u00f3nimo y gratuito para trabajar de manera colaborativa con las polic\u00edas y tener mejor calidad de vida en nuestros barrios\u201d, detall\u00f3.<\/p>\n<p style=\"font-weight: 400; text-align: justify;\">De acuerdo a las autoridades, este tipo de despliegues contribuyen a disminuir la sensaci\u00f3n de inseguridad, realizar prevenci\u00f3n activa en sectores espec\u00edficos, promover y fortalecer servicios para una navidad segura e informar sobre el autocuidado en estas fechas.<\/p>\n<\/div><\/section><\/div><div  style='height:50px' class='hr hr-invisible   avia-builder-el-6  el_after_av_one_full  el_before_av_social_share '><span class='hr-inner ' ><span class='hr-inner-style'><\/span><\/span><\/div><\/p>\n<div  class='av-social-sharing-box  avia-builder-el-7  el_after_av_hr  el_before_av_hr  '><div class='av-share-box'><h5 class='av-share-link-description av-no-toc '>Compartir esta noticia<\/h5><ul class='av-share-box-list noLightbox'><li class='av-share-link av-social-link-facebook' ><a target=\"_blank\" aria-label=\"Compartir en Facebook\" href='https:\/\/www.facebook.com\/sharer.php?u=https:\/\/radiorevelacionfm.cl\/?p=38254&#038;t=Delegado%20Presidencial%20Regional%20encabeza%20Ronda%20Extraordinaria%20de%20Carabineros' aria-hidden='false' data-av_icon='\ue8f3' data-av_iconfont='entypo-fontello' title='' data-avia-related-tooltip='Compartir en Facebook' rel=\"noopener\"><span class='avia_hidden_link_text'>Compartir en Facebook<\/span><\/a><\/li><li class='av-share-link av-social-link-twitter' ><a target=\"_blank\" aria-label=\"Compartir en Twitter\" href='https:\/\/twitter.com\/share?text=Delegado%20Presidencial%20Regional%20encabeza%20Ronda%20Extraordinaria%20de%20Carabineros&#038;url=https:\/\/radiorevelacionfm.cl\/?p=38254' aria-hidden='false' data-av_icon='\ue8f1' data-av_iconfont='entypo-fontello' title='' data-avia-related-tooltip='Compartir en Twitter' rel=\"noopener\"><span class='avia_hidden_link_text'>Compartir en Twitter<\/span><\/a><\/li><li class='av-share-link av-social-link-whatsapp' ><a target=\"_blank\" aria-label=\"Compartir en Whatsapp\" href='https:\/\/api.whatsapp.com\/send?text=https:\/\/radiorevelacionfm.cl\/?p=38254' aria-hidden='false' data-av_icon='\uf232' data-av_iconfont='entypo-fontello' title='' data-avia-related-tooltip='Compartir en Whatsapp' rel=\"noopener\"><span class='avia_hidden_link_text'>Compartir en Whatsapp<\/span><\/a><\/li><li class='av-share-link av-social-link-linkedin' ><a target=\"_blank\" aria-label=\"Compartir en LinkedIn\" href='https:\/\/linkedin.com\/shareArticle?mini=true&#038;title=Delegado%20Presidencial%20Regional%20encabeza%20Ronda%20Extraordinaria%20de%20Carabineros&#038;url=https:\/\/radiorevelacionfm.cl\/?p=38254' aria-hidden='false' data-av_icon='\ue8fc' data-av_iconfont='entypo-fontello' title='' data-avia-related-tooltip='Compartir en LinkedIn' rel=\"noopener\"><span class='avia_hidden_link_text'>Compartir en LinkedIn<\/span><\/a><\/li><li class='av-share-link av-social-link-mail' ><a  aria-label=\"Compartir por correo\" href='mailto:?subject=Delegado%20Presidencial%20Regional%20encabeza%20Ronda%20Extraordinaria%20de%20Carabineros&#038;body=https:\/\/radiorevelacionfm.cl\/?p=38254' aria-hidden='false' data-av_icon='\ue805' data-av_iconfont='entypo-fontello' title='' data-avia-related-tooltip='Compartir por correo'><span class='avia_hidden_link_text'>Compartir por correo<\/span><\/a><\/li><\/ul><\/div><\/div>\n<div  style='height:50px' class='hr hr-invisible   avia-builder-el-8  el_after_av_social_share  el_before_av_comments_list '><span class='hr-inner ' ><span class='hr-inner-style'><\/span><\/span><\/div>\n<div  class='av-buildercomment  av-blog-meta-html-info-disabled av-blog-meta-tag-disabled  '><\/div>\n","protected":false},"excerpt":{"rendered":"","protected":false},"author":1,"featured_media":38255,"comment_status":"open","ping_status":"open","sticky":false,"template":"","format":"standard","meta":{"footnotes":""},"categories":[36],"tags":[],"class_list":["post-38254","post","type-post","status-publish","format-standard","has-post-thumbnail","hentry","category-policial"],"jetpack_featured_media_url":"https:\/\/radiorevelacionfm.cl\/wp-content\/uploads\/2023\/12\/IMG_8158-1-1.jpg","_links":{"self":[{"href":"https:\/\/radiorevelacionfm.cl\/index.php?rest_route=\/wp\/v2\/posts\/38254","targetHints":{"allow":["GET"]}}],"collection":[{"href":"https:\/\/radiorevelacionfm.cl\/index.php?rest_route=\/wp\/v2\/posts"}],"about":[{"href":"https:\/\/radiorevelacionfm.cl\/index.php?rest_route=\/wp\/v2\/types\/post"}],"author":[{"embeddable":true,"href":"https:\/\/radiorevelacionfm.cl\/index.php?rest_route=\/wp\/v2\/users\/1"}],"replies":[{"embeddable":true,"href":"https:\/\/radiorevelacionfm.cl\/index.php?rest_route=%2Fwp%2Fv2%2Fcomments&post=38254"}],"version-history":[{"count":1,"href":"https:\/\/radiorevelacionfm.cl\/index.php?rest_route=\/wp\/v2\/posts\/38254\/revisions"}],"predecessor-version":[{"id":38256,"href":"https:\/\/radiorevelacionfm.cl\/index.php?rest_route=\/wp\/v2\/posts\/38254\/revisions\/38256"}],"wp:featuredmedia":[{"embeddable":true,"href":"https:\/\/radiorevelacionfm.cl\/index.php?rest_route=\/wp\/v2\/media\/38255"}],"wp:attachment":[{"href":"https:\/\/radiorevelacionfm.cl\/index.php?rest_route=%2Fwp%2Fv2%2Fmedia&parent=38254"}],"wp:term":[{"taxonomy":"category","embeddable":true,"href":"https:\/\/radiorevelacionfm.cl\/index.php?rest_route=%2Fwp%2Fv2%2Fcategories&post=38254"},{"taxonomy":"post_tag","embeddable":true,"href":"https:\/\/radiorevelacionfm.cl\/index.php?rest_route=%2Fwp%2Fv2%2Ftags&post=38254"}],"curies":[{"name":"wp","href":"https:\/\/api.w.org\/{rel}","templated":true}]}}