{"id":38251,"date":"2023-12-22T11:02:51","date_gmt":"2023-12-22T14:02:51","guid":{"rendered":"https:\/\/radiorevelacionfm.cl\/?p=38251"},"modified":"2023-12-22T11:02:51","modified_gmt":"2023-12-22T14:02:51","slug":"fondo-de-proteccion-ambiental-proyectos-ambientales-ciudadanos-destacan-en-gira-sur-del-seremi-del-medio-ambiente","status":"publish","type":"post","link":"https:\/\/radiorevelacionfm.cl\/?p=38251","title":{"rendered":"Fondo de Protecci\u00f3n Ambiental: Proyectos ambientales ciudadanos destacan en gira sur del Seremi del Medio Ambiente"},"content":{"rendered":"<div class=\"flex_column av_one_full  flex_column_div av-zero-column-padding first  avia-builder-el-0  el_before_av_one_full  avia-builder-el-first  \" style='border-radius:0px; '><div  class='avia-image-container  av-styling-    avia-builder-el-1  avia-builder-el-no-sibling  avia-align-center '  itemprop=\"image\" itemscope=\"itemscope\" itemtype=\"https:\/\/schema.org\/ImageObject\"  ><div class='avia-image-container-inner'><div class='avia-image-overlay-wrap'><img decoding=\"async\" class='wp-image-38252 avia-img-lazy-loading-not-38252 avia_image' src=\"https:\/\/radiorevelacionfm.cl\/wp-content\/uploads\/2023\/12\/15-11-1.jpg\" alt='' title='15 (11) (1)' height=\"600\" width=\"1008\"  itemprop=\"thumbnailUrl\" srcset=\"https:\/\/radiorevelacionfm.cl\/wp-content\/uploads\/2023\/12\/15-11-1.jpg 1008w, https:\/\/radiorevelacionfm.cl\/wp-content\/uploads\/2023\/12\/15-11-1-300x179.jpg 300w, https:\/\/radiorevelacionfm.cl\/wp-content\/uploads\/2023\/12\/15-11-1-768x457.jpg 768w, https:\/\/radiorevelacionfm.cl\/wp-content\/uploads\/2023\/12\/15-11-1-705x420.jpg 705w, https:\/\/radiorevelacionfm.cl\/wp-content\/uploads\/2023\/12\/15-11-1-450x268.jpg 450w, https:\/\/radiorevelacionfm.cl\/wp-content\/uploads\/2023\/12\/15-11-1-600x357.jpg 600w\" sizes=\"(max-width: 1008px) 100vw, 1008px\" \/><\/div><\/div><\/div><\/div><div class=\"flex_column av_one_full  flex_column_div av-zero-column-padding first  avia-builder-el-2  el_after_av_one_full  el_before_av_one_full  column-top-margin\" style='border-radius:0px; '><section class=\"av_textblock_section \"  itemscope=\"itemscope\" itemtype=\"https:\/\/schema.org\/BlogPosting\" itemprop=\"blogPost\" ><div class='avia_textblock  '   itemprop=\"text\" ><p style=\"text-align: center;\"><span style=\"font-size: 18pt;\"><strong>Fondo de Protecci\u00f3n Ambiental: <\/strong><strong>Proyectos ambientales ciudadanos destacan en gira sur del Seremi del Medio Ambiente.<\/strong><\/span><\/p>\n<div id=\"gtx-trans\" style=\"position: absolute; left: -50px; top: 4.31534px;\">\n<div class=\"gtx-trans-icon\"><\/div>\n<\/div>\n<\/div><\/section><\/div><div class=\"flex_column av_one_full  flex_column_div av-zero-column-padding first  avia-builder-el-4  el_after_av_one_full  el_before_av_hr  column-top-margin\" style='border-radius:0px; '><section class=\"av_textblock_section \"  itemscope=\"itemscope\" itemtype=\"https:\/\/schema.org\/BlogPosting\" itemprop=\"blogPost\" ><div class='avia_textblock  '   itemprop=\"text\" ><p style=\"text-align: justify;\">Como parte de la gira sur del Seremi del Medio Ambiente junto al equipo de Educaci\u00f3n Ambiental, los profesionales visitaron a los equipos ejecutores de dos Fondos de Protecci\u00f3n Ambiental en Puerto Guadal y Chile Chico, instancias financiadas desde el ministerio del Medio Ambiente para promover soluciones ambientales desde la ciudadan\u00eda en los territorios. Las visitas de supervisi\u00f3n permitieron conocer los avances e impactos de cada proyecto adjudicado durante 2023 y que ya se encuentran pr\u00f3ximos a su cierre.<\/p>\n<p style=\"text-align: justify;\">La primera visita se realiz\u00f3 al proyecto \u201cGuardianes de la estepa\u201d adjudicado al Centro General de Padres de la Escuela B\u00e1sica de Chile Chico. Dicho proyecto tiene por objeto relevar la importancia de especies end\u00e9micas en peligro de conservaci\u00f3n: cinco especies cact\u00e1ceas end\u00e9micas y el ave\u00a0 martineta; para esto definieron e implementaron dos programas de educaci\u00f3n ambiental, uno para cact\u00e1ceas y otro para martineta, los que contemplaron talleres y salidas a terreno en el marco de la metodolog\u00eda aula al aire libre. El Seremi del Medio Ambiente, Yoal D\u00edaz, en compa\u00f1\u00eda del Delegado Presidencial Provincial de General Carrera, Crist\u00f3bal Barcel\u00f3, participaron de una jornada educativa al aire libre junto a estudiantes de la brigada ambiental de la escuela, quienes explicaron a las autoridades en detalle el valor ecosist\u00e9mico de las especies a las que han orientado el proyecto.<\/p>\n<p style=\"text-align: justify;\"><em>\u201cLa escuela b\u00e1sica de Chile Chico tiene un compromiso con el medio ambiente a trav\u00e9s de su sello medioambiental y tambi\u00e9n de identidad patagona, eso es muy relevante porque el trabajo del FPA tiene que ver con las especies end\u00e9micas cact\u00e1ceas de la localidad y este trabajo de educaci\u00f3n al aire libre tiene un tremendo valor porque, ni\u00f1os y ni\u00f1as mostraban un proceso de aprendizaje muy potente\u201d<\/em><strong>,<\/strong> valor\u00f3 el Seremi del Medio Ambiente, sum\u00e1ndose tambi\u00e9n a sus palabras la coordinadora del proyecto FPA, Natalia Tapia, quien manifest\u00f3 <em>\u201cla verdad es que queda en evidencia que el aprendizaje en terreno, al aire libre, queda mucho m\u00e1s que un aprendizaje en cuatro paredes\u201d<\/em><strong>, <\/strong>as\u00ed tambi\u00e9n la profesora encargada de la participaci\u00f3n de la escuela en el Sistema Nacional de Certificaci\u00f3n Ambiental SNCAE, que ya ha alcanzado el nivel de excelencia, P\u00eda Mu\u00f1oz, coment\u00f3 que uno de los valores especiales del proyecto ha sido la capacidad de convocar en pleno a la comunidad educativa en las actividades, considerando al alumnado, apoderados, apoderadas y cuerpo docente.<\/p>\n<p style=\"text-align: justify;\">Respecto de lo aprendido en terreno, la estudiante de cuarto a\u00f1o b\u00e1sico de la Escuela B\u00e1sica de Chile Chico, Laura Altamirano, llam\u00f3 a la conservaci\u00f3n de las especies <em>\u201clos cactus est\u00e1n en peligro de extinci\u00f3n as\u00ed que los tenemos que cuidar, ver donde pisamos, no llevarlos para la casa porque ah\u00ed se mueren\u201d<\/em><b>.<\/b><\/p>\n<p style=\"text-align: justify;\">Luego fue el turno del proyecto adjudicado al centro de padres del jard\u00edn infantil JUNJI, El Para\u00edso, de Puerto Guadal bajo el nombre \u201cConociendo y cuidando la Flora Nativa en mi Jard\u00edn\u201d, cuyo objetivo es\u00a0 desarrollar estrategias educativas de aprendizaje y valoraci\u00f3n de especies de la flora nativa de la regi\u00f3n de Ays\u00e9n y sus ecosistemas, descubriendo la importancia de la biodiversidad mediante acciones sistem\u00e1ticas de exploraci\u00f3n y cuidado, las cuales son parte de la pr\u00e1ctica pedag\u00f3gica cotidiana del jard\u00edn infantil. Para esto comenzaron la plantaci\u00f3n de un peque\u00f1o bosque de especies nativas y se\u00f1al\u00e9ticas en el patio del jard\u00edn y adem\u00e1s encargaron la elaboraci\u00f3n de una obra de t\u00edteres, para compartir con la comunidad educativa los aprendizajes del proyecto. As\u00ed tambi\u00e9n consideraron salidas pedag\u00f3gicas, promoviendo desde todos los frentes valores ambientales en la primera infancia.<\/p>\n<p style=\"text-align: justify;\"><em>\u201cHa sido una muy linda experiencia, hemos aprendido much\u00edsimo, el centro de padres ha estado muy comprometido (\u2026) los ni\u00f1os y ni\u00f1as han ido desarrollando una sensibilidad con la naturaleza, lo que luego se convierte en un pensamiento ecol\u00f3gico\u201d<\/em>, destac\u00f3 la Directora del Jard\u00edn Infantil JUNJI, El Para\u00edso, Jessica Mardones.<\/p>\n<p style=\"text-align: justify;\">Finalmente, el Seremi del Medio Ambiente se manifest\u00f3 contento de ver c\u00f3mo ni\u00f1os y ni\u00f1as tienen una nueva oportunidad de conectar con el entorno mediante el proyecto FPA <em>\u201cque aprendan sobre la flora nativa de Puerto Guadal, y que vayan involucr\u00e1ndose en los procesos es s\u00faper interesante, adem\u00e1s sumando a la comunidad. Es un proyecto que ojal\u00e1 pudi\u00e9semos replicar en otros establecimientos\u201d<\/em><strong>, <\/strong>concluy\u00f3.<\/p>\n<\/div><\/section><\/div><div  style='height:50px' class='hr hr-invisible   avia-builder-el-6  el_after_av_one_full  el_before_av_social_share '><span class='hr-inner ' ><span class='hr-inner-style'><\/span><\/span><\/div><\/p>\n<div  class='av-social-sharing-box  avia-builder-el-7  el_after_av_hr  el_before_av_hr  '><div class='av-share-box'><h5 class='av-share-link-description av-no-toc '>Compartir esta noticia<\/h5><ul class='av-share-box-list noLightbox'><li class='av-share-link av-social-link-facebook' ><a target=\"_blank\" aria-label=\"Compartir en Facebook\" href='https:\/\/www.facebook.com\/sharer.php?u=https:\/\/radiorevelacionfm.cl\/?p=38251&#038;t=Fondo%20de%20Protecci%C3%B3n%20Ambiental%3A%20Proyectos%20ambientales%20ciudadanos%20destacan%20en%20gira%20sur%20del%20Seremi%20del%20Medio%20Ambiente' aria-hidden='false' data-av_icon='\ue8f3' data-av_iconfont='entypo-fontello' title='' data-avia-related-tooltip='Compartir en Facebook' rel=\"noopener\"><span class='avia_hidden_link_text'>Compartir en Facebook<\/span><\/a><\/li><li class='av-share-link av-social-link-twitter' ><a target=\"_blank\" aria-label=\"Compartir en Twitter\" href='https:\/\/twitter.com\/share?text=Fondo%20de%20Protecci%C3%B3n%20Ambiental%3A%20Proyectos%20ambientales%20ciudadanos%20destacan%20en%20gira%20sur%20del%20Seremi%20del%20Medio%20Ambiente&#038;url=https:\/\/radiorevelacionfm.cl\/?p=38251' aria-hidden='false' data-av_icon='\ue8f1' data-av_iconfont='entypo-fontello' title='' data-avia-related-tooltip='Compartir en Twitter' rel=\"noopener\"><span class='avia_hidden_link_text'>Compartir en Twitter<\/span><\/a><\/li><li class='av-share-link av-social-link-whatsapp' ><a target=\"_blank\" aria-label=\"Compartir en Whatsapp\" href='https:\/\/api.whatsapp.com\/send?text=https:\/\/radiorevelacionfm.cl\/?p=38251' aria-hidden='false' data-av_icon='\uf232' data-av_iconfont='entypo-fontello' title='' data-avia-related-tooltip='Compartir en Whatsapp' rel=\"noopener\"><span class='avia_hidden_link_text'>Compartir en Whatsapp<\/span><\/a><\/li><li class='av-share-link av-social-link-linkedin' ><a target=\"_blank\" aria-label=\"Compartir en LinkedIn\" href='https:\/\/linkedin.com\/shareArticle?mini=true&#038;title=Fondo%20de%20Protecci%C3%B3n%20Ambiental%3A%20Proyectos%20ambientales%20ciudadanos%20destacan%20en%20gira%20sur%20del%20Seremi%20del%20Medio%20Ambiente&#038;url=https:\/\/radiorevelacionfm.cl\/?p=38251' aria-hidden='false' data-av_icon='\ue8fc' data-av_iconfont='entypo-fontello' title='' data-avia-related-tooltip='Compartir en LinkedIn' rel=\"noopener\"><span class='avia_hidden_link_text'>Compartir en LinkedIn<\/span><\/a><\/li><li class='av-share-link av-social-link-mail' ><a  aria-label=\"Compartir por correo\" href='mailto:?subject=Fondo%20de%20Protecci%C3%B3n%20Ambiental%3A%20Proyectos%20ambientales%20ciudadanos%20destacan%20en%20gira%20sur%20del%20Seremi%20del%20Medio%20Ambiente&#038;body=https:\/\/radiorevelacionfm.cl\/?p=38251' aria-hidden='false' data-av_icon='\ue805' data-av_iconfont='entypo-fontello' title='' data-avia-related-tooltip='Compartir por correo'><span class='avia_hidden_link_text'>Compartir por correo<\/span><\/a><\/li><\/ul><\/div><\/div>\n<div  style='height:50px' class='hr hr-invisible   avia-builder-el-8  el_after_av_social_share  el_before_av_comments_list '><span class='hr-inner ' ><span class='hr-inner-style'><\/span><\/span><\/div>\n<div  class='av-buildercomment  av-blog-meta-html-info-disabled av-blog-meta-tag-disabled  '><\/div>\n","protected":false},"excerpt":{"rendered":"","protected":false},"author":1,"featured_media":38252,"comment_status":"open","ping_status":"open","sticky":false,"template":"","format":"standard","meta":{"footnotes":""},"categories":[39],"tags":[],"class_list":["post-38251","post","type-post","status-publish","format-standard","has-post-thumbnail","hentry","category-medio-ambiente"],"jetpack_featured_media_url":"https:\/\/radiorevelacionfm.cl\/wp-content\/uploads\/2023\/12\/15-11-1.jpg","_links":{"self":[{"href":"https:\/\/radiorevelacionfm.cl\/index.php?rest_route=\/wp\/v2\/posts\/38251","targetHints":{"allow":["GET"]}}],"collection":[{"href":"https:\/\/radiorevelacionfm.cl\/index.php?rest_route=\/wp\/v2\/posts"}],"about":[{"href":"https:\/\/radiorevelacionfm.cl\/index.php?rest_route=\/wp\/v2\/types\/post"}],"author":[{"embeddable":true,"href":"https:\/\/radiorevelacionfm.cl\/index.php?rest_route=\/wp\/v2\/users\/1"}],"replies":[{"embeddable":true,"href":"https:\/\/radiorevelacionfm.cl\/index.php?rest_route=%2Fwp%2Fv2%2Fcomments&post=38251"}],"version-history":[{"count":2,"href":"https:\/\/radiorevelacionfm.cl\/index.php?rest_route=\/wp\/v2\/posts\/38251\/revisions"}],"predecessor-version":[{"id":38269,"href":"https:\/\/radiorevelacionfm.cl\/index.php?rest_route=\/wp\/v2\/posts\/38251\/revisions\/38269"}],"wp:featuredmedia":[{"embeddable":true,"href":"https:\/\/radiorevelacionfm.cl\/index.php?rest_route=\/wp\/v2\/media\/38252"}],"wp:attachment":[{"href":"https:\/\/radiorevelacionfm.cl\/index.php?rest_route=%2Fwp%2Fv2%2Fmedia&parent=38251"}],"wp:term":[{"taxonomy":"category","embeddable":true,"href":"https:\/\/radiorevelacionfm.cl\/index.php?rest_route=%2Fwp%2Fv2%2Fcategories&post=38251"},{"taxonomy":"post_tag","embeddable":true,"href":"https:\/\/radiorevelacionfm.cl\/index.php?rest_route=%2Fwp%2Fv2%2Ftags&post=38251"}],"curies":[{"name":"wp","href":"https:\/\/api.w.org\/{rel}","templated":true}]}}