{"id":38248,"date":"2023-12-21T21:56:06","date_gmt":"2023-12-22T00:56:06","guid":{"rendered":"https:\/\/radiorevelacionfm.cl\/?p=38248"},"modified":"2023-12-21T21:56:06","modified_gmt":"2023-12-22T00:56:06","slug":"salud-y-latam-aseguran-transporte-de-cargas-de-medicamentos-y-examenes-para-red-asistencial","status":"publish","type":"post","link":"https:\/\/radiorevelacionfm.cl\/?p=38248","title":{"rendered":"Salud y Latam aseguran transporte de cargas de medicamentos y ex\u00e1menes para Red Asistencial"},"content":{"rendered":"<div class=\"flex_column av_one_full  flex_column_div av-zero-column-padding first  avia-builder-el-0  el_before_av_one_full  avia-builder-el-first  \" style='border-radius:0px; '><div  class='avia-image-container  av-styling-    avia-builder-el-1  avia-builder-el-no-sibling  avia-align-center '  itemprop=\"image\" itemscope=\"itemscope\" itemtype=\"https:\/\/schema.org\/ImageObject\"  ><div class='avia-image-container-inner'><div class='avia-image-overlay-wrap'><img decoding=\"async\" class='wp-image-38249 avia-img-lazy-loading-not-38249 avia_image' src=\"https:\/\/radiorevelacionfm.cl\/wp-content\/uploads\/2023\/12\/IMG_8226-1-1.jpg\" alt='' title='IMG_8226 (1) (1)' height=\"600\" width=\"875\"  itemprop=\"thumbnailUrl\" srcset=\"https:\/\/radiorevelacionfm.cl\/wp-content\/uploads\/2023\/12\/IMG_8226-1-1.jpg 875w, https:\/\/radiorevelacionfm.cl\/wp-content\/uploads\/2023\/12\/IMG_8226-1-1-300x206.jpg 300w, https:\/\/radiorevelacionfm.cl\/wp-content\/uploads\/2023\/12\/IMG_8226-1-1-768x527.jpg 768w, https:\/\/radiorevelacionfm.cl\/wp-content\/uploads\/2023\/12\/IMG_8226-1-1-705x483.jpg 705w, https:\/\/radiorevelacionfm.cl\/wp-content\/uploads\/2023\/12\/IMG_8226-1-1-450x309.jpg 450w, https:\/\/radiorevelacionfm.cl\/wp-content\/uploads\/2023\/12\/IMG_8226-1-1-600x411.jpg 600w\" sizes=\"(max-width: 875px) 100vw, 875px\" \/><\/div><\/div><\/div><\/div><div class=\"flex_column av_one_full  flex_column_div av-zero-column-padding first  avia-builder-el-2  el_after_av_one_full  el_before_av_one_full  column-top-margin\" style='border-radius:0px; '><section class=\"av_textblock_section \"  itemscope=\"itemscope\" itemtype=\"https:\/\/schema.org\/BlogPosting\" itemprop=\"blogPost\" ><div class='avia_textblock  '   itemprop=\"text\" ><h2 class=\"title\" style=\"text-align: center;\"><span style=\"font-size: 18pt;\"><b>Salud y Latam aseguran transporte de cargas de medicamentos y ex\u00e1menes para Red Asistencial<\/b><\/span><\/h2>\n<div id=\"gtx-trans\" style=\"position: absolute; left: -50px; top: 4.31534px;\">\n<div class=\"gtx-trans-icon\"><\/div>\n<\/div>\n<\/div><\/section><\/div><div class=\"flex_column av_one_full  flex_column_div av-zero-column-padding first  avia-builder-el-4  el_after_av_one_full  el_before_av_hr  column-top-margin\" style='border-radius:0px; '><section class=\"av_textblock_section \"  itemscope=\"itemscope\" itemtype=\"https:\/\/schema.org\/BlogPosting\" itemprop=\"blogPost\" ><div class='avia_textblock  '   itemprop=\"text\" ><p style=\"text-align: justify;\">Las autoridades del sector Salud y la Delegaci\u00f3n Presidencial de Ays\u00e9n sostuvieron una importante reuni\u00f3n con la plana gerencial de la aerol\u00ednea LatamAirlines con el objeto de asegurar el transporte de los insumos, medicamentos y ex\u00e1menes por parte de la empresa.<\/p>\n<p style=\"text-align: justify;\">\u201cSe trabaj\u00f3 para el aseguramiento del traslado de los tratamientos de quimioterapia desde Santiago a la regi\u00f3n y tambi\u00e9n de ex\u00e1menes altamente sensibles para diagn\u00f3stico y continuidad de tratamiento de pacientes de la regi\u00f3n, hacia Santiago. Se reconocieron los problemas t\u00e9cnicos que hab\u00eda tenido la empresa con respecto al traslado y se comprometieron a generar un protocolo nuevo que dise\u00f1aron y lo mostraron para resolver el problema\u201d, inform\u00f3 Rodrigo Araya, delegado regional.<\/p>\n<p style=\"text-align: justify;\">De este modo la empresa se comprometi\u00f3 a que este tipo de cargas contin\u00faen siendo priorizadas en el aeropuerto.<\/p>\n<p style=\"text-align: justify;\">Las autoridades agradecieron el esfuerzo y el rol que cumple Latam en la salud p\u00fablica de la regi\u00f3n de Ays\u00e9n.<\/p>\n<p style=\"text-align: justify;\">Mientras Juan Pablo Bravo, director del SSA, expres\u00f3 que se mantendr\u00e1 una comunicaci\u00f3n fluida con la l\u00ednea a\u00e9rea y \u201cse va a trabajar en un proceso a largo plazo para priorizar y que se asegure el traslado de estas cargas, as\u00ed que le doy la tranquilidad a todos nuestros pacientes van a recibir sus tratamientos\u201d.<\/p>\n<p style=\"text-align: justify;\">Hace unos d\u00edas la carga de medicamentos e insumos de quimioterapia fue postergada por parte de la empresa a\u00e9rea, lo cual se tradujo en algunos inconvenientes que dieron paso a esta coordinaci\u00f3n p\u00fablico-privada.<\/p>\n<p style=\"text-align: justify;\">Daniel Jara, director del Hospital Regional Coyhaique, precis\u00f3 que \u201cestamos siempre alerta de tratar de garantizar con las condiciones particulares de nuestra regi\u00f3n la atenci\u00f3n oportuna y esta atenci\u00f3n pasa por los ex\u00e1menes por las cargas que van y vienen desde Coyhaique a nivel central y frente a esa preocupaci\u00f3n por la no llegada la semana pasada de unas qumioterapias hoy se concret\u00f3 una reuni\u00f3n con la gerencia de LATAM y estamos generando los flujos que nos permitir\u00e1n garantizar que nuestros usuarios mantengan sus tratamientos al d\u00eda\u201d.<\/p>\n<p style=\"text-align: justify;\">En tanto Paola Pe\u00f1a, en representaci\u00f3n de la seremi de Salud, manifest\u00f3 que \u201cllegamos a buenos acuerdos con la empresa LATAM, as\u00ed que transmitirles a la comunidad tranquilidad y que estamos en permanente coordinaci\u00f3n, preocupaci\u00f3n con los equipos de salud y directivos\u201d.<\/p>\n<\/div><\/section><\/div><div  style='height:50px' class='hr hr-invisible   avia-builder-el-6  el_after_av_one_full  el_before_av_social_share '><span class='hr-inner ' ><span class='hr-inner-style'><\/span><\/span><\/div><\/p>\n<div  class='av-social-sharing-box  avia-builder-el-7  el_after_av_hr  el_before_av_hr  '><div class='av-share-box'><h5 class='av-share-link-description av-no-toc '>Compartir esta noticia<\/h5><ul class='av-share-box-list noLightbox'><li class='av-share-link av-social-link-facebook' ><a target=\"_blank\" aria-label=\"Compartir en Facebook\" href='https:\/\/www.facebook.com\/sharer.php?u=https:\/\/radiorevelacionfm.cl\/?p=38248&#038;t=Salud%20y%20Latam%20aseguran%20transporte%20de%20cargas%20de%20medicamentos%20y%20ex%C3%A1menes%20para%20Red%20Asistencial' aria-hidden='false' data-av_icon='\ue8f3' data-av_iconfont='entypo-fontello' title='' data-avia-related-tooltip='Compartir en Facebook' rel=\"noopener\"><span class='avia_hidden_link_text'>Compartir en Facebook<\/span><\/a><\/li><li class='av-share-link av-social-link-twitter' ><a target=\"_blank\" aria-label=\"Compartir en Twitter\" href='https:\/\/twitter.com\/share?text=Salud%20y%20Latam%20aseguran%20transporte%20de%20cargas%20de%20medicamentos%20y%20ex%C3%A1menes%20para%20Red%20Asistencial&#038;url=https:\/\/radiorevelacionfm.cl\/?p=38248' aria-hidden='false' data-av_icon='\ue8f1' data-av_iconfont='entypo-fontello' title='' data-avia-related-tooltip='Compartir en Twitter' rel=\"noopener\"><span class='avia_hidden_link_text'>Compartir en Twitter<\/span><\/a><\/li><li class='av-share-link av-social-link-whatsapp' ><a target=\"_blank\" aria-label=\"Compartir en Whatsapp\" href='https:\/\/api.whatsapp.com\/send?text=https:\/\/radiorevelacionfm.cl\/?p=38248' aria-hidden='false' data-av_icon='\uf232' data-av_iconfont='entypo-fontello' title='' data-avia-related-tooltip='Compartir en Whatsapp' rel=\"noopener\"><span class='avia_hidden_link_text'>Compartir en Whatsapp<\/span><\/a><\/li><li class='av-share-link av-social-link-linkedin' ><a target=\"_blank\" aria-label=\"Compartir en LinkedIn\" href='https:\/\/linkedin.com\/shareArticle?mini=true&#038;title=Salud%20y%20Latam%20aseguran%20transporte%20de%20cargas%20de%20medicamentos%20y%20ex%C3%A1menes%20para%20Red%20Asistencial&#038;url=https:\/\/radiorevelacionfm.cl\/?p=38248' aria-hidden='false' data-av_icon='\ue8fc' data-av_iconfont='entypo-fontello' title='' data-avia-related-tooltip='Compartir en LinkedIn' rel=\"noopener\"><span class='avia_hidden_link_text'>Compartir en LinkedIn<\/span><\/a><\/li><li class='av-share-link av-social-link-mail' ><a  aria-label=\"Compartir por correo\" href='mailto:?subject=Salud%20y%20Latam%20aseguran%20transporte%20de%20cargas%20de%20medicamentos%20y%20ex%C3%A1menes%20para%20Red%20Asistencial&#038;body=https:\/\/radiorevelacionfm.cl\/?p=38248' aria-hidden='false' data-av_icon='\ue805' data-av_iconfont='entypo-fontello' title='' data-avia-related-tooltip='Compartir por correo'><span class='avia_hidden_link_text'>Compartir por correo<\/span><\/a><\/li><\/ul><\/div><\/div>\n<div  style='height:50px' class='hr hr-invisible   avia-builder-el-8  el_after_av_social_share  el_before_av_comments_list '><span class='hr-inner ' ><span class='hr-inner-style'><\/span><\/span><\/div>\n<div  class='av-buildercomment  av-blog-meta-html-info-disabled av-blog-meta-tag-disabled  '><\/div>\n","protected":false},"excerpt":{"rendered":"","protected":false},"author":1,"featured_media":38249,"comment_status":"open","ping_status":"open","sticky":false,"template":"","format":"standard","meta":{"footnotes":""},"categories":[46],"tags":[],"class_list":["post-38248","post","type-post","status-publish","format-standard","has-post-thumbnail","hentry","category-salud"],"jetpack_featured_media_url":"https:\/\/radiorevelacionfm.cl\/wp-content\/uploads\/2023\/12\/IMG_8226-1-1.jpg","_links":{"self":[{"href":"https:\/\/radiorevelacionfm.cl\/index.php?rest_route=\/wp\/v2\/posts\/38248","targetHints":{"allow":["GET"]}}],"collection":[{"href":"https:\/\/radiorevelacionfm.cl\/index.php?rest_route=\/wp\/v2\/posts"}],"about":[{"href":"https:\/\/radiorevelacionfm.cl\/index.php?rest_route=\/wp\/v2\/types\/post"}],"author":[{"embeddable":true,"href":"https:\/\/radiorevelacionfm.cl\/index.php?rest_route=\/wp\/v2\/users\/1"}],"replies":[{"embeddable":true,"href":"https:\/\/radiorevelacionfm.cl\/index.php?rest_route=%2Fwp%2Fv2%2Fcomments&post=38248"}],"version-history":[{"count":1,"href":"https:\/\/radiorevelacionfm.cl\/index.php?rest_route=\/wp\/v2\/posts\/38248\/revisions"}],"predecessor-version":[{"id":38250,"href":"https:\/\/radiorevelacionfm.cl\/index.php?rest_route=\/wp\/v2\/posts\/38248\/revisions\/38250"}],"wp:featuredmedia":[{"embeddable":true,"href":"https:\/\/radiorevelacionfm.cl\/index.php?rest_route=\/wp\/v2\/media\/38249"}],"wp:attachment":[{"href":"https:\/\/radiorevelacionfm.cl\/index.php?rest_route=%2Fwp%2Fv2%2Fmedia&parent=38248"}],"wp:term":[{"taxonomy":"category","embeddable":true,"href":"https:\/\/radiorevelacionfm.cl\/index.php?rest_route=%2Fwp%2Fv2%2Fcategories&post=38248"},{"taxonomy":"post_tag","embeddable":true,"href":"https:\/\/radiorevelacionfm.cl\/index.php?rest_route=%2Fwp%2Fv2%2Ftags&post=38248"}],"curies":[{"name":"wp","href":"https:\/\/api.w.org\/{rel}","templated":true}]}}