{"id":38242,"date":"2023-12-22T09:54:51","date_gmt":"2023-12-22T12:54:51","guid":{"rendered":"https:\/\/radiorevelacionfm.cl\/?p=38242"},"modified":"2023-12-22T09:54:51","modified_gmt":"2023-12-22T12:54:51","slug":"transparencia-y-equidad-presidente-firmo-proyecto-de-nueva-ley-de-pesca","status":"publish","type":"post","link":"https:\/\/radiorevelacionfm.cl\/?p=38242","title":{"rendered":"Transparencia y equidad, Presidente firm\u00f3 Proyecto de Nueva Ley de Pesca"},"content":{"rendered":"<div class=\"flex_column av_one_full  flex_column_div av-zero-column-padding first  avia-builder-el-0  el_before_av_one_full  avia-builder-el-first  \" style='border-radius:0px; '><div  class='avia-image-container  av-styling-    avia-builder-el-1  avia-builder-el-no-sibling  avia-align-center '  itemprop=\"image\" itemscope=\"itemscope\" itemtype=\"https:\/\/schema.org\/ImageObject\"  ><div class='avia-image-container-inner'><div class='avia-image-overlay-wrap'><img decoding=\"async\" class='wp-image-38243 avia-img-lazy-loading-not-38243 avia_image' src=\"https:\/\/radiorevelacionfm.cl\/wp-content\/uploads\/2023\/12\/PESCADORES-1-1.jpeg\" alt='' title='PESCADORES (1) (1)' height=\"600\" width=\"898\"  itemprop=\"thumbnailUrl\" srcset=\"https:\/\/radiorevelacionfm.cl\/wp-content\/uploads\/2023\/12\/PESCADORES-1-1.jpeg 898w, https:\/\/radiorevelacionfm.cl\/wp-content\/uploads\/2023\/12\/PESCADORES-1-1-300x200.jpeg 300w, https:\/\/radiorevelacionfm.cl\/wp-content\/uploads\/2023\/12\/PESCADORES-1-1-768x513.jpeg 768w, https:\/\/radiorevelacionfm.cl\/wp-content\/uploads\/2023\/12\/PESCADORES-1-1-705x471.jpeg 705w, https:\/\/radiorevelacionfm.cl\/wp-content\/uploads\/2023\/12\/PESCADORES-1-1-450x301.jpeg 450w, https:\/\/radiorevelacionfm.cl\/wp-content\/uploads\/2023\/12\/PESCADORES-1-1-600x401.jpeg 600w\" sizes=\"(max-width: 898px) 100vw, 898px\" \/><\/div><\/div><\/div><\/div><div class=\"flex_column av_one_full  flex_column_div av-zero-column-padding first  avia-builder-el-2  el_after_av_one_full  el_before_av_one_full  column-top-margin\" style='border-radius:0px; '><section class=\"av_textblock_section \"  itemscope=\"itemscope\" itemtype=\"https:\/\/schema.org\/BlogPosting\" itemprop=\"blogPost\" ><div class='avia_textblock  '   itemprop=\"text\" ><p style=\"text-align: center;\"><strong>\u00a0\u00a0\u00a0\u00a0\u00a0\u00a0\u00a0<span style=\"font-size: 18pt;\"> Transparencia y equidad, Presidente firm\u00f3 Proyecto de Nueva Ley de Pesca<\/span><\/strong><\/p>\n<div id=\"gtx-trans\" style=\"position: absolute; left: -50px; top: 4.31534px;\">\n<div class=\"gtx-trans-icon\"><\/div>\n<\/div>\n<\/div><\/section><\/div><div class=\"flex_column av_one_full  flex_column_div av-zero-column-padding first  avia-builder-el-4  el_after_av_one_full  el_before_av_hr  column-top-margin\" style='border-radius:0px; '><section class=\"av_textblock_section \"  itemscope=\"itemscope\" itemtype=\"https:\/\/schema.org\/BlogPosting\" itemprop=\"blogPost\" ><div class='avia_textblock  '   itemprop=\"text\" ><p style=\"text-align: justify;\"><em>El Presidente Gabriel Boric, firm\u00f3 el Proyecto de Nueva Ley de Pesca, texto que introduce transparencia en el sector, elevando est\u00e1ndares, sin espacio para la corrupci\u00f3n. Aumenta la equidad, mejorando la distribuci\u00f3n de cuotas entre artesanales e industriales. Adem\u00e1s, promueve el desarrollo pesquero sostenible, avanzando en ciencia e innovaci\u00f3n, escuchando a todas y todos, para cuidar al mar y cuidar a las personas.<\/em><\/p>\n<p style=\"text-align: justify;\">El Proyecto de Nueva Ley de Pesca, significa dar un paso importante en materia de transparencia y un avance mayor en equidad para el sector, impulsando el desarrollo pesquero sostenible en nuestras aguas. El resultado de este texto que deber\u00e1 ser discutido prontamente en el Congreso, es el fruto de un extenso e intenso proceso participativo, \u00a0di\u00e1logos que se han convertido en uno de los sellos del Gobierno para impulsar pol\u00edticas p\u00fablicas que sean fruto de procesos participativos. Esa fue la tarea que se le encomend\u00f3 al Ministerio de Econom\u00eda, y en particular a la Subsecretar\u00eda de Pesca y Acuicultura. En ese entendido se realizaron m\u00e1s de 200 encuentros con los distintos actores del sector (pesca artesanal, industrial, mujeres que se dedican a las actividades conexas, trabajadores de las plantas de proceso, acad\u00e9micos, cient\u00edficos, etc.), en caletas a lo largo del pa\u00eds, en los que participaron m\u00e1s de 6 mil personas. En esas instancias se recogieron inquietudes, desaf\u00edos y propuestas, muchas de las cuales fueron considerados en la redacci\u00f3n del proyecto de nueva Ley de Pesca, ya firmado por el Presidente Gabriel Boric.<\/p>\n<p style=\"text-align: justify;\">El Delegado Presidencial Regional; Rodrigo Araya Morales, subray\u00f3 la gravitancia de este hito; <em>\u201cNosotros creemos que es en el Congreso donde todos los actores involucrados tienen la oportunidad de conversar, plantear observaciones y hacer las modificaciones que se requiera para que esta ley cuente con legitimidad. Es muy necesario contar una ley de Pesca para el desarrollo del sector pesquero de nuestro pa\u00eds y para el desarrollo sostenible de Chile.\u201d<\/em><\/p>\n<p style=\"text-align: justify;\">Transparencia en el sector pesquero, se concreta y asegura la distribuci\u00f3n equitativa de los recursos, la importancia de incentivar la pesca dirigida al consumo humano directo, se fortalece la investigaci\u00f3n cient\u00edfica sobre nuestros recursos hidrobiol\u00f3gicos, se establece la urgencia de proporcionar condiciones m\u00ednimas de protecci\u00f3n social para los pescadores y pescadoras artesanales, especial \u00e9nfasis en la importancia de fortalecer la fiscalizaci\u00f3n para combatir la pesca ilegal en sus diferentes formas y adem\u00e1s, se robustece el desarrollo sostenible de la actividad. Son algunos de los cambios y avances que propone el proyecto que ahora deber\u00e1 iniciar su tr\u00e1mite en el Congreso Nacional.<\/p>\n<p style=\"text-align: justify;\">Sobre la materia el Seremi de Econom\u00eda; Felipe Rojas Pizarro destac\u00f3 que; <em>\u201cLa nueva Ley de Pesca es un avance relevante para el desarrollo regional, ya que introduce elementos de mayor transparencia, equidad e impulso a la sostenibilidad de este sector en el pa\u00eds y en la Regi\u00f3n de Ays\u00e9n. En lo econ\u00f3mico, es una oportunidad para el sector de la pesca regional, para avanzar en promover el desarrollo pesquero sostenible, avanzando en ciencia e innovaci\u00f3n, escuchando a todas y todos, para cuidar al mar y cuidar a las personas y as\u00ed garantizar el futuro sostenible de la actividad pesquera. Hoy, es esencial que el Estado fortalezca su regulaci\u00f3n y monitoreo en estas actividades.\u201d<\/em><\/p>\n<p style=\"text-align: justify;\">Sobre los plazos que deber\u00e1n establecerse para que este proyecto est\u00e9 en discusi\u00f3n parlamentaria, se subray\u00f3 que el Gobierno espera poder ingresar el proyecto al Congreso antes de que acabe este a\u00f1o 2023.<\/p>\n<\/div><\/section><\/div><div  style='height:50px' class='hr hr-invisible   avia-builder-el-6  el_after_av_one_full  el_before_av_social_share '><span class='hr-inner ' ><span class='hr-inner-style'><\/span><\/span><\/div><\/p>\n<div  class='av-social-sharing-box  avia-builder-el-7  el_after_av_hr  el_before_av_hr  '><div class='av-share-box'><h5 class='av-share-link-description av-no-toc '>Compartir esta noticia<\/h5><ul class='av-share-box-list noLightbox'><li class='av-share-link av-social-link-facebook' ><a target=\"_blank\" aria-label=\"Compartir en Facebook\" href='https:\/\/www.facebook.com\/sharer.php?u=https:\/\/radiorevelacionfm.cl\/?p=38242&#038;t=Transparencia%20y%20equidad%2C%20Presidente%20firm%C3%B3%20Proyecto%20de%20Nueva%20Ley%20de%20Pesca' aria-hidden='false' data-av_icon='\ue8f3' data-av_iconfont='entypo-fontello' title='' data-avia-related-tooltip='Compartir en Facebook' rel=\"noopener\"><span class='avia_hidden_link_text'>Compartir en Facebook<\/span><\/a><\/li><li class='av-share-link av-social-link-twitter' ><a target=\"_blank\" aria-label=\"Compartir en Twitter\" href='https:\/\/twitter.com\/share?text=Transparencia%20y%20equidad%2C%20Presidente%20firm%C3%B3%20Proyecto%20de%20Nueva%20Ley%20de%20Pesca&#038;url=https:\/\/radiorevelacionfm.cl\/?p=38242' aria-hidden='false' data-av_icon='\ue8f1' data-av_iconfont='entypo-fontello' title='' data-avia-related-tooltip='Compartir en Twitter' rel=\"noopener\"><span class='avia_hidden_link_text'>Compartir en Twitter<\/span><\/a><\/li><li class='av-share-link av-social-link-whatsapp' ><a target=\"_blank\" aria-label=\"Compartir en Whatsapp\" href='https:\/\/api.whatsapp.com\/send?text=https:\/\/radiorevelacionfm.cl\/?p=38242' aria-hidden='false' data-av_icon='\uf232' data-av_iconfont='entypo-fontello' title='' data-avia-related-tooltip='Compartir en Whatsapp' rel=\"noopener\"><span class='avia_hidden_link_text'>Compartir en Whatsapp<\/span><\/a><\/li><li class='av-share-link av-social-link-linkedin' ><a target=\"_blank\" aria-label=\"Compartir en LinkedIn\" href='https:\/\/linkedin.com\/shareArticle?mini=true&#038;title=Transparencia%20y%20equidad%2C%20Presidente%20firm%C3%B3%20Proyecto%20de%20Nueva%20Ley%20de%20Pesca&#038;url=https:\/\/radiorevelacionfm.cl\/?p=38242' aria-hidden='false' data-av_icon='\ue8fc' data-av_iconfont='entypo-fontello' title='' data-avia-related-tooltip='Compartir en LinkedIn' rel=\"noopener\"><span class='avia_hidden_link_text'>Compartir en LinkedIn<\/span><\/a><\/li><li class='av-share-link av-social-link-mail' ><a  aria-label=\"Compartir por correo\" href='mailto:?subject=Transparencia%20y%20equidad%2C%20Presidente%20firm%C3%B3%20Proyecto%20de%20Nueva%20Ley%20de%20Pesca&#038;body=https:\/\/radiorevelacionfm.cl\/?p=38242' aria-hidden='false' data-av_icon='\ue805' data-av_iconfont='entypo-fontello' title='' data-avia-related-tooltip='Compartir por correo'><span class='avia_hidden_link_text'>Compartir por correo<\/span><\/a><\/li><\/ul><\/div><\/div>\n<div  style='height:50px' class='hr hr-invisible   avia-builder-el-8  el_after_av_social_share  el_before_av_comments_list '><span class='hr-inner ' ><span class='hr-inner-style'><\/span><\/span><\/div>\n<div  class='av-buildercomment  av-blog-meta-html-info-disabled av-blog-meta-tag-disabled  '><\/div>\n","protected":false},"excerpt":{"rendered":"","protected":false},"author":1,"featured_media":38243,"comment_status":"open","ping_status":"open","sticky":false,"template":"","format":"standard","meta":{"footnotes":""},"categories":[60],"tags":[],"class_list":["post-38242","post","type-post","status-publish","format-standard","has-post-thumbnail","hentry","category-pesca"],"jetpack_featured_media_url":"https:\/\/radiorevelacionfm.cl\/wp-content\/uploads\/2023\/12\/PESCADORES-1-1.jpeg","_links":{"self":[{"href":"https:\/\/radiorevelacionfm.cl\/index.php?rest_route=\/wp\/v2\/posts\/38242","targetHints":{"allow":["GET"]}}],"collection":[{"href":"https:\/\/radiorevelacionfm.cl\/index.php?rest_route=\/wp\/v2\/posts"}],"about":[{"href":"https:\/\/radiorevelacionfm.cl\/index.php?rest_route=\/wp\/v2\/types\/post"}],"author":[{"embeddable":true,"href":"https:\/\/radiorevelacionfm.cl\/index.php?rest_route=\/wp\/v2\/users\/1"}],"replies":[{"embeddable":true,"href":"https:\/\/radiorevelacionfm.cl\/index.php?rest_route=%2Fwp%2Fv2%2Fcomments&post=38242"}],"version-history":[{"count":1,"href":"https:\/\/radiorevelacionfm.cl\/index.php?rest_route=\/wp\/v2\/posts\/38242\/revisions"}],"predecessor-version":[{"id":38244,"href":"https:\/\/radiorevelacionfm.cl\/index.php?rest_route=\/wp\/v2\/posts\/38242\/revisions\/38244"}],"wp:featuredmedia":[{"embeddable":true,"href":"https:\/\/radiorevelacionfm.cl\/index.php?rest_route=\/wp\/v2\/media\/38243"}],"wp:attachment":[{"href":"https:\/\/radiorevelacionfm.cl\/index.php?rest_route=%2Fwp%2Fv2%2Fmedia&parent=38242"}],"wp:term":[{"taxonomy":"category","embeddable":true,"href":"https:\/\/radiorevelacionfm.cl\/index.php?rest_route=%2Fwp%2Fv2%2Fcategories&post=38242"},{"taxonomy":"post_tag","embeddable":true,"href":"https:\/\/radiorevelacionfm.cl\/index.php?rest_route=%2Fwp%2Fv2%2Ftags&post=38242"}],"curies":[{"name":"wp","href":"https:\/\/api.w.org\/{rel}","templated":true}]}}