{"id":38239,"date":"2023-12-21T21:19:42","date_gmt":"2023-12-22T00:19:42","guid":{"rendered":"https:\/\/radiorevelacionfm.cl\/?p=38239"},"modified":"2023-12-21T21:19:42","modified_gmt":"2023-12-22T00:19:42","slug":"seminario-de-fomento-lector-convoco-a-docentes-de-toda-la-region-de-aysen","status":"publish","type":"post","link":"https:\/\/radiorevelacionfm.cl\/?p=38239","title":{"rendered":"Seminario de Fomento Lector convoc\u00f3 a docentes de toda la regi\u00f3n de Ays\u00e9n"},"content":{"rendered":"<div class=\"flex_column av_one_full  flex_column_div av-zero-column-padding first  avia-builder-el-0  el_before_av_one_full  avia-builder-el-first  \" style='border-radius:0px; '><div  class='avia-image-container  av-styling-    avia-builder-el-1  avia-builder-el-no-sibling  avia-align-center '  itemprop=\"image\" itemscope=\"itemscope\" itemtype=\"https:\/\/schema.org\/ImageObject\"  ><div class='avia-image-container-inner'><div class='avia-image-overlay-wrap'><img decoding=\"async\" class='wp-image-38240 avia-img-lazy-loading-not-38240 avia_image' src=\"https:\/\/radiorevelacionfm.cl\/wp-content\/uploads\/2023\/12\/IMG_7525-1-1.jpg\" alt='' title='IMG_7525 (1) (1)' height=\"600\" width=\"1012\"  itemprop=\"thumbnailUrl\" srcset=\"https:\/\/radiorevelacionfm.cl\/wp-content\/uploads\/2023\/12\/IMG_7525-1-1.jpg 1012w, https:\/\/radiorevelacionfm.cl\/wp-content\/uploads\/2023\/12\/IMG_7525-1-1-300x178.jpg 300w, https:\/\/radiorevelacionfm.cl\/wp-content\/uploads\/2023\/12\/IMG_7525-1-1-768x455.jpg 768w, https:\/\/radiorevelacionfm.cl\/wp-content\/uploads\/2023\/12\/IMG_7525-1-1-705x418.jpg 705w, https:\/\/radiorevelacionfm.cl\/wp-content\/uploads\/2023\/12\/IMG_7525-1-1-450x267.jpg 450w, https:\/\/radiorevelacionfm.cl\/wp-content\/uploads\/2023\/12\/IMG_7525-1-1-600x356.jpg 600w\" sizes=\"(max-width: 1012px) 100vw, 1012px\" \/><\/div><\/div><\/div><\/div><div class=\"flex_column av_one_full  flex_column_div av-zero-column-padding first  avia-builder-el-2  el_after_av_one_full  el_before_av_one_full  column-top-margin\" style='border-radius:0px; '><section class=\"av_textblock_section \"  itemscope=\"itemscope\" itemtype=\"https:\/\/schema.org\/BlogPosting\" itemprop=\"blogPost\" ><div class='avia_textblock  '   itemprop=\"text\" ><p style=\"text-align: center;\"><span style=\"font-size: 18pt;\"><strong>Seminario de Fomento Lector convoc\u00f3 a docentes de toda la regi\u00f3n de Ays\u00e9n<\/strong><\/span><\/p>\n<div id=\"gtx-trans\" style=\"position: absolute; left: -50px; top: 4.31534px;\">\n<div class=\"gtx-trans-icon\"><\/div>\n<\/div>\n<\/div><\/section><\/div><div class=\"flex_column av_one_full  flex_column_div av-zero-column-padding first  avia-builder-el-4  el_after_av_one_full  el_before_av_hr  column-top-margin\" style='border-radius:0px; '><section class=\"av_textblock_section \"  itemscope=\"itemscope\" itemtype=\"https:\/\/schema.org\/BlogPosting\" itemprop=\"blogPost\" ><div class='avia_textblock  '   itemprop=\"text\" ><p style=\"text-align: justify;\"><em>El encuentro congreg\u00f3 a representantes de establecimientos educacionales rurales y urbanos, adem\u00e1s de personas interesadas en promover el disfrute de la lectura.<\/em><\/p>\n<p style=\"text-align: justify;\">Con la participaci\u00f3n de docentes de establecimientos educacionales de la regi\u00f3n, autoridades y p\u00fablico en general, se realiz\u00f3 el II Seminario Regional de Fomento y Mediaci\u00f3n Lectora \u00abMotivaci\u00f3n de la lectura, desaf\u00edos desde la regi\u00f3n de Ays\u00e9n\u00bb, organizado por el Campus Patagonia de la Universidad Austral de Chile y el Grupo de Innovaci\u00f3n en Did\u00e1ctica de la lectura de Ays\u00e9n, financiado por el 8% FNDR del Gobierno Regional.<\/p>\n<p style=\"text-align: justify;\">El objetivo principal de la actividad, fue articular a profesores de escuelas de sectores rurales y urbanos en torno a la generaci\u00f3n de estrategias que permitan potenciar el inter\u00e9s de los y las estudiantes por la lectura, adem\u00e1s de compartir experiencias y elaborar propuestas que disminuyan la brecha regional en torno a la comprensi\u00f3n lectora.<\/p>\n<p style=\"text-align: justify;\">El seminario cont\u00f3 con la charla magistral: \u201cMotivaci\u00f3n a la lectura: Una invitaci\u00f3n desde la escuela\u201d a cargo de la Dra. Pelusa Orellana, acad\u00e9mica y directora del Centro de Investigaci\u00f3n e Innovaci\u00f3n de la Lectura (CIIL) de la Universidad de los Andes.<\/p>\n<p style=\"text-align: justify;\">Al concluir este encuentro, el director del proyecto, profesor Jos\u00e9 Peiret Villacura, se\u00f1al\u00f3 que \u00abestamos muy felices con este hito de cierre de nuestro proyecto, porque la totalidad de los objetivos propuestos se han logrado. Principalmente,\u00a0 los orientados a apoyar la articulaci\u00f3n de docentes de sectores rurales y urbanos de la regi\u00f3n de Ays\u00e9n en torno al fomento lector. Gracias al financiamiento del Gobierno Regional pudimos realizar este seminario como un espacio de aprendizaje y trabajo entre pares, para que mediadores de lectura de espacios formales y no formales de educaci\u00f3n compartieran sus experiencias y actualizaran algunos conocimientos\u201d.<\/p>\n<p style=\"text-align: justify;\">El proyecto tuvo como principal objetivo el fortalecimiento de los procesos de mediaci\u00f3n, fomento y formaci\u00f3n de la lectura en tres establecimientos de contextos rurales en la regi\u00f3n de Ays\u00e9n, a trav\u00e9s del desarrollo de an\u00e1lisis diagn\u00f3sticos que involucren a las comunidades educativas, en favor de articular propuestas de sugerencias a los Planes Lectores y diversas actividades relacionadas a los libros recomendados que logrando una mediaci\u00f3n entre el estudiante y la obra, sean contextualmente pertinentes, materialmente accesibles y curricularmente significativas, aportando de esta manera en la disminuci\u00f3n de la brecha existente con respecto al consumo y comprensi\u00f3n de la lectura en sectores rurales.<\/p>\n<p style=\"text-align: justify;\">Asimismo, se convirti\u00f3 en una instancia de articulaci\u00f3n entre el Campus Patagonia de la UACh y las comunidades educativas de las localidades de Puerto Cisnes, Villa Ma\u00f1ihuales y Villa Cerro Castillo, como tambi\u00e9n con diversos agentes culturales regionales.<\/p>\n<p style=\"text-align: justify;\">Finalmente, el profesor Peiret valor\u00f3 la participaci\u00f3n de los representantes de las instituciones p\u00fablicas presentes en la actividad, \u201cdestacamos la presencia del Ministerio de Educaci\u00f3n, Ministerio de las Culturas, las Artes y Patrimonio, SLEP Ays\u00e9n y Biblioteca Regional, quienes son actores fundamentales en las tareas que quedan por hacer para que las y los estudiantes se encuentren y disfruten de la lectura\u00bb.<\/p>\n<\/div><\/section><\/div><div  style='height:50px' class='hr hr-invisible   avia-builder-el-6  el_after_av_one_full  el_before_av_social_share '><span class='hr-inner ' ><span class='hr-inner-style'><\/span><\/span><\/div><\/p>\n<div  class='av-social-sharing-box  avia-builder-el-7  el_after_av_hr  el_before_av_hr  '><div class='av-share-box'><h5 class='av-share-link-description av-no-toc '>Compartir esta noticia<\/h5><ul class='av-share-box-list noLightbox'><li class='av-share-link av-social-link-facebook' ><a target=\"_blank\" aria-label=\"Compartir en Facebook\" href='https:\/\/www.facebook.com\/sharer.php?u=https:\/\/radiorevelacionfm.cl\/?p=38239&#038;t=Seminario%20de%20Fomento%20Lector%20convoc%C3%B3%20a%20docentes%20de%20toda%20la%20regi%C3%B3n%20de%20Ays%C3%A9n' aria-hidden='false' data-av_icon='\ue8f3' data-av_iconfont='entypo-fontello' title='' data-avia-related-tooltip='Compartir en Facebook' rel=\"noopener\"><span class='avia_hidden_link_text'>Compartir en Facebook<\/span><\/a><\/li><li class='av-share-link av-social-link-twitter' ><a target=\"_blank\" aria-label=\"Compartir en Twitter\" href='https:\/\/twitter.com\/share?text=Seminario%20de%20Fomento%20Lector%20convoc%C3%B3%20a%20docentes%20de%20toda%20la%20regi%C3%B3n%20de%20Ays%C3%A9n&#038;url=https:\/\/radiorevelacionfm.cl\/?p=38239' aria-hidden='false' data-av_icon='\ue8f1' data-av_iconfont='entypo-fontello' title='' data-avia-related-tooltip='Compartir en Twitter' rel=\"noopener\"><span class='avia_hidden_link_text'>Compartir en Twitter<\/span><\/a><\/li><li class='av-share-link av-social-link-whatsapp' ><a target=\"_blank\" aria-label=\"Compartir en Whatsapp\" href='https:\/\/api.whatsapp.com\/send?text=https:\/\/radiorevelacionfm.cl\/?p=38239' aria-hidden='false' data-av_icon='\uf232' data-av_iconfont='entypo-fontello' title='' data-avia-related-tooltip='Compartir en Whatsapp' rel=\"noopener\"><span class='avia_hidden_link_text'>Compartir en Whatsapp<\/span><\/a><\/li><li class='av-share-link av-social-link-linkedin' ><a target=\"_blank\" aria-label=\"Compartir en LinkedIn\" href='https:\/\/linkedin.com\/shareArticle?mini=true&#038;title=Seminario%20de%20Fomento%20Lector%20convoc%C3%B3%20a%20docentes%20de%20toda%20la%20regi%C3%B3n%20de%20Ays%C3%A9n&#038;url=https:\/\/radiorevelacionfm.cl\/?p=38239' aria-hidden='false' data-av_icon='\ue8fc' data-av_iconfont='entypo-fontello' title='' data-avia-related-tooltip='Compartir en LinkedIn' rel=\"noopener\"><span class='avia_hidden_link_text'>Compartir en LinkedIn<\/span><\/a><\/li><li class='av-share-link av-social-link-mail' ><a  aria-label=\"Compartir por correo\" href='mailto:?subject=Seminario%20de%20Fomento%20Lector%20convoc%C3%B3%20a%20docentes%20de%20toda%20la%20regi%C3%B3n%20de%20Ays%C3%A9n&#038;body=https:\/\/radiorevelacionfm.cl\/?p=38239' aria-hidden='false' data-av_icon='\ue805' data-av_iconfont='entypo-fontello' title='' data-avia-related-tooltip='Compartir por correo'><span class='avia_hidden_link_text'>Compartir por correo<\/span><\/a><\/li><\/ul><\/div><\/div>\n<div  style='height:50px' class='hr hr-invisible   avia-builder-el-8  el_after_av_social_share  el_before_av_comments_list '><span class='hr-inner ' ><span class='hr-inner-style'><\/span><\/span><\/div>\n<div  class='av-buildercomment  av-blog-meta-html-info-disabled av-blog-meta-tag-disabled  '><\/div>\n","protected":false},"excerpt":{"rendered":"","protected":false},"author":1,"featured_media":38240,"comment_status":"open","ping_status":"open","sticky":false,"template":"","format":"standard","meta":{"footnotes":""},"categories":[49],"tags":[],"class_list":["post-38239","post","type-post","status-publish","format-standard","has-post-thumbnail","hentry","category-educacion"],"jetpack_featured_media_url":"https:\/\/radiorevelacionfm.cl\/wp-content\/uploads\/2023\/12\/IMG_7525-1-1.jpg","_links":{"self":[{"href":"https:\/\/radiorevelacionfm.cl\/index.php?rest_route=\/wp\/v2\/posts\/38239","targetHints":{"allow":["GET"]}}],"collection":[{"href":"https:\/\/radiorevelacionfm.cl\/index.php?rest_route=\/wp\/v2\/posts"}],"about":[{"href":"https:\/\/radiorevelacionfm.cl\/index.php?rest_route=\/wp\/v2\/types\/post"}],"author":[{"embeddable":true,"href":"https:\/\/radiorevelacionfm.cl\/index.php?rest_route=\/wp\/v2\/users\/1"}],"replies":[{"embeddable":true,"href":"https:\/\/radiorevelacionfm.cl\/index.php?rest_route=%2Fwp%2Fv2%2Fcomments&post=38239"}],"version-history":[{"count":1,"href":"https:\/\/radiorevelacionfm.cl\/index.php?rest_route=\/wp\/v2\/posts\/38239\/revisions"}],"predecessor-version":[{"id":38241,"href":"https:\/\/radiorevelacionfm.cl\/index.php?rest_route=\/wp\/v2\/posts\/38239\/revisions\/38241"}],"wp:featuredmedia":[{"embeddable":true,"href":"https:\/\/radiorevelacionfm.cl\/index.php?rest_route=\/wp\/v2\/media\/38240"}],"wp:attachment":[{"href":"https:\/\/radiorevelacionfm.cl\/index.php?rest_route=%2Fwp%2Fv2%2Fmedia&parent=38239"}],"wp:term":[{"taxonomy":"category","embeddable":true,"href":"https:\/\/radiorevelacionfm.cl\/index.php?rest_route=%2Fwp%2Fv2%2Fcategories&post=38239"},{"taxonomy":"post_tag","embeddable":true,"href":"https:\/\/radiorevelacionfm.cl\/index.php?rest_route=%2Fwp%2Fv2%2Ftags&post=38239"}],"curies":[{"name":"wp","href":"https:\/\/api.w.org\/{rel}","templated":true}]}}