{"id":38236,"date":"2023-12-21T18:06:23","date_gmt":"2023-12-21T21:06:23","guid":{"rendered":"https:\/\/radiorevelacionfm.cl\/?p=38236"},"modified":"2023-12-21T18:06:23","modified_gmt":"2023-12-21T21:06:23","slug":"tortel-se-convierte-en-la-primera-comuna-del-pais-en-contar-con-un-almacen-farmaceutico-municipal","status":"publish","type":"post","link":"https:\/\/radiorevelacionfm.cl\/?p=38236","title":{"rendered":"Tortel se convierte en la primera comuna del pa\u00eds en contar con un Almac\u00e9n Farmac\u00e9utico Municipal"},"content":{"rendered":"<div class=\"flex_column av_one_full  flex_column_div av-zero-column-padding first  avia-builder-el-0  el_before_av_one_full  avia-builder-el-first  \" style='border-radius:0px; '><div  class='avia-image-container  av-styling-    avia-builder-el-1  avia-builder-el-no-sibling  avia-align-center '  itemprop=\"image\" itemscope=\"itemscope\" itemtype=\"https:\/\/schema.org\/ImageObject\"  ><div class='avia-image-container-inner'><div class='avia-image-overlay-wrap'><img decoding=\"async\" class='wp-image-38237 avia-img-lazy-loading-not-38237 avia_image' src=\"https:\/\/radiorevelacionfm.cl\/wp-content\/uploads\/2023\/12\/descubrimiento-placa-1-1.jpeg\" alt='' title='descubrimiento placa (1) (1)' height=\"600\" width=\"780\"  itemprop=\"thumbnailUrl\" srcset=\"https:\/\/radiorevelacionfm.cl\/wp-content\/uploads\/2023\/12\/descubrimiento-placa-1-1.jpeg 780w, https:\/\/radiorevelacionfm.cl\/wp-content\/uploads\/2023\/12\/descubrimiento-placa-1-1-300x231.jpeg 300w, https:\/\/radiorevelacionfm.cl\/wp-content\/uploads\/2023\/12\/descubrimiento-placa-1-1-768x591.jpeg 768w, https:\/\/radiorevelacionfm.cl\/wp-content\/uploads\/2023\/12\/descubrimiento-placa-1-1-705x542.jpeg 705w, https:\/\/radiorevelacionfm.cl\/wp-content\/uploads\/2023\/12\/descubrimiento-placa-1-1-450x346.jpeg 450w, https:\/\/radiorevelacionfm.cl\/wp-content\/uploads\/2023\/12\/descubrimiento-placa-1-1-600x462.jpeg 600w\" sizes=\"(max-width: 780px) 100vw, 780px\" \/><\/div><\/div><\/div><\/div><div class=\"flex_column av_one_full  flex_column_div av-zero-column-padding first  avia-builder-el-2  el_after_av_one_full  el_before_av_one_full  column-top-margin\" style='border-radius:0px; '><section class=\"av_textblock_section \"  itemscope=\"itemscope\" itemtype=\"https:\/\/schema.org\/BlogPosting\" itemprop=\"blogPost\" ><div class='avia_textblock  '   itemprop=\"text\" ><p style=\"text-align: center;\"><span style=\"font-size: 18pt;\"><strong>Tortel se convierte en la primera comuna del pa\u00eds en contar con un Almac\u00e9n Farmac\u00e9utico Municipal<\/strong><\/span><\/p>\n<div id=\"gtx-trans\" style=\"position: absolute; left: -50px; top: 4.31534px;\">\n<div class=\"gtx-trans-icon\"><\/div>\n<\/div>\n<\/div><\/section><\/div><div class=\"flex_column av_one_full  flex_column_div av-zero-column-padding first  avia-builder-el-4  el_after_av_one_full  el_before_av_hr  column-top-margin\" style='border-radius:0px; '><section class=\"av_textblock_section \"  itemscope=\"itemscope\" itemtype=\"https:\/\/schema.org\/BlogPosting\" itemprop=\"blogPost\" ><div class='avia_textblock  '   itemprop=\"text\" ><p style=\"text-align: justify;\"><em>Gracias a gestiones desarrolladas por Seremi de Salud, la Municipalidad de Tortel, el Gobierno Regional de Ays\u00e9n y la Central Nacional de Abastecimiento del Ministerio de Salud, pobladores de esta comuna contar\u00e1n con acceso a medicamentos de calidad y de bajo costo.<\/em><\/p>\n<p style=\"text-align: justify;\">Momentos de gran alegr\u00eda se vivieron en la austral comuna de Caleta Tortel donde se procedi\u00f3 a la inauguraci\u00f3n del primer Almac\u00e9n Farmac\u00e9utico Municipal de todo el territorio nacional, hito en materia de salud que para esta ocasi\u00f3n cont\u00f3 con la participaci\u00f3n de la Subsecretaria de Salud P\u00fablica, Andrea Albagli Iruretagoyena, el Director de la Central Nacional de Abastecimiento (CENABAST) del Ministerio de Salud, Jaime Espina Ampuero, adem\u00e1s de autoridades regionales y vecinos de la comunidad.<\/p>\n<p style=\"text-align: justify;\">Con la puesta en funcionamiento de este almac\u00e9n, se da un paso importante en facilitar el acceso a medicamentos de calidad y a un bajo costo, como lo manifest\u00f3 la Seremi de Salud Ays\u00e9n, Carmen Monsalve G\u00f3mez, quien entreg\u00f3 m\u00e1s detalles acerca de la materializaci\u00f3n de este proyecto.\u00a0 \u201cEsta iniciativa nace para dar respuesta a una necesidad que tiene que ver con la ausencia de acceso a f\u00e1rmacos en cinco comunas de la regi\u00f3n, y en articulaci\u00f3n con la Central Nacional de Abastecimiento, el Alcalde de Tortel y el Gobierno Regional de Ays\u00e9n \u2013 donde tambi\u00e9n estamos avanzando con las municipalidades de Ib\u00e1\u00f1ez y Villa O\u201dHiggins- hemos podido avanzar en el modelo de Almac\u00e9n Farmac\u00e9utico que esta a una escala menor que una farmacia popular, pero que permite estar presente de una forma m\u00e1s r\u00e1pida en los lugares m\u00e1s aislados, disminuyendo los costos para el bolsillo de las comunidades\u201d.<\/p>\n<p style=\"text-align: justify;\">De esta forma, tras cumplir con una serie de requerimientos sanitarios, la Seremi de Salud Ays\u00e9n otorg\u00f3 la resoluci\u00f3n que autoriza el funcionamiento del primer Almac\u00e9n Farmac\u00e9utico Municipal de la regi\u00f3n, un hecho que fue destacado por el Alcalde de Caleta Tortel, Abel Becerra Vidal.\u00a0 \u201cHoy estamos muy contentos de poder acortar una brecha importante para que comunidades extremas como Tortel, tengan acceso a medicamentos de bajo costo, todos sabemos las condiciones geogr\u00e1ficas que sufrimos en la regi\u00f3n de Ays\u00e9n, pero no por eso somos menos importantes que cualquier otro habitante de la regi\u00f3n o del pa\u00eds que tiene acceso a estas prestaciones, las cuales hoy dejamos de extra\u00f1ar, ya que hoy es una realidad donde la comunidad de Tortel tiene acceso a sus medicamentos y un bajo costo\u201d.<\/p>\n<p style=\"text-align: justify;\">En este contexto, es relevante destacar el trabajo intersectorial desarrollado en favor de los vecinos y vecinas de Caleta Tortel para que hoy se pueda contar con este almac\u00e9n farmac\u00e9utico, donde junto a CENABAST se encuentra el Gobierno Regional de Ays\u00e9n, que ha destinado recursos especiales para contar con los medicamentos b\u00e1sicos que aseguren su funcionamiento en esta primera etapa.<\/p>\n<p style=\"text-align: justify;\">Alegr\u00eda y satisfacci\u00f3n en la comunidad de Tortel, que se vio reflejada en las palabras de Carmen Rojas, pobladora de la localidad.\u00a0 \u201cNosotros estamos lejos de la civilizaci\u00f3n por lo que se nos hace muy pesado salir a comprar medicamentos, a parte de los que nos da la posta, tambi\u00e9n nos recetan otros remedios que tenemos que salir a comprarlos, y se nos hace muy caro salir de ac\u00e1 porque tenemos que pagar dos pasajes, m\u00e1s el hospedaje, entonces los remedios nos salen el triple, as\u00ed que muy agradecida con esto\u201d.<\/p>\n<p style=\"text-align: justify;\">Otro aspecto importante a se\u00f1alar es todo el trabajo de log\u00edstica que realizar\u00e1 la Central Nacional de Abastecimiento (CENABAST) del Ministerio de Salud para mantener operativo este almac\u00e9n, donde el director nacional, Jaime Espina Ampuero, junto con valorar la concreci\u00f3n de este proyecto, destac\u00f3 el aporte del Gobierno Regional de Ays\u00e9n. \u201cQueremos que sea el primer hito hist\u00f3rico de resolver la brecha de acceso a medicamentos de la personas en comunas que hoy no tienen farmacia, que no tienen ninguna posibilidad de acceder a medicamentos en forma libre y con precios m\u00e1s baratos.\u00a0 Nosotros tenemos medicamentos a un precio de 5 a 10 veces m\u00e1s bajos que el comercio farmac\u00e9utico en general, por eso esperamos que este hist\u00f3rico para nosotros y el pa\u00eds, sea un hito que contin\u00fae en las comunas donde ocurre lo mismo que en Tortel,\u00a0 estamos contentos y felices de haber podido participar de este trabajo entre la Seremi de Salud Ays\u00e9n, el Municipio y nosotros, que junto al Gobierno Regional, ayud\u00f3 al financiamiento de este proyecto\u201d.<\/p>\n<p style=\"text-align: justify;\">Este Almac\u00e9n Farmac\u00e9utico, que en Tortel recibir\u00e1 el nombre de \u201cBotica\u201d por parte de su comunidad, funcionar\u00e1 en primera instancia con un total de 68 productos, detallados en 47 medicamentos (antihistam\u00ednicos, antihipertensivos, antibi\u00f3ticos, antiflamatorios e hipoglicemiantes, entre otros) y 21 art\u00edculos e insumos asociados a salud, lo que se traduce en un servicio de calidad y largamente anhelado por su comunidad, lo que demuestra los esfuerzos del Ministerio de Salud por seguir acercando sus prestaciones en los puntos m\u00e1s aislados del pa\u00eds, como lo expres\u00f3 la Subsecretaria de Salud P\u00fablica, Andrea Albagli Iruretagoyena. \u201cEsto es un paso muy importante para la comunidad, porque previamente las personas que viven o visitaban Tortel ten\u00edan que desplazarse largas distancias para poder acceder a ciertos tipos de medicamentos, de manera que esta iniciativa logra as\u00ed derribar barreras geogr\u00e1ficas y econ\u00f3micas porque ser\u00e1n medicamentos a un bajo costo para cuidar los bolsillos de los vecinos y vecinas de esta comuna, siempre pensando en la forma de resguardar tambi\u00e9n su derecho a la salud\u201d.<\/p>\n<p style=\"text-align: justify;\">Cabe se\u00f1alar que la Seremi de Salud y la Central de Abastecimientos del Sistema Nacional de Servicios de Salud (CENABAST), dependiente del Ministerio de Salud, han estado sosteniendo reuniones con la Asociaci\u00f3n Regional de Municipalidades (AREMU) y el Gobierno Regional de Ays\u00e9n, con el objetivo de generar las instancias que permitan la pronta implementaci\u00f3n de esta iniciativa en otros puntos de la regi\u00f3n.<\/p>\n<\/div><\/section><\/div><div  style='height:50px' class='hr hr-invisible   avia-builder-el-6  el_after_av_one_full  el_before_av_social_share '><span class='hr-inner ' ><span class='hr-inner-style'><\/span><\/span><\/div><\/p>\n<div  class='av-social-sharing-box  avia-builder-el-7  el_after_av_hr  el_before_av_hr  '><div class='av-share-box'><h5 class='av-share-link-description av-no-toc '>Compartir esta noticia<\/h5><ul class='av-share-box-list noLightbox'><li class='av-share-link av-social-link-facebook' ><a target=\"_blank\" aria-label=\"Compartir en Facebook\" href='https:\/\/www.facebook.com\/sharer.php?u=https:\/\/radiorevelacionfm.cl\/?p=38236&#038;t=Tortel%20se%20convierte%20en%20la%20primera%20comuna%20del%20pa%C3%ADs%20en%20contar%20con%20un%20Almac%C3%A9n%20Farmac%C3%A9utico%20Municipal' aria-hidden='false' data-av_icon='\ue8f3' data-av_iconfont='entypo-fontello' title='' data-avia-related-tooltip='Compartir en Facebook' rel=\"noopener\"><span class='avia_hidden_link_text'>Compartir en Facebook<\/span><\/a><\/li><li class='av-share-link av-social-link-twitter' ><a target=\"_blank\" aria-label=\"Compartir en Twitter\" href='https:\/\/twitter.com\/share?text=Tortel%20se%20convierte%20en%20la%20primera%20comuna%20del%20pa%C3%ADs%20en%20contar%20con%20un%20Almac%C3%A9n%20Farmac%C3%A9utico%20Municipal&#038;url=https:\/\/radiorevelacionfm.cl\/?p=38236' aria-hidden='false' data-av_icon='\ue8f1' data-av_iconfont='entypo-fontello' title='' data-avia-related-tooltip='Compartir en Twitter' rel=\"noopener\"><span class='avia_hidden_link_text'>Compartir en Twitter<\/span><\/a><\/li><li class='av-share-link av-social-link-whatsapp' ><a target=\"_blank\" aria-label=\"Compartir en Whatsapp\" href='https:\/\/api.whatsapp.com\/send?text=https:\/\/radiorevelacionfm.cl\/?p=38236' aria-hidden='false' data-av_icon='\uf232' data-av_iconfont='entypo-fontello' title='' data-avia-related-tooltip='Compartir en Whatsapp' rel=\"noopener\"><span class='avia_hidden_link_text'>Compartir en Whatsapp<\/span><\/a><\/li><li class='av-share-link av-social-link-linkedin' ><a target=\"_blank\" aria-label=\"Compartir en LinkedIn\" href='https:\/\/linkedin.com\/shareArticle?mini=true&#038;title=Tortel%20se%20convierte%20en%20la%20primera%20comuna%20del%20pa%C3%ADs%20en%20contar%20con%20un%20Almac%C3%A9n%20Farmac%C3%A9utico%20Municipal&#038;url=https:\/\/radiorevelacionfm.cl\/?p=38236' aria-hidden='false' data-av_icon='\ue8fc' data-av_iconfont='entypo-fontello' title='' data-avia-related-tooltip='Compartir en LinkedIn' rel=\"noopener\"><span class='avia_hidden_link_text'>Compartir en LinkedIn<\/span><\/a><\/li><li class='av-share-link av-social-link-mail' ><a  aria-label=\"Compartir por correo\" href='mailto:?subject=Tortel%20se%20convierte%20en%20la%20primera%20comuna%20del%20pa%C3%ADs%20en%20contar%20con%20un%20Almac%C3%A9n%20Farmac%C3%A9utico%20Municipal&#038;body=https:\/\/radiorevelacionfm.cl\/?p=38236' aria-hidden='false' data-av_icon='\ue805' data-av_iconfont='entypo-fontello' title='' data-avia-related-tooltip='Compartir por correo'><span class='avia_hidden_link_text'>Compartir por correo<\/span><\/a><\/li><\/ul><\/div><\/div>\n<div  style='height:50px' class='hr hr-invisible   avia-builder-el-8  el_after_av_social_share  el_before_av_comments_list '><span class='hr-inner ' ><span class='hr-inner-style'><\/span><\/span><\/div>\n<div  class='av-buildercomment  av-blog-meta-html-info-disabled av-blog-meta-tag-disabled  '><\/div>\n","protected":false},"excerpt":{"rendered":"","protected":false},"author":1,"featured_media":38237,"comment_status":"open","ping_status":"open","sticky":false,"template":"","format":"standard","meta":{"footnotes":""},"categories":[46],"tags":[],"class_list":["post-38236","post","type-post","status-publish","format-standard","has-post-thumbnail","hentry","category-salud"],"jetpack_featured_media_url":"https:\/\/radiorevelacionfm.cl\/wp-content\/uploads\/2023\/12\/descubrimiento-placa-1-1.jpeg","_links":{"self":[{"href":"https:\/\/radiorevelacionfm.cl\/index.php?rest_route=\/wp\/v2\/posts\/38236","targetHints":{"allow":["GET"]}}],"collection":[{"href":"https:\/\/radiorevelacionfm.cl\/index.php?rest_route=\/wp\/v2\/posts"}],"about":[{"href":"https:\/\/radiorevelacionfm.cl\/index.php?rest_route=\/wp\/v2\/types\/post"}],"author":[{"embeddable":true,"href":"https:\/\/radiorevelacionfm.cl\/index.php?rest_route=\/wp\/v2\/users\/1"}],"replies":[{"embeddable":true,"href":"https:\/\/radiorevelacionfm.cl\/index.php?rest_route=%2Fwp%2Fv2%2Fcomments&post=38236"}],"version-history":[{"count":1,"href":"https:\/\/radiorevelacionfm.cl\/index.php?rest_route=\/wp\/v2\/posts\/38236\/revisions"}],"predecessor-version":[{"id":38238,"href":"https:\/\/radiorevelacionfm.cl\/index.php?rest_route=\/wp\/v2\/posts\/38236\/revisions\/38238"}],"wp:featuredmedia":[{"embeddable":true,"href":"https:\/\/radiorevelacionfm.cl\/index.php?rest_route=\/wp\/v2\/media\/38237"}],"wp:attachment":[{"href":"https:\/\/radiorevelacionfm.cl\/index.php?rest_route=%2Fwp%2Fv2%2Fmedia&parent=38236"}],"wp:term":[{"taxonomy":"category","embeddable":true,"href":"https:\/\/radiorevelacionfm.cl\/index.php?rest_route=%2Fwp%2Fv2%2Fcategories&post=38236"},{"taxonomy":"post_tag","embeddable":true,"href":"https:\/\/radiorevelacionfm.cl\/index.php?rest_route=%2Fwp%2Fv2%2Ftags&post=38236"}],"curies":[{"name":"wp","href":"https:\/\/api.w.org\/{rel}","templated":true}]}}