{"id":38233,"date":"2023-12-21T19:59:48","date_gmt":"2023-12-21T22:59:48","guid":{"rendered":"https:\/\/radiorevelacionfm.cl\/?p=38233"},"modified":"2023-12-21T19:59:48","modified_gmt":"2023-12-21T22:59:48","slug":"sernapesca-aysen-certifica-primer-desembarque-y-proceso-de-bacalao-de-profundidad-de-la-region","status":"publish","type":"post","link":"https:\/\/radiorevelacionfm.cl\/?p=38233","title":{"rendered":"Sernapesca Ays\u00e9n certifica primer desembarque y proceso de bacalao de profundidad de la regi\u00f3n"},"content":{"rendered":"<div class=\"flex_column av_one_full  flex_column_div av-zero-column-padding first  avia-builder-el-0  el_before_av_one_full  avia-builder-el-first  \" style='border-radius:0px; '><div  class='avia-image-container  av-styling-    avia-builder-el-1  avia-builder-el-no-sibling  avia-align-center '  itemprop=\"image\" itemscope=\"itemscope\" itemtype=\"https:\/\/schema.org\/ImageObject\"  ><div class='avia-image-container-inner'><div class='avia-image-overlay-wrap'><img decoding=\"async\" class='wp-image-38234 avia-img-lazy-loading-not-38234 avia_image' src=\"https:\/\/radiorevelacionfm.cl\/wp-content\/uploads\/2023\/12\/15-10-1-1.jpg\" alt='' title='15 (10) (1) (1)' height=\"600\" width=\"800\"  itemprop=\"thumbnailUrl\" srcset=\"https:\/\/radiorevelacionfm.cl\/wp-content\/uploads\/2023\/12\/15-10-1-1.jpg 800w, https:\/\/radiorevelacionfm.cl\/wp-content\/uploads\/2023\/12\/15-10-1-1-300x225.jpg 300w, https:\/\/radiorevelacionfm.cl\/wp-content\/uploads\/2023\/12\/15-10-1-1-768x576.jpg 768w, https:\/\/radiorevelacionfm.cl\/wp-content\/uploads\/2023\/12\/15-10-1-1-705x529.jpg 705w, https:\/\/radiorevelacionfm.cl\/wp-content\/uploads\/2023\/12\/15-10-1-1-450x338.jpg 450w, https:\/\/radiorevelacionfm.cl\/wp-content\/uploads\/2023\/12\/15-10-1-1-600x450.jpg 600w\" sizes=\"(max-width: 800px) 100vw, 800px\" \/><\/div><\/div><\/div><\/div><div class=\"flex_column av_one_full  flex_column_div av-zero-column-padding first  avia-builder-el-2  el_after_av_one_full  el_before_av_one_full  column-top-margin\" style='border-radius:0px; '><section class=\"av_textblock_section \"  itemscope=\"itemscope\" itemtype=\"https:\/\/schema.org\/BlogPosting\" itemprop=\"blogPost\" ><div class='avia_textblock  '   itemprop=\"text\" ><h2 class=\"title\" style=\"text-align: center;\"><span style=\"font-size: 18pt;\"><strong>Sernapesca Ays\u00e9n certifica primer desembarque y proceso de bacalao de profundidad de la regi\u00f3n<\/strong><\/span><\/h2>\n<div id=\"gtx-trans\" style=\"position: absolute; left: -50px; top: 4.31534px;\">\n<div class=\"gtx-trans-icon\"><\/div>\n<\/div>\n<\/div><\/section><\/div><div class=\"flex_column av_one_full  flex_column_div av-zero-column-padding first  avia-builder-el-4  el_after_av_one_full  el_before_av_hr  column-top-margin\" style='border-radius:0px; '><section class=\"av_textblock_section \"  itemscope=\"itemscope\" itemtype=\"https:\/\/schema.org\/BlogPosting\" itemprop=\"blogPost\" ><div class='avia_textblock  '   itemprop=\"text\" ><p style=\"font-weight: 400; text-align: justify;\">En un hito para la regi\u00f3n de Ays\u00e9n, el Servicio Nacional de Pesca y Acuicultura (Sernapesca) certific\u00f3 el primer desembarque de bacalao de profundidad, alcanzando las 7,8 toneladas. Este valioso recurso ser\u00e1 procesado en planta de la misma regi\u00f3n, marcando el inicio de una nueva etapa para el sector pesquero artesanal.<\/p>\n<p style=\"font-weight: 400; text-align: justify;\">Funcionarios y funcionarias de Sernapesca Ays\u00e9n llevaron a cabo una exhaustiva certificaci\u00f3n y fiscalizaci\u00f3n del desembarque en Puerto Chacabuco. Adem\u00e1s, se verific\u00f3 el estricto cumplimiento normativo en la planta de procesos, asegurando la calidad y trazabilidad de los productos que ser\u00e1n exportados a Estados Unidos.<\/p>\n<p style=\"font-weight: 400; text-align: justify;\">El Seremi de Econom\u00eda Fomento y Turismo de Ays\u00e9n, Felipe Rojas, coment\u00f3 acerca de la importancia que tiene este hecho para la econom\u00eda de la regi\u00f3n. \u201cLa noticia de este primer desembarque y proceso de bacalao de profundidad en nuestra, es sin duda un hito relevante. Lo que se traducir\u00e1 en una importante dinamizaci\u00f3n econ\u00f3mica para para el desarrollo del litoral, con mayor diversificaci\u00f3n de la actividad productiva, lo que nos hace proyectar un 2024 con m\u00e1s y mejores oportunidades para la regi\u00f3n. Desde el Ministerio de Econom\u00eda y en particular desde el Gobierno del Presidente Gabriel Boric, estamos trabajando de manera muy fuerte en una completa bater\u00eda de acciones para fortalecer las diversas actividades productivas del litoral de Ays\u00e9n, articulando con diversos actores p\u00fablicos y privados, para que el a\u00f1o 2024 podamos tener noticias e hitos tan relevantes como este, para el mayor bienestar de las familias de Ays\u00e9n\u201d.<\/p>\n<p style=\"font-weight: 400; text-align: justify;\">Jorge Padilla, Director Regional (s) de Sernapesca en Ays\u00e9n, destac\u00f3 la importancia de este logro. \u201cEs la primera vez que certificamos el desembarque y la elaboraci\u00f3n de este recurso en la regi\u00f3n. Anteriormente, las plantas estaban dedicadas al procesamiento de crust\u00e1ceos y recursos bent\u00f3nicos, abri\u00e9ndose ahora una oportunidad para procesar peces, sin embargo hoy el sector pesquero artesanal puede trabajar sobre este recurso en nuestra regi\u00f3n. Sernapesca seguir\u00e1 llevando a cabo fiscalizaciones para asegurar que las embarcaciones tengan debidamente inscrito el recurso y cumplan con la ley en su totalidad\u201d.<\/p>\n<p style=\"font-weight: 400; text-align: justify;\">Este acontecimiento no solo marca un avance significativo para la pesca artesanal de Ays\u00e9n, sino que tambi\u00e9n refleja el compromiso de Sernapesca en fortalecer la sostenibilidad y el cumplimiento normativo en el sector.<\/p>\n<\/div><\/section><\/div><div  style='height:50px' class='hr hr-invisible   avia-builder-el-6  el_after_av_one_full  el_before_av_social_share '><span class='hr-inner ' ><span class='hr-inner-style'><\/span><\/span><\/div><\/p>\n<div  class='av-social-sharing-box  avia-builder-el-7  el_after_av_hr  el_before_av_hr  '><div class='av-share-box'><h5 class='av-share-link-description av-no-toc '>Compartir esta noticia<\/h5><ul class='av-share-box-list noLightbox'><li class='av-share-link av-social-link-facebook' ><a target=\"_blank\" aria-label=\"Compartir en Facebook\" href='https:\/\/www.facebook.com\/sharer.php?u=https:\/\/radiorevelacionfm.cl\/?p=38233&#038;t=Sernapesca%20Ays%C3%A9n%20certifica%20primer%20desembarque%20y%20proceso%20de%20bacalao%20de%20profundidad%20de%20la%20regi%C3%B3n' aria-hidden='false' data-av_icon='\ue8f3' data-av_iconfont='entypo-fontello' title='' data-avia-related-tooltip='Compartir en Facebook' rel=\"noopener\"><span class='avia_hidden_link_text'>Compartir en Facebook<\/span><\/a><\/li><li class='av-share-link av-social-link-twitter' ><a target=\"_blank\" aria-label=\"Compartir en Twitter\" href='https:\/\/twitter.com\/share?text=Sernapesca%20Ays%C3%A9n%20certifica%20primer%20desembarque%20y%20proceso%20de%20bacalao%20de%20profundidad%20de%20la%20regi%C3%B3n&#038;url=https:\/\/radiorevelacionfm.cl\/?p=38233' aria-hidden='false' data-av_icon='\ue8f1' data-av_iconfont='entypo-fontello' title='' data-avia-related-tooltip='Compartir en Twitter' rel=\"noopener\"><span class='avia_hidden_link_text'>Compartir en Twitter<\/span><\/a><\/li><li class='av-share-link av-social-link-whatsapp' ><a target=\"_blank\" aria-label=\"Compartir en Whatsapp\" href='https:\/\/api.whatsapp.com\/send?text=https:\/\/radiorevelacionfm.cl\/?p=38233' aria-hidden='false' data-av_icon='\uf232' data-av_iconfont='entypo-fontello' title='' data-avia-related-tooltip='Compartir en Whatsapp' rel=\"noopener\"><span class='avia_hidden_link_text'>Compartir en Whatsapp<\/span><\/a><\/li><li class='av-share-link av-social-link-linkedin' ><a target=\"_blank\" aria-label=\"Compartir en LinkedIn\" href='https:\/\/linkedin.com\/shareArticle?mini=true&#038;title=Sernapesca%20Ays%C3%A9n%20certifica%20primer%20desembarque%20y%20proceso%20de%20bacalao%20de%20profundidad%20de%20la%20regi%C3%B3n&#038;url=https:\/\/radiorevelacionfm.cl\/?p=38233' aria-hidden='false' data-av_icon='\ue8fc' data-av_iconfont='entypo-fontello' title='' data-avia-related-tooltip='Compartir en LinkedIn' rel=\"noopener\"><span class='avia_hidden_link_text'>Compartir en LinkedIn<\/span><\/a><\/li><li class='av-share-link av-social-link-mail' ><a  aria-label=\"Compartir por correo\" href='mailto:?subject=Sernapesca%20Ays%C3%A9n%20certifica%20primer%20desembarque%20y%20proceso%20de%20bacalao%20de%20profundidad%20de%20la%20regi%C3%B3n&#038;body=https:\/\/radiorevelacionfm.cl\/?p=38233' aria-hidden='false' data-av_icon='\ue805' data-av_iconfont='entypo-fontello' title='' data-avia-related-tooltip='Compartir por correo'><span class='avia_hidden_link_text'>Compartir por correo<\/span><\/a><\/li><\/ul><\/div><\/div>\n<div  style='height:50px' class='hr hr-invisible   avia-builder-el-8  el_after_av_social_share  el_before_av_comments_list '><span class='hr-inner ' ><span class='hr-inner-style'><\/span><\/span><\/div>\n<div  class='av-buildercomment  av-blog-meta-html-info-disabled av-blog-meta-tag-disabled  '><\/div>\n","protected":false},"excerpt":{"rendered":"","protected":false},"author":1,"featured_media":38234,"comment_status":"open","ping_status":"open","sticky":false,"template":"","format":"standard","meta":{"footnotes":""},"categories":[60],"tags":[],"class_list":["post-38233","post","type-post","status-publish","format-standard","has-post-thumbnail","hentry","category-pesca"],"jetpack_featured_media_url":"https:\/\/radiorevelacionfm.cl\/wp-content\/uploads\/2023\/12\/15-10-1-1.jpg","_links":{"self":[{"href":"https:\/\/radiorevelacionfm.cl\/index.php?rest_route=\/wp\/v2\/posts\/38233","targetHints":{"allow":["GET"]}}],"collection":[{"href":"https:\/\/radiorevelacionfm.cl\/index.php?rest_route=\/wp\/v2\/posts"}],"about":[{"href":"https:\/\/radiorevelacionfm.cl\/index.php?rest_route=\/wp\/v2\/types\/post"}],"author":[{"embeddable":true,"href":"https:\/\/radiorevelacionfm.cl\/index.php?rest_route=\/wp\/v2\/users\/1"}],"replies":[{"embeddable":true,"href":"https:\/\/radiorevelacionfm.cl\/index.php?rest_route=%2Fwp%2Fv2%2Fcomments&post=38233"}],"version-history":[{"count":1,"href":"https:\/\/radiorevelacionfm.cl\/index.php?rest_route=\/wp\/v2\/posts\/38233\/revisions"}],"predecessor-version":[{"id":38235,"href":"https:\/\/radiorevelacionfm.cl\/index.php?rest_route=\/wp\/v2\/posts\/38233\/revisions\/38235"}],"wp:featuredmedia":[{"embeddable":true,"href":"https:\/\/radiorevelacionfm.cl\/index.php?rest_route=\/wp\/v2\/media\/38234"}],"wp:attachment":[{"href":"https:\/\/radiorevelacionfm.cl\/index.php?rest_route=%2Fwp%2Fv2%2Fmedia&parent=38233"}],"wp:term":[{"taxonomy":"category","embeddable":true,"href":"https:\/\/radiorevelacionfm.cl\/index.php?rest_route=%2Fwp%2Fv2%2Fcategories&post=38233"},{"taxonomy":"post_tag","embeddable":true,"href":"https:\/\/radiorevelacionfm.cl\/index.php?rest_route=%2Fwp%2Fv2%2Ftags&post=38233"}],"curies":[{"name":"wp","href":"https:\/\/api.w.org\/{rel}","templated":true}]}}