{"id":38230,"date":"2023-12-21T16:50:55","date_gmt":"2023-12-21T19:50:55","guid":{"rendered":"https:\/\/radiorevelacionfm.cl\/?p=38230"},"modified":"2023-12-21T16:50:55","modified_gmt":"2023-12-21T19:50:55","slug":"gobierno-regional-aprueba-recursos-para-fortalecer-avance-en-obras-emblematicas-para-comunidades-de-aysen-y-cochrane","status":"publish","type":"post","link":"https:\/\/radiorevelacionfm.cl\/?p=38230","title":{"rendered":"Gobierno Regional aprueba recursos para fortalecer avance en obras emblem\u00e1ticas para comunidades de Ays\u00e9n y Cochrane"},"content":{"rendered":"<div class=\"flex_column av_one_full  flex_column_div av-zero-column-padding first  avia-builder-el-0  el_before_av_one_full  avia-builder-el-first  \" style='border-radius:0px; '><div  class='avia-image-container  av-styling-    avia-builder-el-1  avia-builder-el-no-sibling  avia-align-center '  itemprop=\"image\" itemscope=\"itemscope\" itemtype=\"https:\/\/schema.org\/ImageObject\"  ><div class='avia-image-container-inner'><div class='avia-image-overlay-wrap'><img decoding=\"async\" class='wp-image-38231 avia-img-lazy-loading-not-38231 avia_image' src=\"https:\/\/radiorevelacionfm.cl\/wp-content\/uploads\/2023\/12\/IMG-20231221-WA0015-1-1.jpg\" alt='' title='IMG-20231221-WA0015 (1) (1)' height=\"600\" width=\"901\"  itemprop=\"thumbnailUrl\" srcset=\"https:\/\/radiorevelacionfm.cl\/wp-content\/uploads\/2023\/12\/IMG-20231221-WA0015-1-1.jpg 901w, https:\/\/radiorevelacionfm.cl\/wp-content\/uploads\/2023\/12\/IMG-20231221-WA0015-1-1-300x200.jpg 300w, https:\/\/radiorevelacionfm.cl\/wp-content\/uploads\/2023\/12\/IMG-20231221-WA0015-1-1-768x511.jpg 768w, https:\/\/radiorevelacionfm.cl\/wp-content\/uploads\/2023\/12\/IMG-20231221-WA0015-1-1-705x469.jpg 705w, https:\/\/radiorevelacionfm.cl\/wp-content\/uploads\/2023\/12\/IMG-20231221-WA0015-1-1-450x300.jpg 450w, https:\/\/radiorevelacionfm.cl\/wp-content\/uploads\/2023\/12\/IMG-20231221-WA0015-1-1-600x400.jpg 600w\" sizes=\"(max-width: 901px) 100vw, 901px\" \/><\/div><\/div><\/div><\/div><div class=\"flex_column av_one_full  flex_column_div av-zero-column-padding first  avia-builder-el-2  el_after_av_one_full  el_before_av_one_full  column-top-margin\" style='border-radius:0px; '><section class=\"av_textblock_section \"  itemscope=\"itemscope\" itemtype=\"https:\/\/schema.org\/BlogPosting\" itemprop=\"blogPost\" ><div class='avia_textblock  '   itemprop=\"text\" ><p style=\"text-align: center;\"><span style=\"font-size: 18pt;\"><strong>Gobierno Regional aprueba recursos para fortalecer avance en obras emblem\u00e1ticas para comunidades de Ays\u00e9n y Cochrane<\/strong><\/span><\/p>\n<div id=\"gtx-trans\" style=\"position: absolute; left: -50px; top: 4.31534px;\">\n<div class=\"gtx-trans-icon\"><\/div>\n<\/div>\n<\/div><\/section><\/div><div class=\"flex_column av_one_full  flex_column_div av-zero-column-padding first  avia-builder-el-4  el_after_av_one_full  el_before_av_hr  column-top-margin\" style='border-radius:0px; '><section class=\"av_textblock_section \"  itemscope=\"itemscope\" itemtype=\"https:\/\/schema.org\/BlogPosting\" itemprop=\"blogPost\" ><div class='avia_textblock  '   itemprop=\"text\" ><p style=\"text-align: justify;\"><em>Recursos aprobados posibilitar\u00e1n al MOP materializar dise\u00f1o de puente Gran Pangal, adjudicar la reposici\u00f3n de la cancha sint\u00e9tica en el Estadio ANFA en Puerto Ays\u00e9n y la pavimentaci\u00f3n de la Ruta 7 Sur entre el l\u00edmite sur del Parque Patagonia y el sector cuesta El Traro, en la comuna de Cochrane.<\/em><\/p>\n<p style=\"text-align: justify;\">El Secretario Regional Ministerial de Obras P\u00fablicas junto a la Gobernadora Regional Andrea Mac\u00edas Palma y el Director Regional de Vialidad MOP Renzo Sanders Cort\u00e9s informaron la aprobaci\u00f3n de recursos complementarios que superan los 25 mil millones en total, para adjudicar la reposici\u00f3n de la cancha sint\u00e9tica en el Estadio ANFA de Puerto Ays\u00e9n, realizar el Estudio de Ingenier\u00eda de Dise\u00f1o de un puente para el sector Gran Pangal y la pavimentaci\u00f3n de la Ruta 7 Sur desde el L\u00edmite Regional hasta el sector cuesta El Traro.<\/p>\n<p style=\"text-align: justify;\">Consultado al respecto, el SEREMI del MOP agradeci\u00f3 la confianza de la Gobernadora Regional y del Consejo Regional de Ays\u00e9n que han puesto en el Ministerio de Obras P\u00fablicas, con la aprobaci\u00f3n de estos recursos y poder avanzar para cumplir cada una de las etapas que consideran estas obras y dise\u00f1o, relevando tambi\u00e9n la importancia de cada una de ellas. \u201cTanto en el caso del Dise\u00f1o del puente Gran Pangal se solicitaron $8.670.000, as\u00ed como tambi\u00e9n para poder adjudicar la reposici\u00f3n de la cancha sint\u00e9tica en el Estadio ANFA se requirieron $132 millones m\u00e1s; ambos son proyectos tremendamente importantes, aunque en t\u00e9rminos de inversi\u00f3n son menores que un pavimento, s\u00ed tienen un tremendo impacto social por la expectativa que tiene la poblaci\u00f3n del sector El Pangal de que lleguemos con este Estudio de Ingenier\u00eda de Dise\u00f1o y la soluci\u00f3n de un puente a su sector; y en el caso del Estadio ANFA, son 10 clubes los beneficiados y entre ellos hay clubes que est\u00e1n integrados por mujeres, as\u00ed que hay una gran ocupaci\u00f3n y una gran cantidad de beneficiarios que disfrutan el deporte recreativo y tienen un espacio e infraestructura deportiva importante, as\u00ed que estamos muy complacidos con todas las aprobaciones y con la confianza que la Gobernadora Regional y el Consejo Regional nos entrega. Claramente la inversi\u00f3n mayor se la lleva el \u00faltimo tramo que va a ser financiado con fondos del Gobierno Regional que corresponde al l\u00edmite sur del Parque Patagonia hasta el sector cuesta El Traro con una inversi\u00f3n de $25 mil millones que es hist\u00f3rica del Gobierno Regional y que es una tremenda responsabilidad para nosotros, as\u00ed que agradecemos la aprobaci\u00f3n de estos recursos\u201d.<\/p>\n<p style=\"text-align: justify;\">Por su parte, la Gobernadora Regional Andrea Mac\u00edas Palma expres\u00f3<strong>: <\/strong>\u201cSon m\u00e1s de 25 mil millones de pesos que se aprueban para el Ministerio de Obras P\u00fablicas para ejecutar esta pavimentaci\u00f3n en este tramo que es en la Carretera Austral en el sector de Cochrane, son cinco kil\u00f3metros con un costo que es bien alto, y ello fue explicado dado que intervenir esa parte de la Carretera requiere de mucho trabajo adicional, por lo tanto es un presupuesto bien elevado. Esta es una iniciativa que es parte del Convenio de Programaci\u00f3n entre el Ministerio de Obras P\u00fablicas con el Gobierno Regional de Ays\u00e9n y es la \u00fanica que qued\u00f3 con financiamiento FNDR para su ejecuci\u00f3n, as\u00ed que ahora esperamos ya con esto tener buenas noticias. Esto tiene que ver con el proceso de reactivaci\u00f3n econ\u00f3mica en donde obras\u00a0 que han estado en proceso de reevaluaci\u00f3n o en otros tr\u00e1mites ya para el a\u00f1o 2024 van a comenzar a ejecutarse, as\u00ed que se debiese estar llamando a licitaci\u00f3n en un par de meses y durante el pr\u00f3ximo a\u00f1o se debiese estar viendo la ejecuci\u00f3n de la obra en el propio terreno\u201d.<\/p>\n<p style=\"text-align: justify;\">Con relaci\u00f3n al Estadio ANFA, se aprob\u00f3 el incremento del presupuesto para poder llevar adelante la iniciativa que va a permitir hacer la reposici\u00f3n de la cancha del Estadio ANFA de Puerto Ays\u00e9n, beneficiando a muchos clubes deportivos y a muchas familias que integran estos Clubes. Sabemos que tenemos d\u00e9ficit en infraestructura y por lo mismo hemos puesto el foco en poder avanzar, por una parte en espacios de conservaci\u00f3n, pero tambi\u00e9n tenemos como desaf\u00edo la creaci\u00f3n de otros espacios, as\u00ed que contenta porque este incremento va a permitir que definitivamente se pueda adjudicar, y ya con eso se pueda comenzar el proceso de licitaci\u00f3n para que se pueda ver; estamos todos expectantes, estamos todos esperando para contar con esa nueva cancha y poder ir a dar el punta pie inicial, detall\u00f3 la Gobernadora Regional.<\/p>\n<p style=\"text-align: justify;\">Andrea Mac\u00edas indic\u00f3 adem\u00e1s que \u201ctambi\u00e9n estamos muy contentos, porque el pleno del Consejo Regional aprob\u00f3 \u00a0el incremento del presupuesto para la etapa de Dise\u00f1o del puente Gran Pangal, esto toda vez que se llev\u00f3 adelante una licitaci\u00f3n pero los montos licitados fueron mayores, as\u00ed que se aprob\u00f3 este incremento lo que va a permitir concretar la adjudicaci\u00f3n a la empresa para iniciar las obras. Aqu\u00ed hay un compromiso que estamos cumpliendo hace mucho tiempo atr\u00e1s nos reunimos en dependencias del municipio de Puerto Ays\u00e9n con la comunidad, con los habitantes del sector, sabemos las dificultades y las historias que han tenido que vivir y por lo tanto, nos comprometidos a\u00a0 avanzar con este Dise\u00f1o y por otra parte, a trav\u00e9s del Ministerio de Obras P\u00fablicas poder asegurar la ejecuci\u00f3n posteriormente de esta iniciativa, entendiendo que es un sector que est\u00e1 en pleno proceso de desarrollo, que cada vez tiene mayores habitantes y en donde\u00a0 la conectividad con la ciudad\u00a0 es fundamental, as\u00ed que muy contenta y un agradecimiento al Consejo Regional y las felicitaciones a los vecinos del sector que ven como estas iniciativas van avanzando\u201d.<\/p>\n<p style=\"text-align: justify;\">En tanto, el Consejero Regional Jorge Abello manifest\u00f3 su conformidad con la aprobaci\u00f3n de los recursos se\u00f1alando: \u201cAgradecer el trabajo que se est\u00e1 haciendo a trav\u00e9s del Ministerio de Obras P\u00fablicas y la Direcci\u00f3n de Vialidad a partir de la nueva adenda; los plazos que se hab\u00edan comprometidos se est\u00e1n dando casi en el 100% y si esto resulta bien y pasan todos los tr\u00e1mites administrativos se podr\u00eda estar licitando la \u00faltima semana de diciembre o la primera semana de enero. Es una tremenda noticia, m\u00e1s todas las otras publicaciones que ya se han estado realizando. He estado siguiendo atentamente todas las publicaciones que hace el sector para destacarlas porque son tremendamente importantes, porque si hay un espacio para la reactivaci\u00f3n econ\u00f3mica el pr\u00f3ximo a\u00f1o 2024 va a estar dado mucho por las obras que va a llevar adelante el Ministerio de Obras P\u00fablicas, as\u00ed que eso se agradece. Destacar que si antes los \u00e9nfasis estaban en los Convenios de Programaci\u00f3n era el norte, ahora claramente el \u00e9nfasis est\u00e1 en el sur, as\u00ed que muchas gracias\u201d.<\/p>\n<p style=\"text-align: justify;\">El Consejero Regional V\u00edctor Escobar agradeci\u00f3 todo el trabajo que se est\u00e1 haciendo en materia de conectividad para el desarrollo de la provincia Capit\u00e1n Prat, indicando al respecto que \u201cm\u00e1s que nada fortalecer el agradecimiento que entregaba el Consejero Abello al director de Vialidad y al SEREMI. Sabemos que hay un gran trabajo detr\u00e1s de esto y la verdad es que esper\u00e1bamos con ansias las publicaciones de las diferentes licitaciones que est\u00e1 llevando el MOP hoy d\u00eda, genere el gran esperado dinamismo econ\u00f3mico que no se ha dado en ninguna otra inversi\u00f3n. Esperamos que tanto en la provincia General Carrera que tambi\u00e9n tiene una licitaci\u00f3n desde el cruce El Mait\u00e9n a Guadal, que son alrededor de 17 kil\u00f3metros, como el importante trabajo que est\u00e1 desarrollando tambi\u00e9n la provincial de Capit\u00e1n Prat a trav\u00e9s de la soluci\u00f3n con sellos asf\u00e1lticos -hay que resaltar que somos pioneros en eso- \u00a0la verdad es que ha sido una soluci\u00f3n muy fruct\u00edfera. La poblaci\u00f3n est\u00e1 expectante de lo que est\u00e1 pasando con el MOP y la verdad es que felicitar solamente al Seremi y director por el trabajo que se est\u00e1 desarrollando. Se ha hecho un buen trabajo, se ha tenido informaci\u00f3n, hoy d\u00eda se comunican con los Consejeros Regionales, sabemos lo que est\u00e1 pasando y la comunidad tambi\u00e9n lo presiente, as\u00ed que saludarlos y agradecerles todo lo que est\u00e1n haciendo por la conectividad y el desarrollo de la provincia Capit\u00e1n Prat\u201d<\/p>\n<\/div><\/section><\/div><div  style='height:50px' class='hr hr-invisible   avia-builder-el-6  el_after_av_one_full  el_before_av_social_share '><span class='hr-inner ' ><span class='hr-inner-style'><\/span><\/span><\/div><\/p>\n<div  class='av-social-sharing-box  avia-builder-el-7  el_after_av_hr  el_before_av_hr  '><div class='av-share-box'><h5 class='av-share-link-description av-no-toc '>Compartir esta noticia<\/h5><ul class='av-share-box-list noLightbox'><li class='av-share-link av-social-link-facebook' ><a target=\"_blank\" aria-label=\"Compartir en Facebook\" href='https:\/\/www.facebook.com\/sharer.php?u=https:\/\/radiorevelacionfm.cl\/?p=38230&#038;t=Gobierno%20Regional%20aprueba%20recursos%20para%20fortalecer%20avance%20en%20obras%20emblem%C3%A1ticas%20para%20comunidades%20de%20Ays%C3%A9n%20y%20Cochrane' aria-hidden='false' data-av_icon='\ue8f3' data-av_iconfont='entypo-fontello' title='' data-avia-related-tooltip='Compartir en Facebook' rel=\"noopener\"><span class='avia_hidden_link_text'>Compartir en Facebook<\/span><\/a><\/li><li class='av-share-link av-social-link-twitter' ><a target=\"_blank\" aria-label=\"Compartir en Twitter\" href='https:\/\/twitter.com\/share?text=Gobierno%20Regional%20aprueba%20recursos%20para%20fortalecer%20avance%20en%20obras%20emblem%C3%A1ticas%20para%20comunidades%20de%20Ays%C3%A9n%20y%20Cochrane&#038;url=https:\/\/radiorevelacionfm.cl\/?p=38230' aria-hidden='false' data-av_icon='\ue8f1' data-av_iconfont='entypo-fontello' title='' data-avia-related-tooltip='Compartir en Twitter' rel=\"noopener\"><span class='avia_hidden_link_text'>Compartir en Twitter<\/span><\/a><\/li><li class='av-share-link av-social-link-whatsapp' ><a target=\"_blank\" aria-label=\"Compartir en Whatsapp\" href='https:\/\/api.whatsapp.com\/send?text=https:\/\/radiorevelacionfm.cl\/?p=38230' aria-hidden='false' data-av_icon='\uf232' data-av_iconfont='entypo-fontello' title='' data-avia-related-tooltip='Compartir en Whatsapp' rel=\"noopener\"><span class='avia_hidden_link_text'>Compartir en Whatsapp<\/span><\/a><\/li><li class='av-share-link av-social-link-linkedin' ><a target=\"_blank\" aria-label=\"Compartir en LinkedIn\" href='https:\/\/linkedin.com\/shareArticle?mini=true&#038;title=Gobierno%20Regional%20aprueba%20recursos%20para%20fortalecer%20avance%20en%20obras%20emblem%C3%A1ticas%20para%20comunidades%20de%20Ays%C3%A9n%20y%20Cochrane&#038;url=https:\/\/radiorevelacionfm.cl\/?p=38230' aria-hidden='false' data-av_icon='\ue8fc' data-av_iconfont='entypo-fontello' title='' data-avia-related-tooltip='Compartir en LinkedIn' rel=\"noopener\"><span class='avia_hidden_link_text'>Compartir en LinkedIn<\/span><\/a><\/li><li class='av-share-link av-social-link-mail' ><a  aria-label=\"Compartir por correo\" href='mailto:?subject=Gobierno%20Regional%20aprueba%20recursos%20para%20fortalecer%20avance%20en%20obras%20emblem%C3%A1ticas%20para%20comunidades%20de%20Ays%C3%A9n%20y%20Cochrane&#038;body=https:\/\/radiorevelacionfm.cl\/?p=38230' aria-hidden='false' data-av_icon='\ue805' data-av_iconfont='entypo-fontello' title='' data-avia-related-tooltip='Compartir por correo'><span class='avia_hidden_link_text'>Compartir por correo<\/span><\/a><\/li><\/ul><\/div><\/div>\n<div  style='height:50px' class='hr hr-invisible   avia-builder-el-8  el_after_av_social_share  el_before_av_comments_list '><span class='hr-inner ' ><span class='hr-inner-style'><\/span><\/span><\/div>\n<div  class='av-buildercomment  av-blog-meta-html-info-disabled av-blog-meta-tag-disabled  '><\/div>\n","protected":false},"excerpt":{"rendered":"","protected":false},"author":1,"featured_media":38231,"comment_status":"open","ping_status":"open","sticky":false,"template":"","format":"standard","meta":{"footnotes":""},"categories":[1],"tags":[],"class_list":["post-38230","post","type-post","status-publish","format-standard","has-post-thumbnail","hentry","category-sin-categoria"],"jetpack_featured_media_url":"https:\/\/radiorevelacionfm.cl\/wp-content\/uploads\/2023\/12\/IMG-20231221-WA0015-1-1.jpg","_links":{"self":[{"href":"https:\/\/radiorevelacionfm.cl\/index.php?rest_route=\/wp\/v2\/posts\/38230","targetHints":{"allow":["GET"]}}],"collection":[{"href":"https:\/\/radiorevelacionfm.cl\/index.php?rest_route=\/wp\/v2\/posts"}],"about":[{"href":"https:\/\/radiorevelacionfm.cl\/index.php?rest_route=\/wp\/v2\/types\/post"}],"author":[{"embeddable":true,"href":"https:\/\/radiorevelacionfm.cl\/index.php?rest_route=\/wp\/v2\/users\/1"}],"replies":[{"embeddable":true,"href":"https:\/\/radiorevelacionfm.cl\/index.php?rest_route=%2Fwp%2Fv2%2Fcomments&post=38230"}],"version-history":[{"count":1,"href":"https:\/\/radiorevelacionfm.cl\/index.php?rest_route=\/wp\/v2\/posts\/38230\/revisions"}],"predecessor-version":[{"id":38232,"href":"https:\/\/radiorevelacionfm.cl\/index.php?rest_route=\/wp\/v2\/posts\/38230\/revisions\/38232"}],"wp:featuredmedia":[{"embeddable":true,"href":"https:\/\/radiorevelacionfm.cl\/index.php?rest_route=\/wp\/v2\/media\/38231"}],"wp:attachment":[{"href":"https:\/\/radiorevelacionfm.cl\/index.php?rest_route=%2Fwp%2Fv2%2Fmedia&parent=38230"}],"wp:term":[{"taxonomy":"category","embeddable":true,"href":"https:\/\/radiorevelacionfm.cl\/index.php?rest_route=%2Fwp%2Fv2%2Fcategories&post=38230"},{"taxonomy":"post_tag","embeddable":true,"href":"https:\/\/radiorevelacionfm.cl\/index.php?rest_route=%2Fwp%2Fv2%2Ftags&post=38230"}],"curies":[{"name":"wp","href":"https:\/\/api.w.org\/{rel}","templated":true}]}}