{"id":38227,"date":"2023-12-21T17:37:01","date_gmt":"2023-12-21T20:37:01","guid":{"rendered":"https:\/\/radiorevelacionfm.cl\/?p=38227"},"modified":"2023-12-21T17:37:01","modified_gmt":"2023-12-21T20:37:01","slug":"en-puerto-aysen-division-de-organizaciones-sociales-finaliza-dialogos-para-modificar-la-ley-20-500-en-la-region","status":"publish","type":"post","link":"https:\/\/radiorevelacionfm.cl\/?p=38227","title":{"rendered":"En Puerto Ays\u00e9n: Divisi\u00f3n de Organizaciones Sociales finaliza Di\u00e1logos para modificar la ley 20.500 en la regi\u00f3n"},"content":{"rendered":"<div class=\"flex_column av_one_full  flex_column_div av-zero-column-padding first  avia-builder-el-0  el_before_av_one_full  avia-builder-el-first  \" style='border-radius:0px; '><div  class='avia-image-container  av-styling-    avia-builder-el-1  avia-builder-el-no-sibling  avia-align-center '  itemprop=\"image\" itemscope=\"itemscope\" itemtype=\"https:\/\/schema.org\/ImageObject\"  ><div class='avia-image-container-inner'><div class='avia-image-overlay-wrap'><img decoding=\"async\" class='wp-image-38228 avia-img-lazy-loading-not-38228 avia_image' src=\"https:\/\/radiorevelacionfm.cl\/wp-content\/uploads\/2023\/12\/dialogo-aysen-1-1.jpeg\" alt='' title='dialogo aysen (1) (1)' height=\"600\" width=\"1067\"  itemprop=\"thumbnailUrl\" srcset=\"https:\/\/radiorevelacionfm.cl\/wp-content\/uploads\/2023\/12\/dialogo-aysen-1-1.jpeg 1067w, https:\/\/radiorevelacionfm.cl\/wp-content\/uploads\/2023\/12\/dialogo-aysen-1-1-300x169.jpeg 300w, https:\/\/radiorevelacionfm.cl\/wp-content\/uploads\/2023\/12\/dialogo-aysen-1-1-1030x579.jpeg 1030w, https:\/\/radiorevelacionfm.cl\/wp-content\/uploads\/2023\/12\/dialogo-aysen-1-1-768x432.jpeg 768w, https:\/\/radiorevelacionfm.cl\/wp-content\/uploads\/2023\/12\/dialogo-aysen-1-1-705x396.jpeg 705w, https:\/\/radiorevelacionfm.cl\/wp-content\/uploads\/2023\/12\/dialogo-aysen-1-1-450x253.jpeg 450w, https:\/\/radiorevelacionfm.cl\/wp-content\/uploads\/2023\/12\/dialogo-aysen-1-1-600x337.jpeg 600w\" sizes=\"(max-width: 1067px) 100vw, 1067px\" \/><\/div><\/div><\/div><\/div><div class=\"flex_column av_one_full  flex_column_div av-zero-column-padding first  avia-builder-el-2  el_after_av_one_full  el_before_av_one_full  column-top-margin\" style='border-radius:0px; '><section class=\"av_textblock_section \"  itemscope=\"itemscope\" itemtype=\"https:\/\/schema.org\/BlogPosting\" itemprop=\"blogPost\" ><div class='avia_textblock  '   itemprop=\"text\" ><p style=\"text-align: center;\"><strong><span style=\"font-size: 18pt;\">En Puerto Ays\u00e9n: Divisi\u00f3n de Organizaciones Sociales finaliza Di\u00e1logos para modificar la ley 20.500 en la regi\u00f3n<\/span><\/strong><\/p>\n<div id=\"gtx-trans\" style=\"position: absolute; left: -50px; top: 4.31534px;\">\n<div class=\"gtx-trans-icon\"><\/div>\n<\/div>\n<\/div><\/section><\/div><div class=\"flex_column av_one_full  flex_column_div av-zero-column-padding first  avia-builder-el-4  el_after_av_one_full  el_before_av_hr  column-top-margin\" style='border-radius:0px; '><section class=\"av_textblock_section \"  itemscope=\"itemscope\" itemtype=\"https:\/\/schema.org\/BlogPosting\" itemprop=\"blogPost\" ><div class='avia_textblock  '   itemprop=\"text\" ><p style=\"text-align: justify;\">En la Casa de la Cultura de Puerto Ays\u00e9n se llev\u00f3 a cabo el di\u00e1logo participativo \u00abHablemos de Participaci\u00f3n\u00bb, instancias que se llevaron a cabo en todo el pa\u00eds para reformar la Ley 20.500.<\/p>\n<p style=\"text-align: justify;\">El proceso participativo para la modernizaci\u00f3n de la Ley 20.500 se comenz\u00f3 a desarrollar en octubre y ahora en diciembre est\u00e1 culminando, con el objetivo de presentar, en enero del pr\u00f3ximo a\u00f1o, una propuesta para un futuro proyecto de ley que reforme este cuerpo normativo.<\/p>\n<p style=\"text-align: justify;\">A la actividad, \u00a0a la que asisti\u00f3 la Seremi de Gobierno de Ays\u00e9n, Tatiana Pl\u00e1 \u00c1lvarez, sirvi\u00f3 para recoger insumos que permitan modernizar la Ley sobre Asociaciones y Participaci\u00f3n Ciudadana en la Gesti\u00f3n P\u00fablica. \u201cEs muy importante para nosotros, como Ministerio Secretar\u00eda General de Gobierno esta etapa que estamos culminando, llevamos dos meses haciendo di\u00e1logos participativos, principalmente con miembros de los COSOC municipales y que la municipalidad de Ays\u00e9n tiene, ya que no son muchos los municipios en la regi\u00f3n que cuentan con este Consejo. Estos di\u00e1logos son para que justamente con las y los dirigentes podamos entregar los insumos necesarios para que nuestro ministerio y el pr\u00f3ximo a\u00f1o pueda entregar un proyecto de ley para modernizar la actual ley 20.500, la que tiene que ver con participaci\u00f3n ciudadana. As\u00ed que estamos culminando esta etapa en la regi\u00f3n de Ays\u00e9n y tambi\u00e9n a nivel nacional\u201d, indic\u00f3 la vocera de Gobierno de Ays\u00e9n.<\/p>\n<p style=\"text-align: justify;\">La Ley 20.500, cuyo proyecto fue presentado al Congreso en 2004 y fue promulgada en 2011, fue un paso importante para definir y fortalecer el v\u00ednculo entre el Estado y la ciudadan\u00eda. Sin embargo, los diagn\u00f3sticos desarrollados en la academia, en la sociedad civil organizada y no organizada, y en el Estado, coinciden en que dicha legislaci\u00f3n no precisa qu\u00e9 se entiende por participaci\u00f3n en la administraci\u00f3n p\u00fablica y sus alcances. Adem\u00e1s, no entrega las herramientas que hagan efectiva su implementaci\u00f3n.<\/p>\n<p style=\"text-align: justify;\">\u00a0\u201cEstamos muy contentos de haber llevado a cabo el di\u00e1logo \u201cHablemos de Participaci\u00f3n\u201d, que gener\u00f3 nuestra Divisi\u00f3n de Organizaciones Sociales, llevado a cabo en la comuna de Puerto Ays\u00e9n, que incluy\u00f3 a organizaciones sociales y los miembros del Cosoc, en la cual pudimos recabar sus opiniones y consideraciones para poder prontamente sistematizar a nivel central, donde tendr\u00e1n voz todas las regiones del pa\u00eds y se tendr\u00e1n las consideraciones de las personas que realmente participan de ella, con las singularidades y particularidades que tiene cada regi\u00f3n\u201d, indic\u00f3 Patricia Cifuentes, encargada regional de la Divisi\u00f3n de Organizaciones Sociales (DOS) de la Seremi de Gobierno Ays\u00e9n.<\/p>\n<p style=\"text-align: justify;\">Los di\u00e1logos participativos \u201cHablemos de Participaci\u00f3n\u201d entran en su recta final esta semana, despu\u00e9s de visitar distintas regiones del pa\u00eds, como las regiones de Atacama, Tarapac\u00e1, La Araucan\u00eda y Ays\u00e9n.<\/p>\n<p style=\"text-align: justify;\">\u201cComo Ilustre Municipalidad de Ays\u00e9n convocamos en conjunto con la Divisi\u00f3n de Organizaciones Sociales del Ministerio Secretar\u00eda General de Gobierno, a un di\u00e1logo sobre la reforma de la ley 20,500, \u00a0teniendo una muy buena convocatoria con los dirigentes de diferentes organizaciones, tanto funcionales como territoriales. Felices de poder estar apoyando en esta instancia y seguir trabajando en conjunto, para que as\u00ed podamos entregar mejores herramientas a nuestras y nuestros dirigentes y tambi\u00e9n en conjunto realizar otras actividades\u201d, se\u00f1al\u00f3 Rita Aguilar, encargada de Organizaciones Sociales de la Municipalidad de Ays\u00e9n.<\/p>\n<p style=\"text-align: justify;\">El proceso buscaba cumplir con el compromiso del programa de Gobierno del Presidente Gabriel Boric de actualizar el marco que rige la participaci\u00f3n ciudadana en la gesti\u00f3n p\u00fablica. El itinerario presentado contempl\u00f3 di\u00e1logos con instituciones p\u00fablicas y organizaciones sociales, adem\u00e1s de una consulta digital abierta a toda la ciudadan\u00eda.<\/p>\n<\/div><\/section><\/div><div  style='height:50px' class='hr hr-invisible   avia-builder-el-6  el_after_av_one_full  el_before_av_social_share '><span class='hr-inner ' ><span class='hr-inner-style'><\/span><\/span><\/div><\/p>\n<div  class='av-social-sharing-box  avia-builder-el-7  el_after_av_hr  el_before_av_hr  '><div class='av-share-box'><h5 class='av-share-link-description av-no-toc '>Compartir esta noticia<\/h5><ul class='av-share-box-list noLightbox'><li class='av-share-link av-social-link-facebook' ><a target=\"_blank\" aria-label=\"Compartir en Facebook\" href='https:\/\/www.facebook.com\/sharer.php?u=https:\/\/radiorevelacionfm.cl\/?p=38227&#038;t=En%20Puerto%20Ays%C3%A9n%3A%20Divisi%C3%B3n%20de%20Organizaciones%20Sociales%20finaliza%20Di%C3%A1logos%20para%20modificar%20la%20ley%2020.500%20en%20la%20regi%C3%B3n' aria-hidden='false' data-av_icon='\ue8f3' data-av_iconfont='entypo-fontello' title='' data-avia-related-tooltip='Compartir en Facebook' rel=\"noopener\"><span class='avia_hidden_link_text'>Compartir en Facebook<\/span><\/a><\/li><li class='av-share-link av-social-link-twitter' ><a target=\"_blank\" aria-label=\"Compartir en Twitter\" href='https:\/\/twitter.com\/share?text=En%20Puerto%20Ays%C3%A9n%3A%20Divisi%C3%B3n%20de%20Organizaciones%20Sociales%20finaliza%20Di%C3%A1logos%20para%20modificar%20la%20ley%2020.500%20en%20la%20regi%C3%B3n&#038;url=https:\/\/radiorevelacionfm.cl\/?p=38227' aria-hidden='false' data-av_icon='\ue8f1' data-av_iconfont='entypo-fontello' title='' data-avia-related-tooltip='Compartir en Twitter' rel=\"noopener\"><span class='avia_hidden_link_text'>Compartir en Twitter<\/span><\/a><\/li><li class='av-share-link av-social-link-whatsapp' ><a target=\"_blank\" aria-label=\"Compartir en Whatsapp\" href='https:\/\/api.whatsapp.com\/send?text=https:\/\/radiorevelacionfm.cl\/?p=38227' aria-hidden='false' data-av_icon='\uf232' data-av_iconfont='entypo-fontello' title='' data-avia-related-tooltip='Compartir en Whatsapp' rel=\"noopener\"><span class='avia_hidden_link_text'>Compartir en Whatsapp<\/span><\/a><\/li><li class='av-share-link av-social-link-linkedin' ><a target=\"_blank\" aria-label=\"Compartir en LinkedIn\" href='https:\/\/linkedin.com\/shareArticle?mini=true&#038;title=En%20Puerto%20Ays%C3%A9n%3A%20Divisi%C3%B3n%20de%20Organizaciones%20Sociales%20finaliza%20Di%C3%A1logos%20para%20modificar%20la%20ley%2020.500%20en%20la%20regi%C3%B3n&#038;url=https:\/\/radiorevelacionfm.cl\/?p=38227' aria-hidden='false' data-av_icon='\ue8fc' data-av_iconfont='entypo-fontello' title='' data-avia-related-tooltip='Compartir en LinkedIn' rel=\"noopener\"><span class='avia_hidden_link_text'>Compartir en LinkedIn<\/span><\/a><\/li><li class='av-share-link av-social-link-mail' ><a  aria-label=\"Compartir por correo\" href='mailto:?subject=En%20Puerto%20Ays%C3%A9n%3A%20Divisi%C3%B3n%20de%20Organizaciones%20Sociales%20finaliza%20Di%C3%A1logos%20para%20modificar%20la%20ley%2020.500%20en%20la%20regi%C3%B3n&#038;body=https:\/\/radiorevelacionfm.cl\/?p=38227' aria-hidden='false' data-av_icon='\ue805' data-av_iconfont='entypo-fontello' title='' data-avia-related-tooltip='Compartir por correo'><span class='avia_hidden_link_text'>Compartir por correo<\/span><\/a><\/li><\/ul><\/div><\/div>\n<div  style='height:50px' class='hr hr-invisible   avia-builder-el-8  el_after_av_social_share  el_before_av_comments_list '><span class='hr-inner ' ><span class='hr-inner-style'><\/span><\/span><\/div>\n<div  class='av-buildercomment  av-blog-meta-html-info-disabled av-blog-meta-tag-disabled  '><\/div>\n","protected":false},"excerpt":{"rendered":"","protected":false},"author":1,"featured_media":38228,"comment_status":"open","ping_status":"open","sticky":false,"template":"","format":"standard","meta":{"footnotes":""},"categories":[38],"tags":[],"class_list":["post-38227","post","type-post","status-publish","format-standard","has-post-thumbnail","hentry","category-regional"],"jetpack_featured_media_url":"https:\/\/radiorevelacionfm.cl\/wp-content\/uploads\/2023\/12\/dialogo-aysen-1-1.jpeg","_links":{"self":[{"href":"https:\/\/radiorevelacionfm.cl\/index.php?rest_route=\/wp\/v2\/posts\/38227","targetHints":{"allow":["GET"]}}],"collection":[{"href":"https:\/\/radiorevelacionfm.cl\/index.php?rest_route=\/wp\/v2\/posts"}],"about":[{"href":"https:\/\/radiorevelacionfm.cl\/index.php?rest_route=\/wp\/v2\/types\/post"}],"author":[{"embeddable":true,"href":"https:\/\/radiorevelacionfm.cl\/index.php?rest_route=\/wp\/v2\/users\/1"}],"replies":[{"embeddable":true,"href":"https:\/\/radiorevelacionfm.cl\/index.php?rest_route=%2Fwp%2Fv2%2Fcomments&post=38227"}],"version-history":[{"count":1,"href":"https:\/\/radiorevelacionfm.cl\/index.php?rest_route=\/wp\/v2\/posts\/38227\/revisions"}],"predecessor-version":[{"id":38229,"href":"https:\/\/radiorevelacionfm.cl\/index.php?rest_route=\/wp\/v2\/posts\/38227\/revisions\/38229"}],"wp:featuredmedia":[{"embeddable":true,"href":"https:\/\/radiorevelacionfm.cl\/index.php?rest_route=\/wp\/v2\/media\/38228"}],"wp:attachment":[{"href":"https:\/\/radiorevelacionfm.cl\/index.php?rest_route=%2Fwp%2Fv2%2Fmedia&parent=38227"}],"wp:term":[{"taxonomy":"category","embeddable":true,"href":"https:\/\/radiorevelacionfm.cl\/index.php?rest_route=%2Fwp%2Fv2%2Fcategories&post=38227"},{"taxonomy":"post_tag","embeddable":true,"href":"https:\/\/radiorevelacionfm.cl\/index.php?rest_route=%2Fwp%2Fv2%2Ftags&post=38227"}],"curies":[{"name":"wp","href":"https:\/\/api.w.org\/{rel}","templated":true}]}}