{"id":38221,"date":"2023-12-21T15:52:06","date_gmt":"2023-12-21T18:52:06","guid":{"rendered":"https:\/\/radiorevelacionfm.cl\/?p=38221"},"modified":"2023-12-21T15:52:06","modified_gmt":"2023-12-21T18:52:06","slug":"una-tonelada-reunio-campana-patagonia-ponte-las-pilas-de-edelaysen-en-colaboracion-con-autoridades-locales","status":"publish","type":"post","link":"https:\/\/radiorevelacionfm.cl\/?p=38221","title":{"rendered":"Una tonelada reuni\u00f3 campa\u00f1a \u201cPatagonia ponte las pilas\u201d de Edelaysen en colaboraci\u00f3n con autoridades locales"},"content":{"rendered":"<div class=\"flex_column av_one_full  flex_column_div av-zero-column-padding first  avia-builder-el-0  el_before_av_one_full  avia-builder-el-first  \" style='border-radius:0px; '><div  class='avia-image-container  av-styling-    avia-builder-el-1  avia-builder-el-no-sibling  avia-align-center '  itemprop=\"image\" itemscope=\"itemscope\" itemtype=\"https:\/\/schema.org\/ImageObject\"  ><div class='avia-image-container-inner'><div class='avia-image-overlay-wrap'><img decoding=\"async\" class='wp-image-38222 avia-img-lazy-loading-not-38222 avia_image' src=\"https:\/\/radiorevelacionfm.cl\/wp-content\/uploads\/2023\/12\/Cierre-Pilas-20232-1-1.jpeg\" alt='' title='Cierre Pilas 20232 (1) (1)' height=\"600\" width=\"800\"  itemprop=\"thumbnailUrl\" srcset=\"https:\/\/radiorevelacionfm.cl\/wp-content\/uploads\/2023\/12\/Cierre-Pilas-20232-1-1.jpeg 800w, https:\/\/radiorevelacionfm.cl\/wp-content\/uploads\/2023\/12\/Cierre-Pilas-20232-1-1-300x225.jpeg 300w, https:\/\/radiorevelacionfm.cl\/wp-content\/uploads\/2023\/12\/Cierre-Pilas-20232-1-1-768x576.jpeg 768w, https:\/\/radiorevelacionfm.cl\/wp-content\/uploads\/2023\/12\/Cierre-Pilas-20232-1-1-705x529.jpeg 705w, https:\/\/radiorevelacionfm.cl\/wp-content\/uploads\/2023\/12\/Cierre-Pilas-20232-1-1-450x338.jpeg 450w, https:\/\/radiorevelacionfm.cl\/wp-content\/uploads\/2023\/12\/Cierre-Pilas-20232-1-1-600x450.jpeg 600w\" sizes=\"(max-width: 800px) 100vw, 800px\" \/><\/div><\/div><\/div><\/div><div class=\"flex_column av_one_full  flex_column_div av-zero-column-padding first  avia-builder-el-2  el_after_av_one_full  el_before_av_one_full  column-top-margin\" style='border-radius:0px; '><section class=\"av_textblock_section \"  itemscope=\"itemscope\" itemtype=\"https:\/\/schema.org\/BlogPosting\" itemprop=\"blogPost\" ><div class='avia_textblock  '   itemprop=\"text\" ><p style=\"text-align: center;\"><span style=\"font-size: 18pt;\"><strong>Una tonelada reuni\u00f3 campa\u00f1a \u201cPatagonia ponte las pilas\u201d de Edelaysen en colaboraci\u00f3n con autoridades locales<\/strong><\/span><\/p>\n<div id=\"gtx-trans\" style=\"position: absolute; left: -50px; top: 4.31534px;\">\n<div class=\"gtx-trans-icon\"><\/div>\n<\/div>\n<\/div><\/section><\/div><div class=\"flex_column av_one_full  flex_column_div av-zero-column-padding first  avia-builder-el-4  el_after_av_one_full  el_before_av_hr  column-top-margin\" style='border-radius:0px; '><section class=\"av_textblock_section \"  itemscope=\"itemscope\" itemtype=\"https:\/\/schema.org\/BlogPosting\" itemprop=\"blogPost\" ><div class='avia_textblock  '   itemprop=\"text\" ><p style=\"text-align: justify;\"><em>La el\u00e9ctrica junto a la Municipalidad de Coyhaique, Seremi del Medio Ambiente y Tesorer\u00eda General de la Rep\u00fablica, celebraron los mil kilos de pilas almacenadas.<\/em><\/p>\n<p style=\"text-align: justify;\"><em>\u00a0<\/em>Desde la Central El\u00e9ctrica Tehuelche en Coyhaique, Edelaysen dio por finalizada la campa\u00f1a de almacenaje de pilas dentro de la regi\u00f3n. La iniciativa, que cont\u00f3 con el respaldo de la Municipalidad de Coyhaique, Seremi del Medio Ambiente y la Tesorer\u00eda General de la Rep\u00fablica, tuvo como objetivo principal la recolecci\u00f3n responsable de pilas en desuso para contribuir al cuidado del entorno natural de la Patagonia.<\/p>\n<p style=\"text-align: justify;\">Las entidades colaboradoras, as\u00ed como los establecimientos educacionales, instituciones p\u00fablicas y la comunidad en general fueron los que aportaron significativamente en el almacenaje de alrededor de mil kilos de pilas, aportando a la sostenibilidad de la regi\u00f3n.<\/p>\n<p style=\"text-align: justify;\">Patricio Raimilla, jefe de Servicio al Cliente de Edelaysen destac\u00f3: \u201cAgradecemos a todos los participantes, colaboradores y a la comunidad en general por hacer de esta campa\u00f1a un \u00e9xito. La respuesta ha sido abrumadora, y esta experiencia refuerza nuestro compromiso con el servicio y el cuidado del medio ambiente. \u00a1La Patagonia se puso las pilas! Juntos, se continuar\u00e1 construyendo un futuro m\u00e1s sostenible y saludable para las generaciones venideras\u00bb.<\/p>\n<p style=\"text-align: justify;\">En representaci\u00f3n del alcalde, Eduardo Vera destac\u00f3 que: \u201cEstamos muy contentos como municipio de haber participado de esta iniciativa. Como municipalidad y como direcci\u00f3n de medio ambiente, tambi\u00e9n estamos con muchas jornadas de reciclaje que se hace los d\u00edas s\u00e1bado para la comunidad y sobre todo con las pilas donde participaron todos los funcionarios\u201d.<\/p>\n<p style=\"text-align: justify;\">Por su parte, Juan Andr\u00e9s Galilea de la Tesorer\u00eda General de la Rep\u00fablica en Ays\u00e9n expres\u00f3 \u201cnosotros estamos embarcados en una iniciativa importante a nivel de la TGR con el compromiso con el Estado verde, lo que implica que este tipo de actividades, colaboran en la descontaminaci\u00f3n y poder reutilizar los desechos en otro tipo de campa\u00f1as, como la que iniciaremos en marzo con la recolecci\u00f3n de cajas tetrapack y en el fondo con un compromiso irrestricto por mantener nuestro planeta m\u00e1s limpio\u201d.<\/p>\n<p style=\"text-align: justify;\">Este \u00e9xito no solo se traduce en la cantidad de pilas recolectadas, sino tambi\u00e9n en el impacto positivo que representa para el medio ambiente esta actividad. De esta manera, cada pila desechada adecuadamente es un paso s\u00f3lido hacia la preservaci\u00f3n y protecci\u00f3n de la biodiversidad.<\/p>\n<p style=\"text-align: justify;\">Edelaysen reafirma su compromiso con la responsabilidad ambiental y la sostenibilidad, buscando constantemente maneras innovadoras de contribuir al bienestar de la comunidad y el entorno que la rodea. Estos mil kilos de pilas en desuso ser\u00e1n llevadas hasta la empresa Hidronor en Concepci\u00f3n para su disposici\u00f3n final.<\/p>\n<\/div><\/section><\/div><div  style='height:50px' class='hr hr-invisible   avia-builder-el-6  el_after_av_one_full  el_before_av_social_share '><span class='hr-inner ' ><span class='hr-inner-style'><\/span><\/span><\/div><\/p>\n<div  class='av-social-sharing-box  avia-builder-el-7  el_after_av_hr  el_before_av_hr  '><div class='av-share-box'><h5 class='av-share-link-description av-no-toc '>Compartir esta noticia<\/h5><ul class='av-share-box-list noLightbox'><li class='av-share-link av-social-link-facebook' ><a target=\"_blank\" aria-label=\"Compartir en Facebook\" href='https:\/\/www.facebook.com\/sharer.php?u=https:\/\/radiorevelacionfm.cl\/?p=38221&#038;t=Una%20tonelada%20reuni%C3%B3%20campa%C3%B1a%20%E2%80%9CPatagonia%20ponte%20las%20pilas%E2%80%9D%20de%20Edelaysen%20en%20colaboraci%C3%B3n%20con%20autoridades%20locales' aria-hidden='false' data-av_icon='\ue8f3' data-av_iconfont='entypo-fontello' title='' data-avia-related-tooltip='Compartir en Facebook' rel=\"noopener\"><span class='avia_hidden_link_text'>Compartir en Facebook<\/span><\/a><\/li><li class='av-share-link av-social-link-twitter' ><a target=\"_blank\" aria-label=\"Compartir en Twitter\" href='https:\/\/twitter.com\/share?text=Una%20tonelada%20reuni%C3%B3%20campa%C3%B1a%20%E2%80%9CPatagonia%20ponte%20las%20pilas%E2%80%9D%20de%20Edelaysen%20en%20colaboraci%C3%B3n%20con%20autoridades%20locales&#038;url=https:\/\/radiorevelacionfm.cl\/?p=38221' aria-hidden='false' data-av_icon='\ue8f1' data-av_iconfont='entypo-fontello' title='' data-avia-related-tooltip='Compartir en Twitter' rel=\"noopener\"><span class='avia_hidden_link_text'>Compartir en Twitter<\/span><\/a><\/li><li class='av-share-link av-social-link-whatsapp' ><a target=\"_blank\" aria-label=\"Compartir en Whatsapp\" href='https:\/\/api.whatsapp.com\/send?text=https:\/\/radiorevelacionfm.cl\/?p=38221' aria-hidden='false' data-av_icon='\uf232' data-av_iconfont='entypo-fontello' title='' data-avia-related-tooltip='Compartir en Whatsapp' rel=\"noopener\"><span class='avia_hidden_link_text'>Compartir en Whatsapp<\/span><\/a><\/li><li class='av-share-link av-social-link-linkedin' ><a target=\"_blank\" aria-label=\"Compartir en LinkedIn\" href='https:\/\/linkedin.com\/shareArticle?mini=true&#038;title=Una%20tonelada%20reuni%C3%B3%20campa%C3%B1a%20%E2%80%9CPatagonia%20ponte%20las%20pilas%E2%80%9D%20de%20Edelaysen%20en%20colaboraci%C3%B3n%20con%20autoridades%20locales&#038;url=https:\/\/radiorevelacionfm.cl\/?p=38221' aria-hidden='false' data-av_icon='\ue8fc' data-av_iconfont='entypo-fontello' title='' data-avia-related-tooltip='Compartir en LinkedIn' rel=\"noopener\"><span class='avia_hidden_link_text'>Compartir en LinkedIn<\/span><\/a><\/li><li class='av-share-link av-social-link-mail' ><a  aria-label=\"Compartir por correo\" href='mailto:?subject=Una%20tonelada%20reuni%C3%B3%20campa%C3%B1a%20%E2%80%9CPatagonia%20ponte%20las%20pilas%E2%80%9D%20de%20Edelaysen%20en%20colaboraci%C3%B3n%20con%20autoridades%20locales&#038;body=https:\/\/radiorevelacionfm.cl\/?p=38221' aria-hidden='false' data-av_icon='\ue805' data-av_iconfont='entypo-fontello' title='' data-avia-related-tooltip='Compartir por correo'><span class='avia_hidden_link_text'>Compartir por correo<\/span><\/a><\/li><\/ul><\/div><\/div>\n<div  style='height:50px' class='hr hr-invisible   avia-builder-el-8  el_after_av_social_share  el_before_av_comments_list '><span class='hr-inner ' ><span class='hr-inner-style'><\/span><\/span><\/div>\n<div  class='av-buildercomment  av-blog-meta-html-info-disabled av-blog-meta-tag-disabled  '><\/div>\n","protected":false},"excerpt":{"rendered":"","protected":false},"author":1,"featured_media":38222,"comment_status":"open","ping_status":"open","sticky":false,"template":"","format":"standard","meta":{"footnotes":""},"categories":[38],"tags":[],"class_list":["post-38221","post","type-post","status-publish","format-standard","has-post-thumbnail","hentry","category-regional"],"jetpack_featured_media_url":"https:\/\/radiorevelacionfm.cl\/wp-content\/uploads\/2023\/12\/Cierre-Pilas-20232-1-1.jpeg","_links":{"self":[{"href":"https:\/\/radiorevelacionfm.cl\/index.php?rest_route=\/wp\/v2\/posts\/38221","targetHints":{"allow":["GET"]}}],"collection":[{"href":"https:\/\/radiorevelacionfm.cl\/index.php?rest_route=\/wp\/v2\/posts"}],"about":[{"href":"https:\/\/radiorevelacionfm.cl\/index.php?rest_route=\/wp\/v2\/types\/post"}],"author":[{"embeddable":true,"href":"https:\/\/radiorevelacionfm.cl\/index.php?rest_route=\/wp\/v2\/users\/1"}],"replies":[{"embeddable":true,"href":"https:\/\/radiorevelacionfm.cl\/index.php?rest_route=%2Fwp%2Fv2%2Fcomments&post=38221"}],"version-history":[{"count":1,"href":"https:\/\/radiorevelacionfm.cl\/index.php?rest_route=\/wp\/v2\/posts\/38221\/revisions"}],"predecessor-version":[{"id":38223,"href":"https:\/\/radiorevelacionfm.cl\/index.php?rest_route=\/wp\/v2\/posts\/38221\/revisions\/38223"}],"wp:featuredmedia":[{"embeddable":true,"href":"https:\/\/radiorevelacionfm.cl\/index.php?rest_route=\/wp\/v2\/media\/38222"}],"wp:attachment":[{"href":"https:\/\/radiorevelacionfm.cl\/index.php?rest_route=%2Fwp%2Fv2%2Fmedia&parent=38221"}],"wp:term":[{"taxonomy":"category","embeddable":true,"href":"https:\/\/radiorevelacionfm.cl\/index.php?rest_route=%2Fwp%2Fv2%2Fcategories&post=38221"},{"taxonomy":"post_tag","embeddable":true,"href":"https:\/\/radiorevelacionfm.cl\/index.php?rest_route=%2Fwp%2Fv2%2Ftags&post=38221"}],"curies":[{"name":"wp","href":"https:\/\/api.w.org\/{rel}","templated":true}]}}