{"id":38215,"date":"2023-12-21T14:08:09","date_gmt":"2023-12-21T17:08:09","guid":{"rendered":"https:\/\/radiorevelacionfm.cl\/?p=38215"},"modified":"2023-12-21T14:08:09","modified_gmt":"2023-12-21T17:08:09","slug":"realizan-positivo-balance-en-jornada-de-cierre-de-la-segunda-implementacion-del-programa-sumo-primero-en-terreno-en-la-region-de-aysen","status":"publish","type":"post","link":"https:\/\/radiorevelacionfm.cl\/?p=38215","title":{"rendered":"Realizan positivo balance en jornada de cierre de la segunda implementaci\u00f3n del programa Sumo Primero en Terreno en la Regi\u00f3n de Ays\u00e9n"},"content":{"rendered":"<div class=\"flex_column av_one_full  flex_column_div av-zero-column-padding first  avia-builder-el-0  el_before_av_one_full  avia-builder-el-first  \" style='border-radius:0px; '><div  class='avia-image-container  av-styling-    avia-builder-el-1  avia-builder-el-no-sibling  avia-align-center '  itemprop=\"image\" itemscope=\"itemscope\" itemtype=\"https:\/\/schema.org\/ImageObject\"  ><div class='avia-image-container-inner'><div class='avia-image-overlay-wrap'><img decoding=\"async\" class='wp-image-38216 avia-img-lazy-loading-not-38216 avia_image' src=\"https:\/\/radiorevelacionfm.cl\/wp-content\/uploads\/2023\/12\/Programa-Sumo-Primero-en-Terreno-1-1.jpg\" alt='' title='Programa Sumo Primero en Terreno (1) (1)' height=\"600\" width=\"900\"  itemprop=\"thumbnailUrl\" srcset=\"https:\/\/radiorevelacionfm.cl\/wp-content\/uploads\/2023\/12\/Programa-Sumo-Primero-en-Terreno-1-1.jpg 900w, https:\/\/radiorevelacionfm.cl\/wp-content\/uploads\/2023\/12\/Programa-Sumo-Primero-en-Terreno-1-1-300x200.jpg 300w, https:\/\/radiorevelacionfm.cl\/wp-content\/uploads\/2023\/12\/Programa-Sumo-Primero-en-Terreno-1-1-768x512.jpg 768w, https:\/\/radiorevelacionfm.cl\/wp-content\/uploads\/2023\/12\/Programa-Sumo-Primero-en-Terreno-1-1-705x470.jpg 705w, https:\/\/radiorevelacionfm.cl\/wp-content\/uploads\/2023\/12\/Programa-Sumo-Primero-en-Terreno-1-1-450x300.jpg 450w, https:\/\/radiorevelacionfm.cl\/wp-content\/uploads\/2023\/12\/Programa-Sumo-Primero-en-Terreno-1-1-600x400.jpg 600w\" sizes=\"(max-width: 900px) 100vw, 900px\" \/><\/div><\/div><\/div><\/div><div class=\"flex_column av_one_full  flex_column_div av-zero-column-padding first  avia-builder-el-2  el_after_av_one_full  el_before_av_one_full  column-top-margin\" style='border-radius:0px; '><section class=\"av_textblock_section \"  itemscope=\"itemscope\" itemtype=\"https:\/\/schema.org\/BlogPosting\" itemprop=\"blogPost\" ><div class='avia_textblock  '   itemprop=\"text\" ><h2 class=\"title\" style=\"text-align: center;\"><strong><span style=\"font-size: 18pt;\">Realizan positivo balance en jornada de cierre de la segunda implementaci\u00f3n del programa Sumo Primero en Terreno en la Regi\u00f3n de Ays\u00e9n<\/span><\/strong><\/h2>\n<div id=\"gtx-trans\" style=\"position: absolute; left: -50px; top: 4.31534px;\">\n<div class=\"gtx-trans-icon\"><\/div>\n<\/div>\n<\/div><\/section><\/div><div class=\"flex_column av_one_full  flex_column_div av-zero-column-padding first  avia-builder-el-4  el_after_av_one_full  el_before_av_hr  column-top-margin\" style='border-radius:0px; '><section class=\"av_textblock_section \"  itemscope=\"itemscope\" itemtype=\"https:\/\/schema.org\/BlogPosting\" itemprop=\"blogPost\" ><div class='avia_textblock  '   itemprop=\"text\" ><p style=\"text-align: justify;\">El programa busca atender los efectos de la pandemia en educaci\u00f3n, a trav\u00e9s del trabajo con docentes de matem\u00e1tica para la adquisici\u00f3n de nuevas estrategias y herramientas para la ense\u00f1anza de la asignatura.<\/p>\n<p>La Seremi Isabel Garrido particip\u00f3 en la actividad de Cierre del Programa Sumo Primero en Terreno en su segunda implementaci\u00f3n, que tiene por finalidad contribuir al mejoramiento continuo de los procesos de ense\u00f1anza y aprendizaje de la matem\u00e1tica en escuelas urbanas, en los cursos de 1\u00ba a 4\u00ba a\u00f1o de educaci\u00f3n b\u00e1sica, que trabajen con los textos escolares Sumo Primero en Terreno distribuidos por el Ministerio de Educaci\u00f3n.<\/p>\n<p>En la oportunidad, se reconoci\u00f3 la participaci\u00f3n de ocho establecimientos de Coyhaique y Ays\u00e9n: Escuela Ays\u00e9n, Escuela Ribera Sur, Liceo T\u00e9cnico Profesional Profesor Ricardo Navarrete, Escuela Pedro Quintana Mansilla, Escuela Pedro Aguirre Cerda,\u00a0 Escuela Almirante Simpson, Escuela Baquedano y Escuela Nieves del Sur en el Programa Sumo Primero en terreno durante los a\u00f1os 2022 y 2023.<\/p>\n<p>Estos planteles formaron parte activa del proyecto \u201cSumo Primero en Terreno Macrozona 3\u201d, el cual es liderado por un equipo de acad\u00e9micos y acad\u00e9micas de la Sede Puerto Montt de la Universidad Austral de Chile. La iniciativa tiene por objetivo contribuir al mejoramiento continuo de habilidades matem\u00e1ticas en estudiantes de 1\u00b0 a 4\u00b0 b\u00e1sico. En este espacio se busc\u00f3 gestionar y entregar herramientas l\u00fadicas y din\u00e1micas que faciliten el uso del texto entregado por el Ministerio de Educaci\u00f3n \u201cSumo Primero\u201d adem\u00e1s de realizar un seguimiento de los aprendizajes con el uso de \u00e9ste en el aula.<\/p>\n<p><strong>Actividades realizadas<\/strong><\/p>\n<p>Se certificaron 53 docentes durante el a\u00f1o 2023\u00a0 se realizaron talleres presenciales y virtuales, reuniones con jefes UTP adem\u00e1s de clases p\u00fablicas virtuales donde pudieron participar los docentes.<\/p>\n<p>Sandra Burgos directora pedag\u00f3gica del programa Sumo Primero en Terreno de la Macrozona 3, detall\u00f3 que \u201cEste programa se realiz\u00f3 durante dos a\u00f1os, con la idea de acompa\u00f1ar a profesoras y profesores de la regi\u00f3n<br \/>\nde Ays\u00e9n en el uso y desarrollo de habilidades matem\u00e1ticas de ni\u00f1as y ni\u00f1os de primero a cuarto b\u00e1sico. Tuvimos una muy buena convocatoria en la regi\u00f3n y desde el programa estamos muy contentos con la respuesta<br \/>\nque tuvo la regi\u00f3n\u201d.<\/p>\n<p>H\u00e9ctor Trecam\u00e1n Jefe de la Unidad T\u00e9cnico Pedag\u00f3gica de la Escuela Ays\u00e9n de Puerto Ays\u00e9n coment\u00f3. \u201cPara los profesores y principalmente para los estudiantes la implementaci\u00f3n de este programa en nuestro establecimiento permiti\u00f3 fortalecer las competencias matem\u00e1ticas, abriendo un espacio de di\u00e1logo e interrelaci\u00f3n docente, proceso guiado por la Universidad Austral de Chile y fue una experiencia muy provechosa. Destaco que la tutora que nos acompa\u00f1\u00f3 realiz\u00f3 un trabajo con mucha dedicaci\u00f3n, potenciando en nuestras y nuestros docentes capacidades de implementaci\u00f3n efectiva del curr\u00edculo de Matem\u00e1tica en el primer ciclo b\u00e1sico\u201d.<\/p>\n<p>La Seremi de Educaci\u00f3n de Ays\u00e9n Isabel Garrido destac\u00f3 que \u201cla pandemia nos demostr\u00f3 que el rol de las y los docentes es irremplazable y es por eso que en el plan de reactivaci\u00f3n educativa que estamos impulsando desde el gobierno del presidente Gabriel Boric se incluyen iniciativas como Sumo Primero en Terreno que buscan potenciar el rol docente a trav\u00e9s de capacitaciones, espacios de reflexi\u00f3n y de encuentro para intercambio de buenas pr\u00e1cticas en que las y los profesores de Matem\u00e1tica puedan ir cerrando las brechas de aprendizajes dos a\u00f1os de suspensi\u00f3n de clases presenciales\u201d.<\/p>\n<\/div><\/section><\/div><div  style='height:50px' class='hr hr-invisible   avia-builder-el-6  el_after_av_one_full  el_before_av_social_share '><span class='hr-inner ' ><span class='hr-inner-style'><\/span><\/span><\/div><\/p>\n<div  class='av-social-sharing-box  avia-builder-el-7  el_after_av_hr  el_before_av_hr  '><div class='av-share-box'><h5 class='av-share-link-description av-no-toc '>Compartir esta noticia<\/h5><ul class='av-share-box-list noLightbox'><li class='av-share-link av-social-link-facebook' ><a target=\"_blank\" aria-label=\"Compartir en Facebook\" href='https:\/\/www.facebook.com\/sharer.php?u=https:\/\/radiorevelacionfm.cl\/?p=38215&#038;t=Realizan%20positivo%20balance%20en%20jornada%20de%20cierre%20de%20la%20segunda%20implementaci%C3%B3n%20del%20programa%20Sumo%20Primero%20en%20Terreno%20en%20la%20Regi%C3%B3n%20de%20Ays%C3%A9n' aria-hidden='false' data-av_icon='\ue8f3' data-av_iconfont='entypo-fontello' title='' data-avia-related-tooltip='Compartir en Facebook' rel=\"noopener\"><span class='avia_hidden_link_text'>Compartir en Facebook<\/span><\/a><\/li><li class='av-share-link av-social-link-twitter' ><a target=\"_blank\" aria-label=\"Compartir en Twitter\" href='https:\/\/twitter.com\/share?text=Realizan%20positivo%20balance%20en%20jornada%20de%20cierre%20de%20la%20segunda%20implementaci%C3%B3n%20del%20programa%20Sumo%20Primero%20en%20Terreno%20en%20la%20Regi%C3%B3n%20de%20Ays%C3%A9n&#038;url=https:\/\/radiorevelacionfm.cl\/?p=38215' aria-hidden='false' data-av_icon='\ue8f1' data-av_iconfont='entypo-fontello' title='' data-avia-related-tooltip='Compartir en Twitter' rel=\"noopener\"><span class='avia_hidden_link_text'>Compartir en Twitter<\/span><\/a><\/li><li class='av-share-link av-social-link-whatsapp' ><a target=\"_blank\" aria-label=\"Compartir en Whatsapp\" href='https:\/\/api.whatsapp.com\/send?text=https:\/\/radiorevelacionfm.cl\/?p=38215' aria-hidden='false' data-av_icon='\uf232' data-av_iconfont='entypo-fontello' title='' data-avia-related-tooltip='Compartir en Whatsapp' rel=\"noopener\"><span class='avia_hidden_link_text'>Compartir en Whatsapp<\/span><\/a><\/li><li class='av-share-link av-social-link-linkedin' ><a target=\"_blank\" aria-label=\"Compartir en LinkedIn\" href='https:\/\/linkedin.com\/shareArticle?mini=true&#038;title=Realizan%20positivo%20balance%20en%20jornada%20de%20cierre%20de%20la%20segunda%20implementaci%C3%B3n%20del%20programa%20Sumo%20Primero%20en%20Terreno%20en%20la%20Regi%C3%B3n%20de%20Ays%C3%A9n&#038;url=https:\/\/radiorevelacionfm.cl\/?p=38215' aria-hidden='false' data-av_icon='\ue8fc' data-av_iconfont='entypo-fontello' title='' data-avia-related-tooltip='Compartir en LinkedIn' rel=\"noopener\"><span class='avia_hidden_link_text'>Compartir en LinkedIn<\/span><\/a><\/li><li class='av-share-link av-social-link-mail' ><a  aria-label=\"Compartir por correo\" href='mailto:?subject=Realizan%20positivo%20balance%20en%20jornada%20de%20cierre%20de%20la%20segunda%20implementaci%C3%B3n%20del%20programa%20Sumo%20Primero%20en%20Terreno%20en%20la%20Regi%C3%B3n%20de%20Ays%C3%A9n&#038;body=https:\/\/radiorevelacionfm.cl\/?p=38215' aria-hidden='false' data-av_icon='\ue805' data-av_iconfont='entypo-fontello' title='' data-avia-related-tooltip='Compartir por correo'><span class='avia_hidden_link_text'>Compartir por correo<\/span><\/a><\/li><\/ul><\/div><\/div>\n<div  style='height:50px' class='hr hr-invisible   avia-builder-el-8  el_after_av_social_share  el_before_av_comments_list '><span class='hr-inner ' ><span class='hr-inner-style'><\/span><\/span><\/div>\n<div  class='av-buildercomment  av-blog-meta-html-info-disabled av-blog-meta-tag-disabled  '><\/div>\n","protected":false},"excerpt":{"rendered":"","protected":false},"author":1,"featured_media":38216,"comment_status":"open","ping_status":"open","sticky":false,"template":"","format":"standard","meta":{"footnotes":""},"categories":[49,38],"tags":[],"class_list":["post-38215","post","type-post","status-publish","format-standard","has-post-thumbnail","hentry","category-educacion","category-regional"],"jetpack_featured_media_url":"https:\/\/radiorevelacionfm.cl\/wp-content\/uploads\/2023\/12\/Programa-Sumo-Primero-en-Terreno-1-1.jpg","_links":{"self":[{"href":"https:\/\/radiorevelacionfm.cl\/index.php?rest_route=\/wp\/v2\/posts\/38215","targetHints":{"allow":["GET"]}}],"collection":[{"href":"https:\/\/radiorevelacionfm.cl\/index.php?rest_route=\/wp\/v2\/posts"}],"about":[{"href":"https:\/\/radiorevelacionfm.cl\/index.php?rest_route=\/wp\/v2\/types\/post"}],"author":[{"embeddable":true,"href":"https:\/\/radiorevelacionfm.cl\/index.php?rest_route=\/wp\/v2\/users\/1"}],"replies":[{"embeddable":true,"href":"https:\/\/radiorevelacionfm.cl\/index.php?rest_route=%2Fwp%2Fv2%2Fcomments&post=38215"}],"version-history":[{"count":1,"href":"https:\/\/radiorevelacionfm.cl\/index.php?rest_route=\/wp\/v2\/posts\/38215\/revisions"}],"predecessor-version":[{"id":38217,"href":"https:\/\/radiorevelacionfm.cl\/index.php?rest_route=\/wp\/v2\/posts\/38215\/revisions\/38217"}],"wp:featuredmedia":[{"embeddable":true,"href":"https:\/\/radiorevelacionfm.cl\/index.php?rest_route=\/wp\/v2\/media\/38216"}],"wp:attachment":[{"href":"https:\/\/radiorevelacionfm.cl\/index.php?rest_route=%2Fwp%2Fv2%2Fmedia&parent=38215"}],"wp:term":[{"taxonomy":"category","embeddable":true,"href":"https:\/\/radiorevelacionfm.cl\/index.php?rest_route=%2Fwp%2Fv2%2Fcategories&post=38215"},{"taxonomy":"post_tag","embeddable":true,"href":"https:\/\/radiorevelacionfm.cl\/index.php?rest_route=%2Fwp%2Fv2%2Ftags&post=38215"}],"curies":[{"name":"wp","href":"https:\/\/api.w.org\/{rel}","templated":true}]}}