{"id":3821,"date":"2021-05-05T13:48:38","date_gmt":"2021-05-05T16:48:38","guid":{"rendered":"https:\/\/radiorevelacionfm.cl\/?p=3821"},"modified":"2021-05-05T13:48:38","modified_gmt":"2021-05-05T16:48:38","slug":"carabineros-detuvo-en-puerto-guadal-a-sujeto-por-homicidio-frustrado","status":"publish","type":"post","link":"https:\/\/radiorevelacionfm.cl\/?p=3821","title":{"rendered":"Carabineros detuvo en Puerto Guadal a sujeto por homicidio frustrado"},"content":{"rendered":"<div class=\"flex_column av_one_full  flex_column_div av-zero-column-padding first  avia-builder-el-0  el_before_av_one_full  avia-builder-el-first  \" style='border-radius:0px; '><div  class='avia-image-container  av-styling-    avia-builder-el-1  avia-builder-el-no-sibling  avia-align-center '  itemprop=\"image\" itemscope=\"itemscope\" itemtype=\"https:\/\/schema.org\/ImageObject\"  ><div class='avia-image-container-inner'><div class='avia-image-overlay-wrap'><img decoding=\"async\" class='wp-image-3822 avia-img-lazy-loading-not-3822 avia_image' src=\"https:\/\/radiorevelacionfm.cl\/wp-content\/uploads\/2021\/05\/Detencion-1-1.jpg\" alt='' title='Detencion (1) (1)' height=\"600\" width=\"1357\"  itemprop=\"thumbnailUrl\" srcset=\"https:\/\/radiorevelacionfm.cl\/wp-content\/uploads\/2021\/05\/Detencion-1-1.jpg 1357w, https:\/\/radiorevelacionfm.cl\/wp-content\/uploads\/2021\/05\/Detencion-1-1-300x133.jpg 300w, https:\/\/radiorevelacionfm.cl\/wp-content\/uploads\/2021\/05\/Detencion-1-1-1030x455.jpg 1030w, https:\/\/radiorevelacionfm.cl\/wp-content\/uploads\/2021\/05\/Detencion-1-1-768x340.jpg 768w, https:\/\/radiorevelacionfm.cl\/wp-content\/uploads\/2021\/05\/Detencion-1-1-705x312.jpg 705w, https:\/\/radiorevelacionfm.cl\/wp-content\/uploads\/2021\/05\/Detencion-1-1-600x265.jpg 600w\" sizes=\"(max-width: 1357px) 100vw, 1357px\" \/><\/div><\/div><\/div><\/div><div class=\"flex_column av_one_full  flex_column_div av-zero-column-padding first  avia-builder-el-2  el_after_av_one_full  el_before_av_one_full  column-top-margin\" style='border-radius:0px; '><section class=\"av_textblock_section \"  itemscope=\"itemscope\" itemtype=\"https:\/\/schema.org\/BlogPosting\" itemprop=\"blogPost\" ><div class='avia_textblock  '   itemprop=\"text\" ><p style=\"text-align: center;\"><strong><span style=\"font-size: 18pt;\">Carabineros detuvo en Puerto Guadal a sujeto por homicidio frustrado<\/span><\/strong><\/p>\n<div id=\"gtx-trans\" style=\"position: absolute; left: -50px; top: 4.31534px;\">\n<div class=\"gtx-trans-icon\"><\/div>\n<\/div>\n<\/div><\/section><\/div><div class=\"flex_column av_one_full  flex_column_div av-zero-column-padding first  avia-builder-el-4  el_after_av_one_full  el_before_av_hr  column-top-margin\" style='border-radius:0px; '><section class=\"av_textblock_section \"  itemscope=\"itemscope\" itemtype=\"https:\/\/schema.org\/BlogPosting\" itemprop=\"blogPost\" ><div class='avia_textblock  '   itemprop=\"text\" ><p class=\"v1MsoNormal\" style=\"text-align: justify;\">Personal especializado de la S.I.P mientras efectuaba diligencias investigativas detect\u00f3 al sujeto tras un control preventivo de identidad \u2013quien hab\u00eda cambiado su apariencia f\u00edsica- logrando igualmente la detenci\u00f3n de una segunda persona por mantener un requerimiento judicial pendiente por otro hecho.<\/p>\n<p class=\"v1MsoNormal\" style=\"text-align: justify;\">Diversas diligencias desarrolladas por personal de Carabineros de la Tercera Comisar\u00eda de Chile Chico (F) a trav\u00e9s de la Secci\u00f3n de Investigaci\u00f3n Policial (S.I.P) permiti\u00f3 en las \u00faltimas horas la detenci\u00f3n -en la localidad de Puerto Guadal- de un sujeto de 35 a\u00f1os de edad, imputado por el delito homicidio frustrado producto de disparos en contra de su hermano, hecho registrado hace 14 d\u00edas, en el sector rural de Fachinal.<\/p>\n<p class=\"v1MsoNormal\" style=\"text-align: justify;\">Seg\u00fan detall\u00f3 el Capit\u00e1n Luis Alvarado Pinto, Comisario de Carabineros de Chile Chico (F), alrededor de las 20:00 horas del martes, mientras el personal especializado de la S.I.P desarrollaba diligencias investigativas en la localidad antes mencionada \u2013en coordinaci\u00f3n con la Fiscal\u00eda- al efectuar un control preventivo de identidad a dos personas, detect\u00f3 que uno de estos era el sujeto requerido, el cual hab\u00eda cambiado totalmente su apariencia f\u00edsica.<\/p>\n<p class=\"v1MsoNormal\" style=\"text-align: justify;\">Tras lo anterior, el personal detuvo al individuo por el delito de homicidio frustrado, quien permanec\u00eda pr\u00f3fugo desde hace 14 d\u00edas, en tanto que una segunda persona de 25 a\u00f1os de edad fue aprehendido en virtud de una orden judicial emanada desde el Juzgado de Garant\u00eda de Coyhaique por conducir con una licencia distinta a la requerida.<\/p>\n<p class=\"v1MsoNormal\" style=\"text-align: justify;\">\u00abLo m\u00e1s importante y relevante de estas dos detenciones que se realizaron en la localidad de Puerto Guadal, es que uno de esos imputados est\u00e1 relacionado directamente con los disparos efectuados con arma de fuego en contra de su propio hermano en la localidad de Fachinal\u00bb, expres\u00f3 el Comisario de Carabineros de Chile Chico.<\/p>\n<p class=\"v1MsoNormal\" style=\"text-align: justify;\">Los antecedentes del procedimiento fueron puestos en conocimiento de la Fiscal\u00eda, en tanto que ambos individuos fueron trasladados hasta la \u00abciudad del sol\u00bb, quedando a disposici\u00f3n del Ministerio P\u00fablico para la audiencia de control de detenci\u00f3n por este hecho.<\/p>\n<\/div><\/section><\/div><div  style='height:50px' class='hr hr-invisible   avia-builder-el-6  el_after_av_one_full  el_before_av_social_share '><span class='hr-inner ' ><span class='hr-inner-style'><\/span><\/span><\/div><\/p>\n<div  class='av-social-sharing-box  avia-builder-el-7  el_after_av_hr  el_before_av_hr  '><div class='av-share-box'><h5 class='av-share-link-description av-no-toc '>Compartir esta noticia<\/h5><ul class='av-share-box-list noLightbox'><li class='av-share-link av-social-link-facebook' ><a target=\"_blank\" aria-label=\"Compartir en Facebook\" href='https:\/\/www.facebook.com\/sharer.php?u=https:\/\/radiorevelacionfm.cl\/?p=3821&#038;t=Carabineros%20detuvo%20en%20Puerto%20Guadal%20a%20sujeto%20por%20homicidio%20frustrado' aria-hidden='false' data-av_icon='\ue8f3' data-av_iconfont='entypo-fontello' title='' data-avia-related-tooltip='Compartir en Facebook' rel=\"noopener\"><span class='avia_hidden_link_text'>Compartir en Facebook<\/span><\/a><\/li><li class='av-share-link av-social-link-twitter' ><a target=\"_blank\" aria-label=\"Compartir en Twitter\" href='https:\/\/twitter.com\/share?text=Carabineros%20detuvo%20en%20Puerto%20Guadal%20a%20sujeto%20por%20homicidio%20frustrado&#038;url=https:\/\/radiorevelacionfm.cl\/?p=3821' aria-hidden='false' data-av_icon='\ue8f1' data-av_iconfont='entypo-fontello' title='' data-avia-related-tooltip='Compartir en Twitter' rel=\"noopener\"><span class='avia_hidden_link_text'>Compartir en Twitter<\/span><\/a><\/li><li class='av-share-link av-social-link-whatsapp' ><a target=\"_blank\" aria-label=\"Compartir en Whatsapp\" href='https:\/\/api.whatsapp.com\/send?text=https:\/\/radiorevelacionfm.cl\/?p=3821' aria-hidden='false' data-av_icon='\uf232' data-av_iconfont='entypo-fontello' title='' data-avia-related-tooltip='Compartir en Whatsapp' rel=\"noopener\"><span class='avia_hidden_link_text'>Compartir en Whatsapp<\/span><\/a><\/li><li class='av-share-link av-social-link-linkedin' ><a target=\"_blank\" aria-label=\"Compartir en LinkedIn\" href='https:\/\/linkedin.com\/shareArticle?mini=true&#038;title=Carabineros%20detuvo%20en%20Puerto%20Guadal%20a%20sujeto%20por%20homicidio%20frustrado&#038;url=https:\/\/radiorevelacionfm.cl\/?p=3821' aria-hidden='false' data-av_icon='\ue8fc' data-av_iconfont='entypo-fontello' title='' data-avia-related-tooltip='Compartir en LinkedIn' rel=\"noopener\"><span class='avia_hidden_link_text'>Compartir en LinkedIn<\/span><\/a><\/li><li class='av-share-link av-social-link-mail' ><a  aria-label=\"Compartir por correo\" href='mailto:?subject=Carabineros%20detuvo%20en%20Puerto%20Guadal%20a%20sujeto%20por%20homicidio%20frustrado&#038;body=https:\/\/radiorevelacionfm.cl\/?p=3821' aria-hidden='false' data-av_icon='\ue805' data-av_iconfont='entypo-fontello' title='' data-avia-related-tooltip='Compartir por correo'><span class='avia_hidden_link_text'>Compartir por correo<\/span><\/a><\/li><\/ul><\/div><\/div>\n<div  style='height:50px' class='hr hr-invisible   avia-builder-el-8  el_after_av_social_share  el_before_av_comments_list '><span class='hr-inner ' ><span class='hr-inner-style'><\/span><\/span><\/div>\n<div  class='av-buildercomment  av-blog-meta-html-info-disabled av-blog-meta-tag-disabled  '><\/div>\n","protected":false},"excerpt":{"rendered":"","protected":false},"author":1,"featured_media":3822,"comment_status":"open","ping_status":"open","sticky":false,"template":"","format":"standard","meta":{"footnotes":""},"categories":[36],"tags":[],"class_list":["post-3821","post","type-post","status-publish","format-standard","has-post-thumbnail","hentry","category-policial"],"jetpack_featured_media_url":"https:\/\/radiorevelacionfm.cl\/wp-content\/uploads\/2021\/05\/Detencion-1-1.jpg","_links":{"self":[{"href":"https:\/\/radiorevelacionfm.cl\/index.php?rest_route=\/wp\/v2\/posts\/3821","targetHints":{"allow":["GET"]}}],"collection":[{"href":"https:\/\/radiorevelacionfm.cl\/index.php?rest_route=\/wp\/v2\/posts"}],"about":[{"href":"https:\/\/radiorevelacionfm.cl\/index.php?rest_route=\/wp\/v2\/types\/post"}],"author":[{"embeddable":true,"href":"https:\/\/radiorevelacionfm.cl\/index.php?rest_route=\/wp\/v2\/users\/1"}],"replies":[{"embeddable":true,"href":"https:\/\/radiorevelacionfm.cl\/index.php?rest_route=%2Fwp%2Fv2%2Fcomments&post=3821"}],"version-history":[{"count":1,"href":"https:\/\/radiorevelacionfm.cl\/index.php?rest_route=\/wp\/v2\/posts\/3821\/revisions"}],"predecessor-version":[{"id":3823,"href":"https:\/\/radiorevelacionfm.cl\/index.php?rest_route=\/wp\/v2\/posts\/3821\/revisions\/3823"}],"wp:featuredmedia":[{"embeddable":true,"href":"https:\/\/radiorevelacionfm.cl\/index.php?rest_route=\/wp\/v2\/media\/3822"}],"wp:attachment":[{"href":"https:\/\/radiorevelacionfm.cl\/index.php?rest_route=%2Fwp%2Fv2%2Fmedia&parent=3821"}],"wp:term":[{"taxonomy":"category","embeddable":true,"href":"https:\/\/radiorevelacionfm.cl\/index.php?rest_route=%2Fwp%2Fv2%2Fcategories&post=3821"},{"taxonomy":"post_tag","embeddable":true,"href":"https:\/\/radiorevelacionfm.cl\/index.php?rest_route=%2Fwp%2Fv2%2Ftags&post=3821"}],"curies":[{"name":"wp","href":"https:\/\/api.w.org\/{rel}","templated":true}]}}