{"id":38209,"date":"2023-12-21T10:28:55","date_gmt":"2023-12-21T13:28:55","guid":{"rendered":"https:\/\/radiorevelacionfm.cl\/?p=38209"},"modified":"2023-12-21T15:46:54","modified_gmt":"2023-12-21T18:46:54","slug":"edelaysen-amplia-red-de-carga-gratuita-para-celulares-con-nuevo-totem-en-biblioteca-de-coyhaique","status":"publish","type":"post","link":"https:\/\/radiorevelacionfm.cl\/?p=38209","title":{"rendered":"Ampl\u00edan red de carga gratuita para celulares con nuevo t\u00f3tem en biblioteca de Coyhaique"},"content":{"rendered":"<div class=\"flex_column av_one_full  flex_column_div av-zero-column-padding first  avia-builder-el-0  el_before_av_one_full  avia-builder-el-first  \" style='border-radius:0px; '><div  class='avia-image-container  av-styling-    avia-builder-el-1  avia-builder-el-no-sibling  avia-align-center '  itemprop=\"image\" itemscope=\"itemscope\" itemtype=\"https:\/\/schema.org\/ImageObject\"  ><div class='avia-image-container-inner'><div class='avia-image-overlay-wrap'><img decoding=\"async\" class='wp-image-38225 avia-img-lazy-loading-not-38225 avia_image' src=\"https:\/\/radiorevelacionfm.cl\/wp-content\/uploads\/2023\/12\/Totem-Coyhaique0-2-2.jpeg\" alt='' title='T\u00f3tem Coyhaique0-2-2' height=\"600\" width=\"800\"  itemprop=\"thumbnailUrl\" srcset=\"https:\/\/radiorevelacionfm.cl\/wp-content\/uploads\/2023\/12\/Totem-Coyhaique0-2-2.jpeg 800w, https:\/\/radiorevelacionfm.cl\/wp-content\/uploads\/2023\/12\/Totem-Coyhaique0-2-2-300x225.jpeg 300w, https:\/\/radiorevelacionfm.cl\/wp-content\/uploads\/2023\/12\/Totem-Coyhaique0-2-2-768x576.jpeg 768w, https:\/\/radiorevelacionfm.cl\/wp-content\/uploads\/2023\/12\/Totem-Coyhaique0-2-2-705x529.jpeg 705w, https:\/\/radiorevelacionfm.cl\/wp-content\/uploads\/2023\/12\/Totem-Coyhaique0-2-2-450x338.jpeg 450w, https:\/\/radiorevelacionfm.cl\/wp-content\/uploads\/2023\/12\/Totem-Coyhaique0-2-2-600x450.jpeg 600w\" sizes=\"(max-width: 800px) 100vw, 800px\" \/><\/div><\/div><\/div><\/div><div class=\"flex_column av_one_full  flex_column_div av-zero-column-padding first  avia-builder-el-2  el_after_av_one_full  el_before_av_one_full  column-top-margin\" style='border-radius:0px; '><section class=\"av_textblock_section \"  itemscope=\"itemscope\" itemtype=\"https:\/\/schema.org\/BlogPosting\" itemprop=\"blogPost\" ><div class='avia_textblock  '   itemprop=\"text\" ><h2 class=\"title\" style=\"text-align: center;\"><span style=\"font-size: 18pt;\"><strong>Ampl\u00edan red de carga gratuita para celulares con nuevo t\u00f3tem en biblioteca de Coyhaique<\/strong><\/span><\/h2>\n<div id=\"gtx-trans\" style=\"position: absolute; left: -50px; top: 4.31534px;\">\n<div class=\"gtx-trans-icon\"><\/div>\n<\/div>\n<\/div><\/section><\/div><div class=\"flex_column av_one_full  flex_column_div av-zero-column-padding first  avia-builder-el-4  el_after_av_one_full  el_before_av_hr  column-top-margin\" style='border-radius:0px; '><section class=\"av_textblock_section \"  itemscope=\"itemscope\" itemtype=\"https:\/\/schema.org\/BlogPosting\" itemprop=\"blogPost\" ><div class='avia_textblock  '   itemprop=\"text\" ><p style=\"text-align: justify;\"><em>Con esta inauguraci\u00f3n, ya son siete equipos instalados en la regi\u00f3n de Ays\u00e9n y Provincia de Palena.<\/em><\/p>\n<p style=\"text-align: justify;\">La iniciativa que busca fortalecer el acceso a servicios el\u00e9ctricos innovadores y sostenibles, contin\u00faa contribuyendo a la comunidad con la inauguraci\u00f3n de un nuevo t\u00f3tem de carga gratuita para celulares. El evento tuvo lugar en la Biblioteca Regional de Coyhaique, marcando el segundo t\u00f3tem para la comuna y el s\u00e9ptimo en la zona de concesi\u00f3n de Edelaysen.<\/p>\n<p style=\"text-align: justify;\">La ceremonia de inauguraci\u00f3n cont\u00f3 con la presencia del alcalde de la Municipalidad de Coyhaique Carlos Gatica, seremi de las Culturas y las Artes Felipe Quiroz y el director de la Biblioteca Jos\u00e9 Mansilla. La participaci\u00f3n de las autoridades locales refleja el compromiso conjunto por impulsar iniciativas que mejoren la calidad de vida de la comunidad.<\/p>\n<p style=\"text-align: justify;\">Patricio Raimilla, jefe de Servicio al Cliente de Edelaysen coment\u00f3 que: \u201cEstamos emocionados de ampliar nuestra red de t\u00f3tems de carga en Coyhaique. Esta iniciativa es parte de nuestro compromiso con la innovaci\u00f3n y servicio a la comunidad, proporcionando soluciones el\u00e9ctricas accesibles, m\u00e1s en espacios de gran concurrencia\u201d.<\/p>\n<p style=\"text-align: justify;\">As\u00ed mismo, el alcalde Carlos Gatica destac\u00f3 la actividad realizada argumentando que \u201cFelicitar a Edelaysen por la iniciativa, a la Biblioteca Regional por poder trabajar en conjunto y hoy vemos un claro ejemplo donde el sector privado, en un compromiso y tambi\u00e9n en alianza con el sector p\u00fablico, podemos ofrecer distintas herramientas para la comunidad. La verdad agradecer tambi\u00e9n porque es el segundo punto, el primero est\u00e1 en nuestro terminal de buses y eso tambi\u00e9n lo han ocupado muy bien nuestros vecinos y hacemos el llamado a ocupar de buena manera y cuidar estos espacios para continuar con este tipo de alianzas\u201d.<\/p>\n<p style=\"text-align: justify;\">Finalmente el director de la Biblioteca Regional Jos\u00e9 Mansilla, mencion\u00f3 que: \u201cEn nombre del Servicio del Patrimonio Cultural, nosotros agradecemos esta gesti\u00f3n que nos ha ofrecido Edelaysen, porque nosotros como servicio del Patrimonio y como Biblioteca Regional, nuestro inter\u00e9s es ofrecer una diversidad de servicios a nuestros usuarios. Por lo tanto este t\u00f3tem nos permitir\u00e1 que los mismos usuarios puedan cargar sus celulares pero tambi\u00e9n ver que este t\u00f3tem tiene una pantalla por lo que podremos compartir nuestros videos y material para la comunidad\u201d.<\/p>\n<p style=\"text-align: justify;\">El nuevo t\u00f3tem de carga ubicado en la Biblioteca Regional en Coyhaique, se suma a los seis ya existentes en la zona de concesi\u00f3n de Edelaysen, consolidando el trabajo que ejecuta la empresa el\u00e9ctrica en el impulso de proyectos que integran tecnolog\u00eda y sostenibilidad.<\/p>\n<\/div><\/section><\/div><\/p>\n<div  style='height:50px' class='hr hr-invisible   avia-builder-el-6  el_after_av_one_full  el_before_av_social_share '><span class='hr-inner ' ><span class='hr-inner-style'><\/span><\/span><\/div>\n<div  class='av-social-sharing-box  avia-builder-el-7  el_after_av_hr  el_before_av_hr  '><div class='av-share-box'><h5 class='av-share-link-description av-no-toc '>Compartir esta noticia<\/h5><ul class='av-share-box-list noLightbox'><li class='av-share-link av-social-link-facebook' ><a target=\"_blank\" aria-label=\"Compartir en Facebook\" href='https:\/\/www.facebook.com\/sharer.php?u=https:\/\/radiorevelacionfm.cl\/?p=38209&#038;t=Ampl%C3%ADan%20red%20de%20carga%20gratuita%20para%20celulares%20con%20nuevo%20t%C3%B3tem%20en%20biblioteca%20de%20Coyhaique' aria-hidden='false' data-av_icon='\ue8f3' data-av_iconfont='entypo-fontello' title='' data-avia-related-tooltip='Compartir en Facebook' rel=\"noopener\"><span class='avia_hidden_link_text'>Compartir en Facebook<\/span><\/a><\/li><li class='av-share-link av-social-link-twitter' ><a target=\"_blank\" aria-label=\"Compartir en Twitter\" href='https:\/\/twitter.com\/share?text=Ampl%C3%ADan%20red%20de%20carga%20gratuita%20para%20celulares%20con%20nuevo%20t%C3%B3tem%20en%20biblioteca%20de%20Coyhaique&#038;url=https:\/\/radiorevelacionfm.cl\/?p=38209' aria-hidden='false' data-av_icon='\ue8f1' data-av_iconfont='entypo-fontello' title='' data-avia-related-tooltip='Compartir en Twitter' rel=\"noopener\"><span class='avia_hidden_link_text'>Compartir en Twitter<\/span><\/a><\/li><li class='av-share-link av-social-link-whatsapp' ><a target=\"_blank\" aria-label=\"Compartir en Whatsapp\" href='https:\/\/api.whatsapp.com\/send?text=https:\/\/radiorevelacionfm.cl\/?p=38209' aria-hidden='false' data-av_icon='\uf232' data-av_iconfont='entypo-fontello' title='' data-avia-related-tooltip='Compartir en Whatsapp' rel=\"noopener\"><span class='avia_hidden_link_text'>Compartir en Whatsapp<\/span><\/a><\/li><li class='av-share-link av-social-link-linkedin' ><a target=\"_blank\" aria-label=\"Compartir en LinkedIn\" href='https:\/\/linkedin.com\/shareArticle?mini=true&#038;title=Ampl%C3%ADan%20red%20de%20carga%20gratuita%20para%20celulares%20con%20nuevo%20t%C3%B3tem%20en%20biblioteca%20de%20Coyhaique&#038;url=https:\/\/radiorevelacionfm.cl\/?p=38209' aria-hidden='false' data-av_icon='\ue8fc' data-av_iconfont='entypo-fontello' title='' data-avia-related-tooltip='Compartir en LinkedIn' rel=\"noopener\"><span class='avia_hidden_link_text'>Compartir en LinkedIn<\/span><\/a><\/li><li class='av-share-link av-social-link-mail' ><a  aria-label=\"Compartir por correo\" href='mailto:?subject=Ampl%C3%ADan%20red%20de%20carga%20gratuita%20para%20celulares%20con%20nuevo%20t%C3%B3tem%20en%20biblioteca%20de%20Coyhaique&#038;body=https:\/\/radiorevelacionfm.cl\/?p=38209' aria-hidden='false' data-av_icon='\ue805' data-av_iconfont='entypo-fontello' title='' data-avia-related-tooltip='Compartir por correo'><span class='avia_hidden_link_text'>Compartir por correo<\/span><\/a><\/li><\/ul><\/div><\/div>\n<div  style='height:50px' class='hr hr-invisible   avia-builder-el-8  el_after_av_social_share  el_before_av_comments_list '><span class='hr-inner ' ><span class='hr-inner-style'><\/span><\/span><\/div>\n<div  class='av-buildercomment  av-blog-meta-html-info-disabled av-blog-meta-tag-disabled  '><\/div>\n","protected":false},"excerpt":{"rendered":"","protected":false},"author":1,"featured_media":38225,"comment_status":"open","ping_status":"open","sticky":false,"template":"","format":"standard","meta":{"footnotes":""},"categories":[1],"tags":[],"class_list":["post-38209","post","type-post","status-publish","format-standard","has-post-thumbnail","hentry","category-sin-categoria"],"jetpack_featured_media_url":"https:\/\/radiorevelacionfm.cl\/wp-content\/uploads\/2023\/12\/Totem-Coyhaique0-2-2.jpeg","_links":{"self":[{"href":"https:\/\/radiorevelacionfm.cl\/index.php?rest_route=\/wp\/v2\/posts\/38209","targetHints":{"allow":["GET"]}}],"collection":[{"href":"https:\/\/radiorevelacionfm.cl\/index.php?rest_route=\/wp\/v2\/posts"}],"about":[{"href":"https:\/\/radiorevelacionfm.cl\/index.php?rest_route=\/wp\/v2\/types\/post"}],"author":[{"embeddable":true,"href":"https:\/\/radiorevelacionfm.cl\/index.php?rest_route=\/wp\/v2\/users\/1"}],"replies":[{"embeddable":true,"href":"https:\/\/radiorevelacionfm.cl\/index.php?rest_route=%2Fwp%2Fv2%2Fcomments&post=38209"}],"version-history":[{"count":3,"href":"https:\/\/radiorevelacionfm.cl\/index.php?rest_route=\/wp\/v2\/posts\/38209\/revisions"}],"predecessor-version":[{"id":38226,"href":"https:\/\/radiorevelacionfm.cl\/index.php?rest_route=\/wp\/v2\/posts\/38209\/revisions\/38226"}],"wp:featuredmedia":[{"embeddable":true,"href":"https:\/\/radiorevelacionfm.cl\/index.php?rest_route=\/wp\/v2\/media\/38225"}],"wp:attachment":[{"href":"https:\/\/radiorevelacionfm.cl\/index.php?rest_route=%2Fwp%2Fv2%2Fmedia&parent=38209"}],"wp:term":[{"taxonomy":"category","embeddable":true,"href":"https:\/\/radiorevelacionfm.cl\/index.php?rest_route=%2Fwp%2Fv2%2Fcategories&post=38209"},{"taxonomy":"post_tag","embeddable":true,"href":"https:\/\/radiorevelacionfm.cl\/index.php?rest_route=%2Fwp%2Fv2%2Ftags&post=38209"}],"curies":[{"name":"wp","href":"https:\/\/api.w.org\/{rel}","templated":true}]}}