{"id":38204,"date":"2023-12-21T09:58:53","date_gmt":"2023-12-21T12:58:53","guid":{"rendered":"https:\/\/radiorevelacionfm.cl\/?p=38204"},"modified":"2023-12-21T09:58:53","modified_gmt":"2023-12-21T12:58:53","slug":"con-alta-participacion-concluyo-actividad-solidaria-para-ayudar-a-ninos-de-jardin-infantil-en-puerto-aysen","status":"publish","type":"post","link":"https:\/\/radiorevelacionfm.cl\/?p=38204","title":{"rendered":"Con alta participaci\u00f3n concluy\u00f3 actividad solidaria para ayudar a ni\u00f1os de Jard\u00edn Infantil en Puerto Ays\u00e9n"},"content":{"rendered":"<div class=\"flex_column av_one_full  flex_column_div av-zero-column-padding first  avia-builder-el-0  el_before_av_one_full  avia-builder-el-first  \" style='border-radius:0px; '><div  class='avia-image-container  av-styling-    avia-builder-el-1  avia-builder-el-no-sibling  avia-align-center '  itemprop=\"image\" itemscope=\"itemscope\" itemtype=\"https:\/\/schema.org\/ImageObject\"  ><div class='avia-image-container-inner'><div class='avia-image-overlay-wrap'><img decoding=\"async\" class='wp-image-38205 avia-img-lazy-loading-not-38205 avia_image' src=\"https:\/\/radiorevelacionfm.cl\/wp-content\/uploads\/2023\/12\/img-odontosolidario-1-1.jpeg\" alt='' title='img-odontosolidario (1) (1)' height=\"600\" width=\"800\"  itemprop=\"thumbnailUrl\" srcset=\"https:\/\/radiorevelacionfm.cl\/wp-content\/uploads\/2023\/12\/img-odontosolidario-1-1.jpeg 800w, https:\/\/radiorevelacionfm.cl\/wp-content\/uploads\/2023\/12\/img-odontosolidario-1-1-300x225.jpeg 300w, https:\/\/radiorevelacionfm.cl\/wp-content\/uploads\/2023\/12\/img-odontosolidario-1-1-768x576.jpeg 768w, https:\/\/radiorevelacionfm.cl\/wp-content\/uploads\/2023\/12\/img-odontosolidario-1-1-705x529.jpeg 705w, https:\/\/radiorevelacionfm.cl\/wp-content\/uploads\/2023\/12\/img-odontosolidario-1-1-450x338.jpeg 450w, https:\/\/radiorevelacionfm.cl\/wp-content\/uploads\/2023\/12\/img-odontosolidario-1-1-600x450.jpeg 600w\" sizes=\"(max-width: 800px) 100vw, 800px\" \/><\/div><\/div><\/div><\/div>\n<div class=\"flex_column av_one_full  flex_column_div av-zero-column-padding first  avia-builder-el-2  el_after_av_one_full  el_before_av_one_full  column-top-margin\" style='border-radius:0px; '><section class=\"av_textblock_section \"  itemscope=\"itemscope\" itemtype=\"https:\/\/schema.org\/BlogPosting\" itemprop=\"blogPost\" ><div class='avia_textblock  '   itemprop=\"text\" ><p style=\"text-align: center;\"><strong><span style=\"font-size: 18pt;\">Con alta participaci\u00f3n concluy\u00f3 actividad solidaria para ayudar a ni\u00f1os de Jard\u00edn Infantil en Puerto Ays\u00e9n<\/span><\/strong><\/p>\n<div id=\"gtx-trans\" style=\"position: absolute; left: -50px; top: 4.31534px;\">\n<div class=\"gtx-trans-icon\"><\/div>\n<\/div>\n<\/div><\/section><\/div><div class=\"flex_column av_one_full  flex_column_div av-zero-column-padding first  avia-builder-el-4  el_after_av_one_full  el_before_av_hr  column-top-margin\" style='border-radius:0px; '><section class=\"av_textblock_section \"  itemscope=\"itemscope\" itemtype=\"https:\/\/schema.org\/BlogPosting\" itemprop=\"blogPost\" ><div class='avia_textblock  '   itemprop=\"text\" ><p style=\"text-align: justify;\"><em>La acci\u00f3n se produjo luego de una carta despachada por el Centro de Padres al recinto m\u00e9dico y odontol\u00f3gico.<\/em><\/p>\n<p style=\"text-align: justify;\">Con el objetivo de apoyar el desarrollo de las Fiestas de Fin de A\u00f1o para las ni\u00f1as y ni\u00f1os del Jard\u00edn Infantil \u201cLobito Feroz\u201d de Puerto Ays\u00e9n, se efectu\u00f3 en el Centro M\u00e9dico y Odontol\u00f3gico \u201cOdontoMed\u201d, una actividad solidaria que se tradujo en cupos de atenci\u00f3n dental para efectuar limpiezas con m\u00e1s de un 50% de descuento y destinar el total del dinero recaudado a la causa. La iniciativa surgi\u00f3 tras una comunicaci\u00f3n del Centro de Padres con el establecimiento de atenci\u00f3n particular de Salud y que permitir\u00e1 a los infantes contar con actividades festivas en la tarde del jueves 21. La acci\u00f3n fue valorada positivamente por los apoderados del establecimiento aysenino.<\/p>\n<p style=\"text-align: justify;\">Sobre lo acontecido, el administrador y cofundador de OdontoMed, Cole David Reed, agradeci\u00f3 a los vecinos que adhirieron a la acci\u00f3n y que permiti\u00f3 reunir m\u00e1s de 120 mil pesos para el Centro de Padres del Jard\u00edn Lobito Feroz. \u201cEspero que en el futuro podamos seguir replicando este tipo de beneficios con la ayuda y apoyo de nuestros vecinos de Puerto Ays\u00e9n. Muchas gracias a la comunidad por ayudarnos en desarrollar este tipo de actividades\u201d.<\/p>\n<p style=\"text-align: justify;\">Con ello, agreg\u00f3 que \u201cesta no es la \u00fanica iniciativa solidaria que estamos realizando. Tambi\u00e9n estamos haciendo un llamado a las personas mayores para obtener atenci\u00f3n dental a bajo costo, espec\u00edficamente para las exodoncias que est\u00e1n involucradas en la instalaci\u00f3n de pr\u00f3tesis. Los invitamos a conocer nuestros servicios en OdontoMed y visitar nuestra p\u00e1gina de web www.odontomed.cl y redes sociales @odontomedaysen\u201d, enfatiz\u00f3 el administrador de Centro M\u00e9dico y Odontol\u00f3gico.<\/p>\n<p style=\"text-align: justify;\">En tanto, Yasna Guti\u00e9rrez, Presidenta del Centro General de Padres del Jard\u00edn Lobito Feroz, agradeci\u00f3 la participaci\u00f3n de la comunidad educativa en la instancia solidaria y la disposici\u00f3n de OdontoMed para efectuar la cruzada con motivo aportar en la fiesta de los menores \u00a0\u201cesta es una actividad de Navidad que nosotros hacemos todos los a\u00f1os como Centro General de Padres a 60 ni\u00f1os y ni\u00f1as que tenemos considerados, la hacemos con juegos inflables, regalos y es una instancia donde invitamos al Viejito Pascuero. Entonces estamos muy agradecidos por la colaboraci\u00f3n\u201d.<\/p>\n<p style=\"text-align: justify;\">Finalmente, Julie Obando apoderada del establecimiento educacional aysenino, coment\u00f3 que se enter\u00f3 por los padres del Jard\u00edn del encuentro y resalt\u00f3 la atenci\u00f3n de Salud obtenida, ya que \u201ces accesible y adem\u00e1s me sirvi\u00f3 a m\u00ed como mam\u00e1 para poder educarme en el cuidado dental de mi hija que va creciendo y va necesitando algunos cuidados. Es una experiencia recomendada. Mi hija ten\u00eda un poco de miedo de ir al dentista, pero la persona que la atendi\u00f3 fue muy amable, amena y emp\u00e1tica con la hija. As\u00ed es que, ella se va s\u00faper bien, tranquila y contenta, puntualiz\u00f3 Obando.<\/p>\n<\/div><\/section><\/div><\/p>\n<div  style='height:50px' class='hr hr-invisible   avia-builder-el-6  el_after_av_one_full  el_before_av_social_share '><span class='hr-inner ' ><span class='hr-inner-style'><\/span><\/span><\/div>\n<div  class='av-social-sharing-box  avia-builder-el-7  el_after_av_hr  el_before_av_hr  '><div class='av-share-box'><h5 class='av-share-link-description av-no-toc '>Compartir esta noticia<\/h5><ul class='av-share-box-list noLightbox'><li class='av-share-link av-social-link-facebook' ><a target=\"_blank\" aria-label=\"Compartir en Facebook\" href='https:\/\/www.facebook.com\/sharer.php?u=https:\/\/radiorevelacionfm.cl\/?p=38204&#038;t=Con%20alta%20participaci%C3%B3n%20concluy%C3%B3%20actividad%20solidaria%20para%20ayudar%20a%20ni%C3%B1os%20de%20Jard%C3%ADn%20Infantil%20en%20Puerto%20Ays%C3%A9n' aria-hidden='false' data-av_icon='\ue8f3' data-av_iconfont='entypo-fontello' title='' data-avia-related-tooltip='Compartir en Facebook' rel=\"noopener\"><span class='avia_hidden_link_text'>Compartir en Facebook<\/span><\/a><\/li><li class='av-share-link av-social-link-twitter' ><a target=\"_blank\" aria-label=\"Compartir en Twitter\" href='https:\/\/twitter.com\/share?text=Con%20alta%20participaci%C3%B3n%20concluy%C3%B3%20actividad%20solidaria%20para%20ayudar%20a%20ni%C3%B1os%20de%20Jard%C3%ADn%20Infantil%20en%20Puerto%20Ays%C3%A9n&#038;url=https:\/\/radiorevelacionfm.cl\/?p=38204' aria-hidden='false' data-av_icon='\ue8f1' data-av_iconfont='entypo-fontello' title='' data-avia-related-tooltip='Compartir en Twitter' rel=\"noopener\"><span class='avia_hidden_link_text'>Compartir en Twitter<\/span><\/a><\/li><li class='av-share-link av-social-link-whatsapp' ><a target=\"_blank\" aria-label=\"Compartir en Whatsapp\" href='https:\/\/api.whatsapp.com\/send?text=https:\/\/radiorevelacionfm.cl\/?p=38204' aria-hidden='false' data-av_icon='\uf232' data-av_iconfont='entypo-fontello' title='' data-avia-related-tooltip='Compartir en Whatsapp' rel=\"noopener\"><span class='avia_hidden_link_text'>Compartir en Whatsapp<\/span><\/a><\/li><li class='av-share-link av-social-link-linkedin' ><a target=\"_blank\" aria-label=\"Compartir en LinkedIn\" href='https:\/\/linkedin.com\/shareArticle?mini=true&#038;title=Con%20alta%20participaci%C3%B3n%20concluy%C3%B3%20actividad%20solidaria%20para%20ayudar%20a%20ni%C3%B1os%20de%20Jard%C3%ADn%20Infantil%20en%20Puerto%20Ays%C3%A9n&#038;url=https:\/\/radiorevelacionfm.cl\/?p=38204' aria-hidden='false' data-av_icon='\ue8fc' data-av_iconfont='entypo-fontello' title='' data-avia-related-tooltip='Compartir en LinkedIn' rel=\"noopener\"><span class='avia_hidden_link_text'>Compartir en LinkedIn<\/span><\/a><\/li><li class='av-share-link av-social-link-mail' ><a  aria-label=\"Compartir por correo\" href='mailto:?subject=Con%20alta%20participaci%C3%B3n%20concluy%C3%B3%20actividad%20solidaria%20para%20ayudar%20a%20ni%C3%B1os%20de%20Jard%C3%ADn%20Infantil%20en%20Puerto%20Ays%C3%A9n&#038;body=https:\/\/radiorevelacionfm.cl\/?p=38204' aria-hidden='false' data-av_icon='\ue805' data-av_iconfont='entypo-fontello' title='' data-avia-related-tooltip='Compartir por correo'><span class='avia_hidden_link_text'>Compartir por correo<\/span><\/a><\/li><\/ul><\/div><\/div>\n<div  style='height:50px' class='hr hr-invisible   avia-builder-el-8  el_after_av_social_share  el_before_av_comments_list '><span class='hr-inner ' ><span class='hr-inner-style'><\/span><\/span><\/div>\n<div  class='av-buildercomment  av-blog-meta-html-info-disabled av-blog-meta-tag-disabled  '><\/div>\n","protected":false},"excerpt":{"rendered":"","protected":false},"author":1,"featured_media":38205,"comment_status":"open","ping_status":"open","sticky":false,"template":"","format":"standard","meta":{"footnotes":""},"categories":[38],"tags":[],"class_list":["post-38204","post","type-post","status-publish","format-standard","has-post-thumbnail","hentry","category-regional"],"jetpack_featured_media_url":"https:\/\/radiorevelacionfm.cl\/wp-content\/uploads\/2023\/12\/img-odontosolidario-1-1.jpeg","_links":{"self":[{"href":"https:\/\/radiorevelacionfm.cl\/index.php?rest_route=\/wp\/v2\/posts\/38204","targetHints":{"allow":["GET"]}}],"collection":[{"href":"https:\/\/radiorevelacionfm.cl\/index.php?rest_route=\/wp\/v2\/posts"}],"about":[{"href":"https:\/\/radiorevelacionfm.cl\/index.php?rest_route=\/wp\/v2\/types\/post"}],"author":[{"embeddable":true,"href":"https:\/\/radiorevelacionfm.cl\/index.php?rest_route=\/wp\/v2\/users\/1"}],"replies":[{"embeddable":true,"href":"https:\/\/radiorevelacionfm.cl\/index.php?rest_route=%2Fwp%2Fv2%2Fcomments&post=38204"}],"version-history":[{"count":2,"href":"https:\/\/radiorevelacionfm.cl\/index.php?rest_route=\/wp\/v2\/posts\/38204\/revisions"}],"predecessor-version":[{"id":38208,"href":"https:\/\/radiorevelacionfm.cl\/index.php?rest_route=\/wp\/v2\/posts\/38204\/revisions\/38208"}],"wp:featuredmedia":[{"embeddable":true,"href":"https:\/\/radiorevelacionfm.cl\/index.php?rest_route=\/wp\/v2\/media\/38205"}],"wp:attachment":[{"href":"https:\/\/radiorevelacionfm.cl\/index.php?rest_route=%2Fwp%2Fv2%2Fmedia&parent=38204"}],"wp:term":[{"taxonomy":"category","embeddable":true,"href":"https:\/\/radiorevelacionfm.cl\/index.php?rest_route=%2Fwp%2Fv2%2Fcategories&post=38204"},{"taxonomy":"post_tag","embeddable":true,"href":"https:\/\/radiorevelacionfm.cl\/index.php?rest_route=%2Fwp%2Fv2%2Ftags&post=38204"}],"curies":[{"name":"wp","href":"https:\/\/api.w.org\/{rel}","templated":true}]}}