{"id":38201,"date":"2023-12-21T10:07:50","date_gmt":"2023-12-21T13:07:50","guid":{"rendered":"https:\/\/radiorevelacionfm.cl\/?p=38201"},"modified":"2023-12-21T10:07:50","modified_gmt":"2023-12-21T13:07:50","slug":"alcalde-de-aysen-presente-en-seminario-centrado-en-fortalecer-entornos-preventivos-para-ninos-ninas-y-adolescentes","status":"publish","type":"post","link":"https:\/\/radiorevelacionfm.cl\/?p=38201","title":{"rendered":"Alcalde de Ays\u00e9n presente en seminario centrado en fortalecer entornos preventivos para ni\u00f1os, ni\u00f1as y adolescentes"},"content":{"rendered":"<div class=\"flex_column av_one_full  flex_column_div av-zero-column-padding first  avia-builder-el-0  el_before_av_one_full  avia-builder-el-first  \" style='border-radius:0px; '><div  class='avia-image-container  av-styling-    avia-builder-el-1  avia-builder-el-no-sibling  avia-align-center '  itemprop=\"image\" itemscope=\"itemscope\" itemtype=\"https:\/\/schema.org\/ImageObject\"  ><div class='avia-image-container-inner'><div class='avia-image-overlay-wrap'><img decoding=\"async\" class='wp-image-38202 avia-img-lazy-loading-not-38202 avia_image' src=\"https:\/\/radiorevelacionfm.cl\/wp-content\/uploads\/2023\/12\/SEMINARIO-SENDA-2-1-1.jpg\" alt='' title='SEMINARIO SENDA 2 (1) (1)' height=\"600\" width=\"1067\"  itemprop=\"thumbnailUrl\" srcset=\"https:\/\/radiorevelacionfm.cl\/wp-content\/uploads\/2023\/12\/SEMINARIO-SENDA-2-1-1.jpg 1067w, https:\/\/radiorevelacionfm.cl\/wp-content\/uploads\/2023\/12\/SEMINARIO-SENDA-2-1-1-300x169.jpg 300w, https:\/\/radiorevelacionfm.cl\/wp-content\/uploads\/2023\/12\/SEMINARIO-SENDA-2-1-1-1030x579.jpg 1030w, https:\/\/radiorevelacionfm.cl\/wp-content\/uploads\/2023\/12\/SEMINARIO-SENDA-2-1-1-768x432.jpg 768w, https:\/\/radiorevelacionfm.cl\/wp-content\/uploads\/2023\/12\/SEMINARIO-SENDA-2-1-1-705x396.jpg 705w, https:\/\/radiorevelacionfm.cl\/wp-content\/uploads\/2023\/12\/SEMINARIO-SENDA-2-1-1-450x253.jpg 450w, https:\/\/radiorevelacionfm.cl\/wp-content\/uploads\/2023\/12\/SEMINARIO-SENDA-2-1-1-600x337.jpg 600w\" sizes=\"(max-width: 1067px) 100vw, 1067px\" \/><\/div><\/div><\/div><\/div><div class=\"flex_column av_one_full  flex_column_div av-zero-column-padding first  avia-builder-el-2  el_after_av_one_full  el_before_av_one_full  column-top-margin\" style='border-radius:0px; '><section class=\"av_textblock_section \"  itemscope=\"itemscope\" itemtype=\"https:\/\/schema.org\/BlogPosting\" itemprop=\"blogPost\" ><div class='avia_textblock  '   itemprop=\"text\" ><p style=\"text-align: center;\"><strong><span style=\"font-size: 18pt;\">Alcalde de Ays\u00e9n presente en seminario centrado en fortalecer entornos preventivos para ni\u00f1os, ni\u00f1as y adolescentes<\/span><\/strong><\/p>\n<div id=\"gtx-trans\" style=\"position: absolute; left: -50px; top: 4.31534px;\">\n<div class=\"gtx-trans-icon\"><\/div>\n<\/div>\n<\/div><\/section><\/div><div class=\"flex_column av_one_full  flex_column_div av-zero-column-padding first  avia-builder-el-4  el_after_av_one_full  el_before_av_hr  column-top-margin\" style='border-radius:0px; '><section class=\"av_textblock_section \"  itemscope=\"itemscope\" itemtype=\"https:\/\/schema.org\/BlogPosting\" itemprop=\"blogPost\" ><div class='avia_textblock  '   itemprop=\"text\" ><p style=\"text-align: justify;\"><em>La Actividad fue convocada por SENDA y reuni\u00f3 a autoridades de Gobierno, directores regionales y alcalde de distintas comunas del pa\u00eds.<\/em><\/p>\n<p style=\"text-align: justify;\">Con la participaci\u00f3n de alcaldes y directores regionales de todo el pa\u00eds, se realiz\u00f3 en Santiago, el seminario \u201cNueva Gobernanza Territorial para Entornos Preventivos\u201d, organizado por el Servicio Nacional para la Prevenci\u00f3n y Rehabilitaci\u00f3n del Consumo de Drogas y Alcohol (SENDA), con el fin de dialogar en torno a estrategias innovadoras, posibles de llevar a cabo en los distintos territorios, en favor del bienestar de la poblaci\u00f3n y la prevenci\u00f3n del consumo de sustancias il\u00edcitas.<\/p>\n<p style=\"text-align: justify;\">La jornada fue inaugurada por Natalia Riffo, directora nacional de SENDA, Carolina Leitao, alcaldesa de Pe\u00f1alol\u00e9n y presidenta de la Asociaci\u00f3n Chilena de Municipalidades (ACHM); y Nicole Cardoch, subsecretaria General de Gobierno junto a las autoridades comunales de distintas zonas del pa\u00eds, entre ellas, el alcalde de Ays\u00e9n, Julio Uribe.<\/p>\n<p style=\"text-align: justify;\">En el desarrollo del seminario, se presentaron diversas ponencias y paneles de discusi\u00f3n que abarcaron temas como el bienestar infantil, la salud mental, la recuperaci\u00f3n de espacios p\u00fablicos y la implementaci\u00f3n de alianzas interinstitucionales para impulsar entornos preventivos y protectores para ni\u00f1os, ni\u00f1as y adolescentes.<\/p>\n<p style=\"text-align: justify;\">En su presentaci\u00f3n inaugural, Natalia Riffo deline\u00f3 los avances y desaf\u00edos del modelo de gesti\u00f3n comunal de SENDA, destacando su prop\u00f3sito de fortalecer factores protectores y generar entornos que contribuyan al desarrollo de los territorios y sus comunidades, particularmente a trav\u00e9s de sus autoridades locales.<\/p>\n<p style=\"text-align: justify;\">\u201cSenda y la prevenci\u00f3n, el tratamiento, la rehabilitaci\u00f3n y la integraci\u00f3n social, tiene que hacerse carne en los territorios. Hoy d\u00eda estamos muy contentos de tener a los alcaldes, en especial el alcalde de Ays\u00e9n, para que pueda tambi\u00e9n compartir con nosotros la experiencia de la gesti\u00f3n local y como fortalecemos esa gesti\u00f3n comunal, para avanzar en prevenci\u00f3n para el trastorno por consumo de drogas. Adem\u00e1s, creemos que la prevenci\u00f3n tiene que ser transversal a todas las pol\u00edticas p\u00fablicas y por supuesto que el liderazgo de los alcaldes es fundamental, para avanzar en programas y planes de prevenci\u00f3n que permitan enfocarnos en los ni\u00f1os, ni\u00f1as y adolescentes\u201d.<\/p>\n<p style=\"text-align: justify;\">Mientras tanto, el alcalde de la comuna de Ays\u00e9n, Julio Uribe, puso \u00e9nfasis en la gran importancia de la prevenci\u00f3n, evitar que la droga llegue a nuestros ni\u00f1os, ni\u00f1as y adolescentes, reforzar los planes que nacen desde el gobierno y se trabajan con los municipios, buscando evitar que el gran da\u00f1o ocasionado por las drogas, afecte a los m\u00e1s vulnerables. Adem\u00e1s, el jefe comunal, valor\u00f3 el trabajo que hasta el d\u00eda de hoy se ejecuta con SENDA a nivel regional, manifestando que las instancias de dialogo como estas son v\u00e1lidas por los objetivos que persiguen.<\/p>\n<p style=\"text-align: justify;\">\u201cPara nosotros como Municipio es muy importante trabajar el tema de la prevenci\u00f3n, hemos estado hablando con la directora nacional de lo importante que es que permanezcan los monitores, los coordinadores del programa que lleva adelante la Municipalidad de Ays\u00e9n. Tambi\u00e9n, decir que, en este seminario el intercambio de informaci\u00f3n ha sido muy importante, para hacer prevenci\u00f3n en cuanto al consuno de alcohol y drogas\u201d.<\/p>\n<p style=\"text-align: justify;\">De igual forma, la directora regional de SENDA en Ays\u00e9n, Mar\u00eda Victoria Contreras, puso en valor el inter\u00e9s y la preocupaci\u00f3n que mantiene el alcalde Uribe, porque se ponga sobre la mesa y se avance en materias de prevenci\u00f3n.<\/p>\n<p style=\"text-align: justify;\">\u201cEs sumamente importante poder contar con nuestro alcalde de la comuna de Ays\u00e9n, estamos sumamente contentos y contentas de poder participar en esta instancia que nos va a entregar lineamientos importantes en materia de prevenci\u00f3n que necesitamos realizar en las comunas, espec\u00edficamente en la comuna de Ays\u00e9n. Creemos que el contar con la m\u00e1xima autoridad presente en este tipo de instancias, da cuenta del compromiso, del trabajo que ha realizado el alcalde en la comuna y de todos los desaf\u00edos que vamos a tener para este a\u00f1o 2024. As\u00ed es que, reconocer este esfuerzo, reconocer el trabajo ya realizado y como vamos a ir reforzando cada una de las estrategias con un enfoque territorial, ajustado tambi\u00e9n a las necesidades de la comuna\u201d.<\/p>\n<p style=\"text-align: justify;\">La jornada cont\u00f3 con un panel de discusi\u00f3n que abord\u00f3 experiencias exitosas en materia de generaci\u00f3n de entornos preventivos, tambi\u00e9n, en el bloque centrado en pol\u00edticas para el bienestar integral de la infancia participaron Ver\u00f3nica Silva, subsecretaria de la Ni\u00f1ez; Glayson Don Santos, representante adjunto de UNICEF en Chile y Arturo Celed\u00f3n, director ejecutivo de la Fundaci\u00f3n Colunga.<\/p>\n<p style=\"text-align: justify;\">El seminario adem\u00e1s tuvo las exposiciones de \u00c1lvaro Castillo, director del N\u00facleo Milenio para la Evaluaci\u00f3n y el An\u00e1lisis de Pol\u00edticas de Drogas; y Alfonso Ram\u00edrez de Arellano, jefe del Servicio de la Unidad de Prevenci\u00f3n Social de la Diputaci\u00f3n de Huelva, Espa\u00f1a.<\/p>\n<\/div><\/section><\/div><div  style='height:50px' class='hr hr-invisible   avia-builder-el-6  el_after_av_one_full  el_before_av_social_share '><span class='hr-inner ' ><span class='hr-inner-style'><\/span><\/span><\/div><\/p>\n<div  class='av-social-sharing-box  avia-builder-el-7  el_after_av_hr  el_before_av_hr  '><div class='av-share-box'><h5 class='av-share-link-description av-no-toc '>Compartir esta noticia<\/h5><ul class='av-share-box-list noLightbox'><li class='av-share-link av-social-link-facebook' ><a target=\"_blank\" aria-label=\"Compartir en Facebook\" href='https:\/\/www.facebook.com\/sharer.php?u=https:\/\/radiorevelacionfm.cl\/?p=38201&#038;t=Alcalde%20de%20Ays%C3%A9n%20presente%20en%20seminario%20centrado%20en%20fortalecer%20entornos%20preventivos%20para%20ni%C3%B1os%2C%20ni%C3%B1as%20y%20adolescentes' aria-hidden='false' data-av_icon='\ue8f3' data-av_iconfont='entypo-fontello' title='' data-avia-related-tooltip='Compartir en Facebook' rel=\"noopener\"><span class='avia_hidden_link_text'>Compartir en Facebook<\/span><\/a><\/li><li class='av-share-link av-social-link-twitter' ><a target=\"_blank\" aria-label=\"Compartir en Twitter\" href='https:\/\/twitter.com\/share?text=Alcalde%20de%20Ays%C3%A9n%20presente%20en%20seminario%20centrado%20en%20fortalecer%20entornos%20preventivos%20para%20ni%C3%B1os%2C%20ni%C3%B1as%20y%20adolescentes&#038;url=https:\/\/radiorevelacionfm.cl\/?p=38201' aria-hidden='false' data-av_icon='\ue8f1' data-av_iconfont='entypo-fontello' title='' data-avia-related-tooltip='Compartir en Twitter' rel=\"noopener\"><span class='avia_hidden_link_text'>Compartir en Twitter<\/span><\/a><\/li><li class='av-share-link av-social-link-whatsapp' ><a target=\"_blank\" aria-label=\"Compartir en Whatsapp\" href='https:\/\/api.whatsapp.com\/send?text=https:\/\/radiorevelacionfm.cl\/?p=38201' aria-hidden='false' data-av_icon='\uf232' data-av_iconfont='entypo-fontello' title='' data-avia-related-tooltip='Compartir en Whatsapp' rel=\"noopener\"><span class='avia_hidden_link_text'>Compartir en Whatsapp<\/span><\/a><\/li><li class='av-share-link av-social-link-linkedin' ><a target=\"_blank\" aria-label=\"Compartir en LinkedIn\" href='https:\/\/linkedin.com\/shareArticle?mini=true&#038;title=Alcalde%20de%20Ays%C3%A9n%20presente%20en%20seminario%20centrado%20en%20fortalecer%20entornos%20preventivos%20para%20ni%C3%B1os%2C%20ni%C3%B1as%20y%20adolescentes&#038;url=https:\/\/radiorevelacionfm.cl\/?p=38201' aria-hidden='false' data-av_icon='\ue8fc' data-av_iconfont='entypo-fontello' title='' data-avia-related-tooltip='Compartir en LinkedIn' rel=\"noopener\"><span class='avia_hidden_link_text'>Compartir en LinkedIn<\/span><\/a><\/li><li class='av-share-link av-social-link-mail' ><a  aria-label=\"Compartir por correo\" href='mailto:?subject=Alcalde%20de%20Ays%C3%A9n%20presente%20en%20seminario%20centrado%20en%20fortalecer%20entornos%20preventivos%20para%20ni%C3%B1os%2C%20ni%C3%B1as%20y%20adolescentes&#038;body=https:\/\/radiorevelacionfm.cl\/?p=38201' aria-hidden='false' data-av_icon='\ue805' data-av_iconfont='entypo-fontello' title='' data-avia-related-tooltip='Compartir por correo'><span class='avia_hidden_link_text'>Compartir por correo<\/span><\/a><\/li><\/ul><\/div><\/div>\n<div  style='height:50px' class='hr hr-invisible   avia-builder-el-8  el_after_av_social_share  el_before_av_comments_list '><span class='hr-inner ' ><span class='hr-inner-style'><\/span><\/span><\/div>\n<div  class='av-buildercomment  av-blog-meta-html-info-disabled av-blog-meta-tag-disabled  '><\/div>\n","protected":false},"excerpt":{"rendered":"","protected":false},"author":1,"featured_media":38202,"comment_status":"open","ping_status":"open","sticky":false,"template":"","format":"standard","meta":{"footnotes":""},"categories":[38],"tags":[],"class_list":["post-38201","post","type-post","status-publish","format-standard","has-post-thumbnail","hentry","category-regional"],"jetpack_featured_media_url":"https:\/\/radiorevelacionfm.cl\/wp-content\/uploads\/2023\/12\/SEMINARIO-SENDA-2-1-1.jpg","_links":{"self":[{"href":"https:\/\/radiorevelacionfm.cl\/index.php?rest_route=\/wp\/v2\/posts\/38201","targetHints":{"allow":["GET"]}}],"collection":[{"href":"https:\/\/radiorevelacionfm.cl\/index.php?rest_route=\/wp\/v2\/posts"}],"about":[{"href":"https:\/\/radiorevelacionfm.cl\/index.php?rest_route=\/wp\/v2\/types\/post"}],"author":[{"embeddable":true,"href":"https:\/\/radiorevelacionfm.cl\/index.php?rest_route=\/wp\/v2\/users\/1"}],"replies":[{"embeddable":true,"href":"https:\/\/radiorevelacionfm.cl\/index.php?rest_route=%2Fwp%2Fv2%2Fcomments&post=38201"}],"version-history":[{"count":1,"href":"https:\/\/radiorevelacionfm.cl\/index.php?rest_route=\/wp\/v2\/posts\/38201\/revisions"}],"predecessor-version":[{"id":38203,"href":"https:\/\/radiorevelacionfm.cl\/index.php?rest_route=\/wp\/v2\/posts\/38201\/revisions\/38203"}],"wp:featuredmedia":[{"embeddable":true,"href":"https:\/\/radiorevelacionfm.cl\/index.php?rest_route=\/wp\/v2\/media\/38202"}],"wp:attachment":[{"href":"https:\/\/radiorevelacionfm.cl\/index.php?rest_route=%2Fwp%2Fv2%2Fmedia&parent=38201"}],"wp:term":[{"taxonomy":"category","embeddable":true,"href":"https:\/\/radiorevelacionfm.cl\/index.php?rest_route=%2Fwp%2Fv2%2Fcategories&post=38201"},{"taxonomy":"post_tag","embeddable":true,"href":"https:\/\/radiorevelacionfm.cl\/index.php?rest_route=%2Fwp%2Fv2%2Ftags&post=38201"}],"curies":[{"name":"wp","href":"https:\/\/api.w.org\/{rel}","templated":true}]}}