{"id":38198,"date":"2023-12-20T20:32:12","date_gmt":"2023-12-20T23:32:12","guid":{"rendered":"https:\/\/radiorevelacionfm.cl\/?p=38198"},"modified":"2023-12-20T20:32:12","modified_gmt":"2023-12-20T23:32:12","slug":"entretencion-y-sana-alegria-marco-la-celebracion-navidena-de-empresas-bahamonde-con-personas-mayores-del-hogar-san-bernardo","status":"publish","type":"post","link":"https:\/\/radiorevelacionfm.cl\/?p=38198","title":{"rendered":"Entretenci\u00f3n y sana alegr\u00eda marc\u00f3 la celebraci\u00f3n Navide\u00f1a de Empresas Bahamonde con Personas Mayores del Hogar San Bernardo"},"content":{"rendered":"<div class=\"flex_column av_one_full  flex_column_div av-zero-column-padding first  avia-builder-el-0  el_before_av_one_full  avia-builder-el-first  \" style='border-radius:0px; '><div  class='avia-image-container  av-styling-    avia-builder-el-1  avia-builder-el-no-sibling  avia-align-center '  itemprop=\"image\" itemscope=\"itemscope\" itemtype=\"https:\/\/schema.org\/ImageObject\"  ><div class='avia-image-container-inner'><div class='avia-image-overlay-wrap'><img decoding=\"async\" class='wp-image-38199 avia-img-lazy-loading-not-38199 avia_image' src=\"https:\/\/radiorevelacionfm.cl\/wp-content\/uploads\/2023\/12\/img-pmsanbernardoBH1-1-1.jpg\" alt='' title='img-pmsanbernardoBH1 (1) (1)' height=\"600\" width=\"800\"  itemprop=\"thumbnailUrl\" srcset=\"https:\/\/radiorevelacionfm.cl\/wp-content\/uploads\/2023\/12\/img-pmsanbernardoBH1-1-1.jpg 800w, https:\/\/radiorevelacionfm.cl\/wp-content\/uploads\/2023\/12\/img-pmsanbernardoBH1-1-1-300x225.jpg 300w, https:\/\/radiorevelacionfm.cl\/wp-content\/uploads\/2023\/12\/img-pmsanbernardoBH1-1-1-768x576.jpg 768w, https:\/\/radiorevelacionfm.cl\/wp-content\/uploads\/2023\/12\/img-pmsanbernardoBH1-1-1-705x529.jpg 705w, https:\/\/radiorevelacionfm.cl\/wp-content\/uploads\/2023\/12\/img-pmsanbernardoBH1-1-1-450x338.jpg 450w, https:\/\/radiorevelacionfm.cl\/wp-content\/uploads\/2023\/12\/img-pmsanbernardoBH1-1-1-600x450.jpg 600w\" sizes=\"(max-width: 800px) 100vw, 800px\" \/><\/div><\/div><\/div><\/div><div class=\"flex_column av_one_full  flex_column_div av-zero-column-padding first  avia-builder-el-2  el_after_av_one_full  el_before_av_one_full  column-top-margin\" style='border-radius:0px; '><section class=\"av_textblock_section \"  itemscope=\"itemscope\" itemtype=\"https:\/\/schema.org\/BlogPosting\" itemprop=\"blogPost\" ><div class='avia_textblock  '   itemprop=\"text\" ><p style=\"text-align: center;\"><span style=\"font-size: 18pt;\"><strong>Entretenci\u00f3n y sana alegr\u00eda marc\u00f3 la celebraci\u00f3n Navide\u00f1a de Empresas Bahamonde con Personas Mayores del Hogar San Bernardo<\/strong><\/span><\/p>\n<div id=\"gtx-trans\" style=\"position: absolute; left: -50px; top: 4.31534px;\">\n<div class=\"gtx-trans-icon\"><\/div>\n<\/div>\n<\/div><\/section><\/div><div class=\"flex_column av_one_full  flex_column_div av-zero-column-padding first  avia-builder-el-4  el_after_av_one_full  el_before_av_hr  column-top-margin\" style='border-radius:0px; '><section class=\"av_textblock_section \"  itemscope=\"itemscope\" itemtype=\"https:\/\/schema.org\/BlogPosting\" itemprop=\"blogPost\" ><div class='avia_textblock  '   itemprop=\"text\" ><p style=\"text-align: justify;\"><em>La actividad culmina un a\u00f1o de colaboraci\u00f3n por vecinos y vecinas que han entregado sus vidas al progreso de la comuna porte\u00f1a. <\/em><\/p>\n<p style=\"text-align: justify;\">Desde el Quincho \u201cPaso del C\u00f3ndor\u201d en el sector El Salto se desarroll\u00f3 la actividad de \u201cFin de a\u00f1o y Navidad\u201d para los 14 residentes del establecimiento municipal de Personas Mayores \u201cSan Bernardo\u201d de Puerto Ays\u00e9n. Este hito fue coordinado por el Hogar con la colaboraci\u00f3n de Empresas Bahamonde, quienes efectuaron diversos aportes para disponer en el lugar un espacio de recreaci\u00f3n y distenci\u00f3n con m\u00fasica, baile, almuerzo y la visita del popular \u201cViejito Pascuero\u201d con diversos obsequios. Desde ambas instituciones valoraron el hecho que se suma a las acciones efectuadas durante el 2023 y proyectando un trabajo de Vinculaci\u00f3n con el Medio para el 2024 en nuevos desaf\u00edos que tiene la ic\u00f3nica empresa local.<\/p>\n<p style=\"text-align: justify;\">Al respecto, el gerente general de Empresas Bahamonde, Alejandro Bahamonde Corey, junto con destacar la acci\u00f3n expres\u00f3 \u201cigual uno se emociona porque era como volver a la infancia que tuvieron ellos, que muchos eran abuelitos que capaz nunca tuvieron una Navidad o un regalo. Para el pr\u00f3ximo a\u00f1o tenemos coordinaciones con el mismo Hogar San Bernardo, que ya estamos de acuerdo con la directora para revisar temas de reciclaje, de compostaje, para que ellos tengan actividades y se entretengan durante el d\u00eda en el mismo Hogar. Fue el Viejito Pascuero, hubo m\u00fasica, bailaron, cantaron, una fiesta muy linda y disfrutaron mucho, a lo cual estaban muy agradecidos la directora, los funcionarios y los mismos abuelitos de dicha actividad, sentenci\u00f3 el personero de la empresa local.<\/p>\n<p style=\"text-align: justify;\">Por su parte, la encargada del recinto de Personas Mayores, Carolina Gonz\u00e1lez, abord\u00f3 que esta actividad se planific\u00f3 para entregar un momento distinto a los residentes fuera del establecimiento \u201cgracias al auspicio y a la colaboraci\u00f3n permanente que hemos tenido todo el a\u00f1o de Empresas Bahamonde, pudimos traerlos ac\u00e1 a un lugar muy bonito. Estamos viviendo un d\u00eda muy bonito, con mucho cari\u00f1o, con la participaci\u00f3n de todos los miembros de la Empresa, de las funcionarias y los residentes\u201d.<\/p>\n<p style=\"text-align: justify;\">Finalmente, Gonz\u00e1lez a\u00f1adi\u00f3 que \u201clo hemos pasado incre\u00edble, muy emocionados porque aparte tambi\u00e9n nos visit\u00f3 el Viejito Pascuero, cosa que para ellos es motivo de mucha alegr\u00eda. Entonces recibieron sus regalitos, una comida muy rica, el acompa\u00f1amiento de todo el d\u00eda en que nos hemos re\u00eddo, lo hemos disfrutado y esto nos llena de energ\u00eda para finalizar bien el a\u00f1o tanto ellos como a nosotros como funcionarios. Muy contentas y felices porque vemos sus caritas radiantes, su alegr\u00eda y seguramente ser\u00e1n recuerdos que van a atesorar por todo el resto del a\u00f1o y esperamos que los llenen de energ\u00eda\u201d, puntualiz\u00f3 la trabajadora social.<\/p>\n<\/div><\/section><\/div><div  style='height:50px' class='hr hr-invisible   avia-builder-el-6  el_after_av_one_full  el_before_av_social_share '><span class='hr-inner ' ><span class='hr-inner-style'><\/span><\/span><\/div><\/p>\n<div  class='av-social-sharing-box  avia-builder-el-7  el_after_av_hr  el_before_av_hr  '><div class='av-share-box'><h5 class='av-share-link-description av-no-toc '>Compartir esta noticia<\/h5><ul class='av-share-box-list noLightbox'><li class='av-share-link av-social-link-facebook' ><a target=\"_blank\" aria-label=\"Compartir en Facebook\" href='https:\/\/www.facebook.com\/sharer.php?u=https:\/\/radiorevelacionfm.cl\/?p=38198&#038;t=Entretenci%C3%B3n%20y%20sana%20alegr%C3%ADa%20marc%C3%B3%20la%20celebraci%C3%B3n%20Navide%C3%B1a%20de%20Empresas%20Bahamonde%20con%20Personas%20Mayores%20del%20Hogar%20San%20Bernardo' aria-hidden='false' data-av_icon='\ue8f3' data-av_iconfont='entypo-fontello' title='' data-avia-related-tooltip='Compartir en Facebook' rel=\"noopener\"><span class='avia_hidden_link_text'>Compartir en Facebook<\/span><\/a><\/li><li class='av-share-link av-social-link-twitter' ><a target=\"_blank\" aria-label=\"Compartir en Twitter\" href='https:\/\/twitter.com\/share?text=Entretenci%C3%B3n%20y%20sana%20alegr%C3%ADa%20marc%C3%B3%20la%20celebraci%C3%B3n%20Navide%C3%B1a%20de%20Empresas%20Bahamonde%20con%20Personas%20Mayores%20del%20Hogar%20San%20Bernardo&#038;url=https:\/\/radiorevelacionfm.cl\/?p=38198' aria-hidden='false' data-av_icon='\ue8f1' data-av_iconfont='entypo-fontello' title='' data-avia-related-tooltip='Compartir en Twitter' rel=\"noopener\"><span class='avia_hidden_link_text'>Compartir en Twitter<\/span><\/a><\/li><li class='av-share-link av-social-link-whatsapp' ><a target=\"_blank\" aria-label=\"Compartir en Whatsapp\" href='https:\/\/api.whatsapp.com\/send?text=https:\/\/radiorevelacionfm.cl\/?p=38198' aria-hidden='false' data-av_icon='\uf232' data-av_iconfont='entypo-fontello' title='' data-avia-related-tooltip='Compartir en Whatsapp' rel=\"noopener\"><span class='avia_hidden_link_text'>Compartir en Whatsapp<\/span><\/a><\/li><li class='av-share-link av-social-link-linkedin' ><a target=\"_blank\" aria-label=\"Compartir en LinkedIn\" href='https:\/\/linkedin.com\/shareArticle?mini=true&#038;title=Entretenci%C3%B3n%20y%20sana%20alegr%C3%ADa%20marc%C3%B3%20la%20celebraci%C3%B3n%20Navide%C3%B1a%20de%20Empresas%20Bahamonde%20con%20Personas%20Mayores%20del%20Hogar%20San%20Bernardo&#038;url=https:\/\/radiorevelacionfm.cl\/?p=38198' aria-hidden='false' data-av_icon='\ue8fc' data-av_iconfont='entypo-fontello' title='' data-avia-related-tooltip='Compartir en LinkedIn' rel=\"noopener\"><span class='avia_hidden_link_text'>Compartir en LinkedIn<\/span><\/a><\/li><li class='av-share-link av-social-link-mail' ><a  aria-label=\"Compartir por correo\" href='mailto:?subject=Entretenci%C3%B3n%20y%20sana%20alegr%C3%ADa%20marc%C3%B3%20la%20celebraci%C3%B3n%20Navide%C3%B1a%20de%20Empresas%20Bahamonde%20con%20Personas%20Mayores%20del%20Hogar%20San%20Bernardo&#038;body=https:\/\/radiorevelacionfm.cl\/?p=38198' aria-hidden='false' data-av_icon='\ue805' data-av_iconfont='entypo-fontello' title='' data-avia-related-tooltip='Compartir por correo'><span class='avia_hidden_link_text'>Compartir por correo<\/span><\/a><\/li><\/ul><\/div><\/div>\n<div  style='height:50px' class='hr hr-invisible   avia-builder-el-8  el_after_av_social_share  el_before_av_comments_list '><span class='hr-inner ' ><span class='hr-inner-style'><\/span><\/span><\/div>\n<div  class='av-buildercomment  av-blog-meta-html-info-disabled av-blog-meta-tag-disabled  '><\/div>\n","protected":false},"excerpt":{"rendered":"","protected":false},"author":1,"featured_media":38199,"comment_status":"closed","ping_status":"closed","sticky":false,"template":"","format":"standard","meta":{"footnotes":""},"categories":[38],"tags":[],"class_list":["post-38198","post","type-post","status-publish","format-standard","has-post-thumbnail","hentry","category-regional"],"jetpack_featured_media_url":"https:\/\/radiorevelacionfm.cl\/wp-content\/uploads\/2023\/12\/img-pmsanbernardoBH1-1-1.jpg","_links":{"self":[{"href":"https:\/\/radiorevelacionfm.cl\/index.php?rest_route=\/wp\/v2\/posts\/38198","targetHints":{"allow":["GET"]}}],"collection":[{"href":"https:\/\/radiorevelacionfm.cl\/index.php?rest_route=\/wp\/v2\/posts"}],"about":[{"href":"https:\/\/radiorevelacionfm.cl\/index.php?rest_route=\/wp\/v2\/types\/post"}],"author":[{"embeddable":true,"href":"https:\/\/radiorevelacionfm.cl\/index.php?rest_route=\/wp\/v2\/users\/1"}],"replies":[{"embeddable":true,"href":"https:\/\/radiorevelacionfm.cl\/index.php?rest_route=%2Fwp%2Fv2%2Fcomments&post=38198"}],"version-history":[{"count":1,"href":"https:\/\/radiorevelacionfm.cl\/index.php?rest_route=\/wp\/v2\/posts\/38198\/revisions"}],"predecessor-version":[{"id":38200,"href":"https:\/\/radiorevelacionfm.cl\/index.php?rest_route=\/wp\/v2\/posts\/38198\/revisions\/38200"}],"wp:featuredmedia":[{"embeddable":true,"href":"https:\/\/radiorevelacionfm.cl\/index.php?rest_route=\/wp\/v2\/media\/38199"}],"wp:attachment":[{"href":"https:\/\/radiorevelacionfm.cl\/index.php?rest_route=%2Fwp%2Fv2%2Fmedia&parent=38198"}],"wp:term":[{"taxonomy":"category","embeddable":true,"href":"https:\/\/radiorevelacionfm.cl\/index.php?rest_route=%2Fwp%2Fv2%2Fcategories&post=38198"},{"taxonomy":"post_tag","embeddable":true,"href":"https:\/\/radiorevelacionfm.cl\/index.php?rest_route=%2Fwp%2Fv2%2Ftags&post=38198"}],"curies":[{"name":"wp","href":"https:\/\/api.w.org\/{rel}","templated":true}]}}