{"id":38195,"date":"2023-12-20T21:02:45","date_gmt":"2023-12-21T00:02:45","guid":{"rendered":"https:\/\/radiorevelacionfm.cl\/?p=38195"},"modified":"2023-12-20T21:02:45","modified_gmt":"2023-12-21T00:02:45","slug":"gobierno-sella-compromiso-con-aqua-chile-y-cooke-aquaculture-para-relocalizar-nueve-concesiones-acuicolas","status":"publish","type":"post","link":"https:\/\/radiorevelacionfm.cl\/?p=38195","title":{"rendered":"Gobierno sella compromiso con Aqua Chile y Cooke Aquaculture para relocalizar nueve concesiones acui\u0301colas."},"content":{"rendered":"<div class=\"flex_column av_one_full  flex_column_div av-zero-column-padding first  avia-builder-el-0  el_before_av_one_full  avia-builder-el-first  \" style='border-radius:0px; '><div  class='avia-image-container  av-styling-    avia-builder-el-1  avia-builder-el-no-sibling  avia-align-center '  itemprop=\"image\" itemscope=\"itemscope\" itemtype=\"https:\/\/schema.org\/ImageObject\"  ><div class='avia-image-container-inner'><div class='avia-image-overlay-wrap'><img decoding=\"async\" class='wp-image-38196 avia-img-lazy-loading-not-38196 avia_image' src=\"https:\/\/radiorevelacionfm.cl\/wp-content\/uploads\/2023\/12\/20231220_134726802_ios-1_optimized.jpg\" alt='' title='20231220_134726802_ios-(1)_optimized' height=\"600\" width=\"1067\"  itemprop=\"thumbnailUrl\" srcset=\"https:\/\/radiorevelacionfm.cl\/wp-content\/uploads\/2023\/12\/20231220_134726802_ios-1_optimized.jpg 1067w, https:\/\/radiorevelacionfm.cl\/wp-content\/uploads\/2023\/12\/20231220_134726802_ios-1_optimized-300x169.jpg 300w, https:\/\/radiorevelacionfm.cl\/wp-content\/uploads\/2023\/12\/20231220_134726802_ios-1_optimized-1030x579.jpg 1030w, https:\/\/radiorevelacionfm.cl\/wp-content\/uploads\/2023\/12\/20231220_134726802_ios-1_optimized-768x432.jpg 768w, https:\/\/radiorevelacionfm.cl\/wp-content\/uploads\/2023\/12\/20231220_134726802_ios-1_optimized-705x396.jpg 705w, https:\/\/radiorevelacionfm.cl\/wp-content\/uploads\/2023\/12\/20231220_134726802_ios-1_optimized-450x253.jpg 450w, https:\/\/radiorevelacionfm.cl\/wp-content\/uploads\/2023\/12\/20231220_134726802_ios-1_optimized-600x337.jpg 600w\" sizes=\"(max-width: 1067px) 100vw, 1067px\" \/><\/div><\/div><\/div><\/div><div class=\"flex_column av_one_full  flex_column_div av-zero-column-padding first  avia-builder-el-2  el_after_av_one_full  el_before_av_one_full  column-top-margin\" style='border-radius:0px; '><section class=\"av_textblock_section \"  itemscope=\"itemscope\" itemtype=\"https:\/\/schema.org\/BlogPosting\" itemprop=\"blogPost\" ><div class='avia_textblock  '   itemprop=\"text\" ><p style=\"text-align: center;\"><span style=\"font-size: 18pt;\"><strong>Gobierno sella compromiso con Aqua Chile y Cooke Aquaculture para relocalizar nueve concesiones acui\u0301colas<\/strong><\/span><\/p>\n<div id=\"gtx-trans\" style=\"position: absolute; left: -50px; top: 4.31534px;\">\n<div class=\"gtx-trans-icon\"><\/div>\n<\/div>\n<\/div><\/section><\/div><div class=\"flex_column av_one_full  flex_column_div av-zero-column-padding first  avia-builder-el-4  el_after_av_one_full  el_before_av_hr  column-top-margin\" style='border-radius:0px; '><section class=\"av_textblock_section \"  itemscope=\"itemscope\" itemtype=\"https:\/\/schema.org\/BlogPosting\" itemprop=\"blogPost\" ><div class='avia_textblock  '   itemprop=\"text\" ><p style=\"text-align: justify;\"><em>Dos Parques Nacionales en la Regi\u00f3n de Ays\u00e9n, uno en Magallanes y zonas adyacentes en las que existe actividad acui\u0301cola industrial, quedara\u0301n libres de salmonicultura, gracias al acuerdo con dos de las tres empresas que tienen actividades en esas a\u0301reas. <\/em><\/p>\n<p style=\"text-align: justify;\">Un acuerdo pu\u0301blico privado para avanzar de manera decidida en la salida de concesiones acui\u0301colas de los parques nacionales y zonas adyacentes firmaron autoridades de gobierno y representantes de Aqua Chile y Cooke Aquaculture. Esto luego de un intenso trabajo intersectorial, donde el ministro de Economi\u0301a, Fomento y Turismo, Nicola\u0301s Grau, su par de Medio Ambiente, Maisa Rojas, el subsecretario para las Fuerzas Armadas, Galo Eidelstein, de Pesca y Acuicultura, Julio Salas, y los gerentes generales de Aquachile, Sady Delgado y de Cooke Aquaculture Chile, Andre\u0301s Parodi, suscribieron un compromiso que \u201cpriorizara\u0301 la relocalizacio\u0301n de las nueve concesiones acui\u0301colas que operan en o cerca de los parques nacionales Isla Magdalena, Laguna San Rafael y Bernardo O\u2019Higgins\u201d.<\/p>\n<p style=\"text-align: justify;\">El texto, que se firmo\u0301, tambie\u0301n consigna que \u201clas relocalizaciones no implicara\u0301n el ingreso de tales concesiones a otras categori\u0301as de a\u0301reas protegidas\u201d. El Seremi de Econom\u00eda, Fomento y Turismo de la Regi\u00f3n de Ays\u00e9n; Felipe Rojas Pizarro, relev\u00f3 la importancia de este compromiso p\u00fablico\/privado;<em> \u201cPara nuestro Gobierno es muy importante la reactivaci\u00f3n econ\u00f3mica y el crecimiento. Desde la Regi\u00f3n de Ays\u00e9n y en particular desde sus vocaciones productivas, se encuentra la acuicultura y en general el sector pesca. Por tanto, esta noticia referida a la relocalizaci\u00f3n, es muy importante para la actividad econ\u00f3mica regional y en especial para el desarrollo del litoral. Sabemos adem\u00e1s, que desde el espacio de di\u00e1logo entre esta alianza p\u00fablico privada se pueden lograr acuerdos, formular propuestas y en ese sentido, es que despu\u00e9s de 13 a\u00f1os se ha logado esta primera relocalizaci\u00f3n, que a su vez es parte de un proceso extenso, que continuar\u00e1 desarroll\u00e1ndose con el fin de fortalecer un desarrollo sostenible para la industria del salm\u00f3n, como tambi\u00e9n para la Regi\u00f3n de Ays\u00e9n.<\/em><\/p>\n<p style=\"text-align: justify;\">Adema\u0301s, el compromiso sen\u0303ala que se \u201ccoordinara\u0301n los distintos entes del Estado para respetar los derechos adquiridos y el desarrollo de la actividad dentro de la normativa vigente, mientras se realiza la relocalizacio\u0301n de las concesiones\u201d. Asi\u0301 tambie\u0301n se trabajara\u0301 en \u201cuna hoja de ruta que considere esta y otras materias especi\u0301ficas con el fin de seguir avanzando avanzar en el desarrollo y crecimiento sostenible de la industria\u201d. Con este entendimiento, \u201ctres de los cuatro parques nacionales y zonas adyacentes, en los que todavi\u0301a existe actividad acui\u0301cola industrial, quedara\u0301n libres de salmonicultura, gracias al compromiso de dos de las tres empresas que realizan alli\u0301 sus actividades\u201d.<\/p>\n<p style=\"text-align: justify;\">En esta materia, el Delegado Presidencial Provincial; Jorge D\u00edaz Guzm\u00e1n puso sobre relieve que: <em>\u201cEste es un proceso y una pol\u00edtica p\u00fablica impulsada por el Gobierno que del Presidente Gabriel Boric, en el sentido de generar primero; un espacio de di\u00e1logo entre el sector p\u00fablico y privado, porque para nuestra provincia es muy importante que la industria de la salmonicultura tenga\u00a0 un desarrollo sostenido y pueda en el tiempo seguir generando empleo y\u00a0 riquezas para Chile. Y eso significa; por una parte, generar una pol\u00edtica que desarrolle la industria y por otro lado, cuidar el medioambiente.<\/em><\/p>\n<p style=\"text-align: justify;\"><em>Es por eso que este proceso de relocalizaci\u00f3n de algunos centros acu\u00edcolas que estaban en \u00e1reas protegidas, podr\u00e1n ser redestinados hacia sectores donde la producci\u00f3n se pueda realizar de mejor manera, sin afectar a estos parques nacionales que son tambi\u00e9n un activo del pa\u00eds y por tanto; es responsabilidad del estado protegerlos, como as\u00ed tambi\u00e9n es responsabilidad del estado, impulsar el desarrollo econ\u00f3mico. Y eso es lo que estamos haciendo en esta alianza publica-privada, con reglas claras para que el sector productivo pueda desarrollarse y al mismo tiempo cuidar el medioambiente que pertenece a todas y todos los chilenos.\u201d<\/em><\/p>\n<p style=\"text-align: justify;\">Por su parte el Seremi del Medioambiente de la Regi\u00f3n de Ays\u00e9n Yoal D\u00edaz Reyes coment\u00f3 que:<em> \u201cTal como lo dijo nuestra Ministra Maisa Rojas; el sentarnos en la misma mesa todas los actores claves del territorio, nos permite tambi\u00e9n pensar que la alianza p\u00fablico\/privada, es una realidad y un camino que podemos tomar. El trabajo del Gobierno junto con la industria salmonera, nos permiti\u00f3 avanzar en esta firma de convenio para que la industria pueda relocalizar sus concesiones acu\u00edcolas fuera de las \u00c1reas Silvestres Protegidas. Este marco de acci\u00f3n nos permite relevar la importancia de las \u00e1reas protegidas, las que a su vez cumplen un rol fundamental para enfrentar esta triple crisis; clim\u00e1tica, de contaminaci\u00f3n y de p\u00e9rdida de biodiversidad. Por tanto, este modelo de desarrollo sostenible y sustentable nos permite estar muy esperanzados en que este sea el camino y hoja de ruta a seguir, para poder avanzar en una mejor gesti\u00f3n de nuestro territorio y Regi\u00f3n de Ays\u00e9n.\u201d<\/em><\/p>\n<p style=\"text-align: justify;\">Las dos primeras concesiones de acuicultura que se relocalizara\u0301n fuera de parques nacionales pertenecen a Cooke Aquaculture y se trata de los centros de cultivo Exploradores y Huillines 1, que ya fue aprobada por la Subsecretari\u0301a de Fuerzas Armadas.<\/p>\n<p style=\"text-align: justify;\">Esta acuerdo p\u00fablico-privado permite avanzar en el cumplimiento de uno de los compromisos ma\u0301s relevantes del Presidente Gabriel Boric en esta materia y que da cuenta de un camino a seguir, un camino del dia\u0301logo, de articulacio\u0301n pu\u0301blico-privada, que permita seguir fortaleciendo un sector econo\u0301mico muy relevante, que es el sector de la salmonicultura y de la acuicultura en general, y, por otro lado, proteger el medio ambiente y encontrar de esa forma un desarrollo equilibrado y sostenible de esta industria.<\/p>\n<\/div><\/section><\/div><div  style='height:50px' class='hr hr-invisible   avia-builder-el-6  el_after_av_one_full  el_before_av_social_share '><span class='hr-inner ' ><span class='hr-inner-style'><\/span><\/span><\/div><\/p>\n<div  class='av-social-sharing-box  avia-builder-el-7  el_after_av_hr  el_before_av_hr  '><div class='av-share-box'><h5 class='av-share-link-description av-no-toc '>Compartir esta noticia<\/h5><ul class='av-share-box-list noLightbox'><li class='av-share-link av-social-link-facebook' ><a target=\"_blank\" aria-label=\"Compartir en Facebook\" href='https:\/\/www.facebook.com\/sharer.php?u=https:\/\/radiorevelacionfm.cl\/?p=38195&#038;t=Gobierno%20sella%20compromiso%20con%20Aqua%20Chile%20y%20Cooke%20Aquaculture%20para%20relocalizar%20nueve%20concesiones%20acui%CC%81colas.' aria-hidden='false' data-av_icon='\ue8f3' data-av_iconfont='entypo-fontello' title='' data-avia-related-tooltip='Compartir en Facebook' rel=\"noopener\"><span class='avia_hidden_link_text'>Compartir en Facebook<\/span><\/a><\/li><li class='av-share-link av-social-link-twitter' ><a target=\"_blank\" aria-label=\"Compartir en Twitter\" href='https:\/\/twitter.com\/share?text=Gobierno%20sella%20compromiso%20con%20Aqua%20Chile%20y%20Cooke%20Aquaculture%20para%20relocalizar%20nueve%20concesiones%20acui%CC%81colas.&#038;url=https:\/\/radiorevelacionfm.cl\/?p=38195' aria-hidden='false' data-av_icon='\ue8f1' data-av_iconfont='entypo-fontello' title='' data-avia-related-tooltip='Compartir en Twitter' rel=\"noopener\"><span class='avia_hidden_link_text'>Compartir en Twitter<\/span><\/a><\/li><li class='av-share-link av-social-link-whatsapp' ><a target=\"_blank\" aria-label=\"Compartir en Whatsapp\" href='https:\/\/api.whatsapp.com\/send?text=https:\/\/radiorevelacionfm.cl\/?p=38195' aria-hidden='false' data-av_icon='\uf232' data-av_iconfont='entypo-fontello' title='' data-avia-related-tooltip='Compartir en Whatsapp' rel=\"noopener\"><span class='avia_hidden_link_text'>Compartir en Whatsapp<\/span><\/a><\/li><li class='av-share-link av-social-link-linkedin' ><a target=\"_blank\" aria-label=\"Compartir en LinkedIn\" href='https:\/\/linkedin.com\/shareArticle?mini=true&#038;title=Gobierno%20sella%20compromiso%20con%20Aqua%20Chile%20y%20Cooke%20Aquaculture%20para%20relocalizar%20nueve%20concesiones%20acui%CC%81colas.&#038;url=https:\/\/radiorevelacionfm.cl\/?p=38195' aria-hidden='false' data-av_icon='\ue8fc' data-av_iconfont='entypo-fontello' title='' data-avia-related-tooltip='Compartir en LinkedIn' rel=\"noopener\"><span class='avia_hidden_link_text'>Compartir en LinkedIn<\/span><\/a><\/li><li class='av-share-link av-social-link-mail' ><a  aria-label=\"Compartir por correo\" href='mailto:?subject=Gobierno%20sella%20compromiso%20con%20Aqua%20Chile%20y%20Cooke%20Aquaculture%20para%20relocalizar%20nueve%20concesiones%20acui%CC%81colas.&#038;body=https:\/\/radiorevelacionfm.cl\/?p=38195' aria-hidden='false' data-av_icon='\ue805' data-av_iconfont='entypo-fontello' title='' data-avia-related-tooltip='Compartir por correo'><span class='avia_hidden_link_text'>Compartir por correo<\/span><\/a><\/li><\/ul><\/div><\/div>\n<div  style='height:50px' class='hr hr-invisible   avia-builder-el-8  el_after_av_social_share  el_before_av_comments_list '><span class='hr-inner ' ><span class='hr-inner-style'><\/span><\/span><\/div>\n<div  class='av-buildercomment  av-blog-meta-html-info-disabled av-blog-meta-tag-disabled  '><\/div>\n","protected":false},"excerpt":{"rendered":"","protected":false},"author":1,"featured_media":38196,"comment_status":"closed","ping_status":"closed","sticky":false,"template":"","format":"standard","meta":{"footnotes":""},"categories":[37],"tags":[],"class_list":["post-38195","post","type-post","status-publish","format-standard","has-post-thumbnail","hentry","category-economia"],"jetpack_featured_media_url":"https:\/\/radiorevelacionfm.cl\/wp-content\/uploads\/2023\/12\/20231220_134726802_ios-1_optimized.jpg","_links":{"self":[{"href":"https:\/\/radiorevelacionfm.cl\/index.php?rest_route=\/wp\/v2\/posts\/38195","targetHints":{"allow":["GET"]}}],"collection":[{"href":"https:\/\/radiorevelacionfm.cl\/index.php?rest_route=\/wp\/v2\/posts"}],"about":[{"href":"https:\/\/radiorevelacionfm.cl\/index.php?rest_route=\/wp\/v2\/types\/post"}],"author":[{"embeddable":true,"href":"https:\/\/radiorevelacionfm.cl\/index.php?rest_route=\/wp\/v2\/users\/1"}],"replies":[{"embeddable":true,"href":"https:\/\/radiorevelacionfm.cl\/index.php?rest_route=%2Fwp%2Fv2%2Fcomments&post=38195"}],"version-history":[{"count":1,"href":"https:\/\/radiorevelacionfm.cl\/index.php?rest_route=\/wp\/v2\/posts\/38195\/revisions"}],"predecessor-version":[{"id":38197,"href":"https:\/\/radiorevelacionfm.cl\/index.php?rest_route=\/wp\/v2\/posts\/38195\/revisions\/38197"}],"wp:featuredmedia":[{"embeddable":true,"href":"https:\/\/radiorevelacionfm.cl\/index.php?rest_route=\/wp\/v2\/media\/38196"}],"wp:attachment":[{"href":"https:\/\/radiorevelacionfm.cl\/index.php?rest_route=%2Fwp%2Fv2%2Fmedia&parent=38195"}],"wp:term":[{"taxonomy":"category","embeddable":true,"href":"https:\/\/radiorevelacionfm.cl\/index.php?rest_route=%2Fwp%2Fv2%2Fcategories&post=38195"},{"taxonomy":"post_tag","embeddable":true,"href":"https:\/\/radiorevelacionfm.cl\/index.php?rest_route=%2Fwp%2Fv2%2Ftags&post=38195"}],"curies":[{"name":"wp","href":"https:\/\/api.w.org\/{rel}","templated":true}]}}