{"id":38193,"date":"2023-12-20T19:19:01","date_gmt":"2023-12-20T22:19:01","guid":{"rendered":"https:\/\/radiorevelacionfm.cl\/?p=38193"},"modified":"2023-12-20T19:19:01","modified_gmt":"2023-12-20T22:19:01","slug":"planifica-tu-viaje-una-herramienta-esencial-para-la-temporada-alta-2023-2024-en-aysen-patagonia","status":"publish","type":"post","link":"https:\/\/radiorevelacionfm.cl\/?p=38193","title":{"rendered":"Planifica Tu Viaje: Una Herramienta Esencial para la Temporada Alta 2023-2024 en Ays\u00e9n Patagonia"},"content":{"rendered":"<div class=\"flex_column av_one_full  flex_column_div av-zero-column-padding first  avia-builder-el-0  el_before_av_one_full  avia-builder-el-first  \" style='border-radius:0px; '><div  class='avia-image-container  av-styling-    avia-builder-el-1  avia-builder-el-no-sibling  avia-align-center '  itemprop=\"image\" itemscope=\"itemscope\" itemtype=\"https:\/\/schema.org\/ImageObject\"  ><div class='avia-image-container-inner'><div class='avia-image-overlay-wrap'><img decoding=\"async\" class='wp-image-38194 avia-img-lazy-loading-not-38194 avia_image' src=\"https:\/\/radiorevelacionfm.cl\/wp-content\/uploads\/2023\/12\/PLANIFICA-TU-VIAJE-02-1-1.jpg\" alt='' title='PLANIFICA TU VIAJE 02 (1) (1)' height=\"600\" width=\"1066\"  itemprop=\"thumbnailUrl\" srcset=\"https:\/\/radiorevelacionfm.cl\/wp-content\/uploads\/2023\/12\/PLANIFICA-TU-VIAJE-02-1-1.jpg 1066w, https:\/\/radiorevelacionfm.cl\/wp-content\/uploads\/2023\/12\/PLANIFICA-TU-VIAJE-02-1-1-300x169.jpg 300w, https:\/\/radiorevelacionfm.cl\/wp-content\/uploads\/2023\/12\/PLANIFICA-TU-VIAJE-02-1-1-1030x580.jpg 1030w, https:\/\/radiorevelacionfm.cl\/wp-content\/uploads\/2023\/12\/PLANIFICA-TU-VIAJE-02-1-1-768x432.jpg 768w, https:\/\/radiorevelacionfm.cl\/wp-content\/uploads\/2023\/12\/PLANIFICA-TU-VIAJE-02-1-1-705x397.jpg 705w, https:\/\/radiorevelacionfm.cl\/wp-content\/uploads\/2023\/12\/PLANIFICA-TU-VIAJE-02-1-1-450x253.jpg 450w, https:\/\/radiorevelacionfm.cl\/wp-content\/uploads\/2023\/12\/PLANIFICA-TU-VIAJE-02-1-1-600x338.jpg 600w\" sizes=\"(max-width: 1066px) 100vw, 1066px\" \/><\/div><\/div><\/div><\/div><div class=\"flex_column av_one_full  flex_column_div av-zero-column-padding first  avia-builder-el-2  el_after_av_one_full  el_before_av_one_full  column-top-margin\" style='border-radius:0px; '><section class=\"av_textblock_section \"  itemscope=\"itemscope\" itemtype=\"https:\/\/schema.org\/BlogPosting\" itemprop=\"blogPost\" ><div class='avia_textblock  '   itemprop=\"text\" ><p style=\"text-align: center;\"><span style=\"font-size: 18pt;\"><strong>Planifica Tu Viaje: Una Herramienta Esencial para la Temporada Alta 2023-2024 en Ays\u00e9n Patagonia<\/strong><\/span><\/p>\n<div id=\"gtx-trans\" style=\"position: absolute; left: -50px; top: 4.31534px;\">\n<div class=\"gtx-trans-icon\"><\/div>\n<\/div>\n<\/div><\/section><\/div><div class=\"flex_column av_one_full  flex_column_div av-zero-column-padding first  avia-builder-el-4  el_after_av_one_full  el_before_av_hr  column-top-margin\" style='border-radius:0px; '><section class=\"av_textblock_section \"  itemscope=\"itemscope\" itemtype=\"https:\/\/schema.org\/BlogPosting\" itemprop=\"blogPost\" ><div class='avia_textblock  '   itemprop=\"text\" ><p style=\"text-align: justify;\"><em>La plataforma virtual permitir\u00e1 entregar informaci\u00f3n en tiempo real a los usuarios sobre atractivos tur\u00edsticos, conectividad vial, mar\u00edtima, lacustre y a\u00e9rea, as\u00ed como de la red de Informadores Tur\u00edsticos disponibles en toda la regi\u00f3n. \u00a0<\/em><\/p>\n<p style=\"text-align: justify;\">Junto con el inicio de la temporada alta, se realiz\u00f3 el lanzamiento oficial de \u00abPlanifica Tu Viaje\u00bb en la Oficina de Informaci\u00f3n Tur\u00edstica del Terminal de Buses de Coyhaique. Sernatur Ays\u00e9n present\u00f3 esta plataforma virtual desarrollada para proporcionar informaci\u00f3n en tiempo real a agentes locales relacionados con el turismo y a turistas o excursionistas, con el objetivo de facilitar las decisiones de los viajeros que explorar\u00e1n el destino Ays\u00e9n Patagonia durante la pr\u00f3xima Temporada Alta 2023-2024.<\/p>\n<p style=\"text-align: justify;\">Claudio Montecinos, director regional de Sernatur Ays\u00e9n destac\u00f3 que \u00abPlanifica Tu Viaje permite entregar informaci\u00f3n relevante y en tiempo real sobre el destino de Ays\u00e9n Patagonia. Es una plataforma que utiliza Google Maps -una de las aplicaciones m\u00e1s usadas del mundo- y que permite entregar informaci\u00f3n apropiada en materia de acceso a la regi\u00f3n, de conectividad, del estado de las rutas de la Carretera Austral y tambi\u00e9n respecto a los servicios y atractivos tur\u00edsticos, y de las oficinas de informaci\u00f3n tur\u00edstica que tenemos desplegadas a lo largo de toda la regi\u00f3n, ya que tiene como colaboradora importante a la institucionalidad p\u00fablica relacionada\u00bb.<\/p>\n<p style=\"text-align: justify;\">Mediante la lectura de un c\u00f3digo QR que se encontrar\u00e1 disponible en terminales de pasajeros, aeropuertos, pasos fronterizos, y lugares de afluencia de p\u00fablico, se podr\u00e1 acceder desde dispositivos m\u00f3viles y tambi\u00e9n desde la p\u00e1gina web aysenpatagonia.cl<\/p>\n<p style=\"text-align: justify;\">Hans Zimmermann, seremi de Transportes de Ays\u00e9n, valor\u00f3 la plataforma en la que su cartera colabora con informaci\u00f3n relevante en relaci\u00f3n al estado de las rutas \u00abnosotros somos plenamente conscientes de que entregar esta informaci\u00f3n a los turistas les permite tener un viaje seguro, un viaje ordenado y hacer un buen uso, adem\u00e1s, de los servicios que proporciona el Ministerio de Transportes en la regi\u00f3n de Ays\u00e9n\u00bb.<\/p>\n<p style=\"text-align: justify;\">\u00abPlanifica Tu Viaje\u00bb, mostrara informaci\u00f3n de ubicaci\u00f3n y contactos sobre Accesibilidad y Conectividad, Atractivos Visitable, servicios como informaci\u00f3n tur\u00edstica, bencineras y contingencia Conectividad como cortes de caminos. Esta plataforma es actualizada por Sernatur Ays\u00e9n y Sernatur Los Lagos, con la colaboraci\u00f3n de entidades como MOP Ays\u00e9n, SEREMI Transportes, SENAPRED, Encargados Municipales de Turismo, Informadores Tur\u00edsticos de la Red Patagonia (Llanquihue, Chilo\u00e9, Patagonia Verde, Ays\u00e9n Patagonia y Natales), CONAF Regi\u00f3n de Ays\u00e9n, empresarios y gremios del Turismo.<\/p>\n<p style=\"text-align: justify;\"><strong>Red de Informaci\u00f3n Tur\u00edstica Ays\u00e9n Patagonia<\/strong><\/p>\n<p style=\"text-align: justify;\">Claudio Montecinos, adem\u00e1s, destac\u00f3 que en la actualidad la regi\u00f3n de Ays\u00e9n cuenta con 8 puntos de informaci\u00f3n tur\u00edstica permanentes y 9 informadores desplazados a lo largo de la Carretera Austral. Gracias a un convenio de colaboraci\u00f3n entre Sernatur Ays\u00e9n y los 10 municipios de la regi\u00f3n, se han contratado 17 informadores tur\u00edsticos adicionales durante la temporada estival, conformando as\u00ed la red m\u00e1s extensa del pa\u00eds con un total de 26 Informadores Tur\u00edsticos.<\/p>\n<\/div><\/section><\/div><div  style='height:50px' class='hr hr-invisible   avia-builder-el-6  el_after_av_one_full  el_before_av_social_share '><span class='hr-inner ' ><span class='hr-inner-style'><\/span><\/span><\/div><\/p>\n<div  class='av-social-sharing-box  avia-builder-el-7  el_after_av_hr  el_before_av_hr  '><div class='av-share-box'><h5 class='av-share-link-description av-no-toc '>Compartir esta noticia<\/h5><ul class='av-share-box-list noLightbox'><li class='av-share-link av-social-link-facebook' ><a target=\"_blank\" aria-label=\"Compartir en Facebook\" href='https:\/\/www.facebook.com\/sharer.php?u=https:\/\/radiorevelacionfm.cl\/?p=38193&#038;t=Planifica%20Tu%20Viaje%3A%20Una%20Herramienta%20Esencial%20para%20la%20Temporada%20Alta%202023-2024%20en%20Ays%C3%A9n%20Patagonia' aria-hidden='false' data-av_icon='\ue8f3' data-av_iconfont='entypo-fontello' title='' data-avia-related-tooltip='Compartir en Facebook' rel=\"noopener\"><span class='avia_hidden_link_text'>Compartir en Facebook<\/span><\/a><\/li><li class='av-share-link av-social-link-twitter' ><a target=\"_blank\" aria-label=\"Compartir en Twitter\" href='https:\/\/twitter.com\/share?text=Planifica%20Tu%20Viaje%3A%20Una%20Herramienta%20Esencial%20para%20la%20Temporada%20Alta%202023-2024%20en%20Ays%C3%A9n%20Patagonia&#038;url=https:\/\/radiorevelacionfm.cl\/?p=38193' aria-hidden='false' data-av_icon='\ue8f1' data-av_iconfont='entypo-fontello' title='' data-avia-related-tooltip='Compartir en Twitter' rel=\"noopener\"><span class='avia_hidden_link_text'>Compartir en Twitter<\/span><\/a><\/li><li class='av-share-link av-social-link-whatsapp' ><a target=\"_blank\" aria-label=\"Compartir en Whatsapp\" href='https:\/\/api.whatsapp.com\/send?text=https:\/\/radiorevelacionfm.cl\/?p=38193' aria-hidden='false' data-av_icon='\uf232' data-av_iconfont='entypo-fontello' title='' data-avia-related-tooltip='Compartir en Whatsapp' rel=\"noopener\"><span class='avia_hidden_link_text'>Compartir en Whatsapp<\/span><\/a><\/li><li class='av-share-link av-social-link-linkedin' ><a target=\"_blank\" aria-label=\"Compartir en LinkedIn\" href='https:\/\/linkedin.com\/shareArticle?mini=true&#038;title=Planifica%20Tu%20Viaje%3A%20Una%20Herramienta%20Esencial%20para%20la%20Temporada%20Alta%202023-2024%20en%20Ays%C3%A9n%20Patagonia&#038;url=https:\/\/radiorevelacionfm.cl\/?p=38193' aria-hidden='false' data-av_icon='\ue8fc' data-av_iconfont='entypo-fontello' title='' data-avia-related-tooltip='Compartir en LinkedIn' rel=\"noopener\"><span class='avia_hidden_link_text'>Compartir en LinkedIn<\/span><\/a><\/li><li class='av-share-link av-social-link-mail' ><a  aria-label=\"Compartir por correo\" href='mailto:?subject=Planifica%20Tu%20Viaje%3A%20Una%20Herramienta%20Esencial%20para%20la%20Temporada%20Alta%202023-2024%20en%20Ays%C3%A9n%20Patagonia&#038;body=https:\/\/radiorevelacionfm.cl\/?p=38193' aria-hidden='false' data-av_icon='\ue805' data-av_iconfont='entypo-fontello' title='' data-avia-related-tooltip='Compartir por correo'><span class='avia_hidden_link_text'>Compartir por correo<\/span><\/a><\/li><\/ul><\/div><\/div>\n<div  style='height:50px' class='hr hr-invisible   avia-builder-el-8  el_after_av_social_share  el_before_av_comments_list '><span class='hr-inner ' ><span class='hr-inner-style'><\/span><\/span><\/div>\n<div  class='av-buildercomment  av-blog-meta-html-info-disabled av-blog-meta-tag-disabled  '><\/div>\n","protected":false},"excerpt":{"rendered":"","protected":false},"author":1,"featured_media":38194,"comment_status":"open","ping_status":"open","sticky":false,"template":"","format":"standard","meta":{"footnotes":""},"categories":[54],"tags":[],"class_list":["post-38193","post","type-post","status-publish","format-standard","has-post-thumbnail","hentry","category-turismo"],"jetpack_featured_media_url":"https:\/\/radiorevelacionfm.cl\/wp-content\/uploads\/2023\/12\/PLANIFICA-TU-VIAJE-02-1-1.jpg","_links":{"self":[{"href":"https:\/\/radiorevelacionfm.cl\/index.php?rest_route=\/wp\/v2\/posts\/38193","targetHints":{"allow":["GET"]}}],"collection":[{"href":"https:\/\/radiorevelacionfm.cl\/index.php?rest_route=\/wp\/v2\/posts"}],"about":[{"href":"https:\/\/radiorevelacionfm.cl\/index.php?rest_route=\/wp\/v2\/types\/post"}],"author":[{"embeddable":true,"href":"https:\/\/radiorevelacionfm.cl\/index.php?rest_route=\/wp\/v2\/users\/1"}],"replies":[{"embeddable":true,"href":"https:\/\/radiorevelacionfm.cl\/index.php?rest_route=%2Fwp%2Fv2%2Fcomments&post=38193"}],"version-history":[{"count":1,"href":"https:\/\/radiorevelacionfm.cl\/index.php?rest_route=\/wp\/v2\/posts\/38193\/revisions"}],"predecessor-version":[{"id":38207,"href":"https:\/\/radiorevelacionfm.cl\/index.php?rest_route=\/wp\/v2\/posts\/38193\/revisions\/38207"}],"wp:featuredmedia":[{"embeddable":true,"href":"https:\/\/radiorevelacionfm.cl\/index.php?rest_route=\/wp\/v2\/media\/38194"}],"wp:attachment":[{"href":"https:\/\/radiorevelacionfm.cl\/index.php?rest_route=%2Fwp%2Fv2%2Fmedia&parent=38193"}],"wp:term":[{"taxonomy":"category","embeddable":true,"href":"https:\/\/radiorevelacionfm.cl\/index.php?rest_route=%2Fwp%2Fv2%2Fcategories&post=38193"},{"taxonomy":"post_tag","embeddable":true,"href":"https:\/\/radiorevelacionfm.cl\/index.php?rest_route=%2Fwp%2Fv2%2Ftags&post=38193"}],"curies":[{"name":"wp","href":"https:\/\/api.w.org\/{rel}","templated":true}]}}