{"id":38190,"date":"2023-12-20T18:41:56","date_gmt":"2023-12-20T21:41:56","guid":{"rendered":"https:\/\/radiorevelacionfm.cl\/?p=38190"},"modified":"2023-12-20T18:41:56","modified_gmt":"2023-12-20T21:41:56","slug":"core-aprueba-cinco-concesiones-de-inmuebles-fiscales-que-otorgara-bienes-nacionales","status":"publish","type":"post","link":"https:\/\/radiorevelacionfm.cl\/?p=38190","title":{"rendered":"CORE aprueba cinco concesiones de inmuebles fiscales que otorgar\u00e1 Bienes Nacionales"},"content":{"rendered":"<div class=\"flex_column av_one_full  flex_column_div av-zero-column-padding first  avia-builder-el-0  el_before_av_one_full  avia-builder-el-first  \" style='border-radius:0px; '><div  class='avia-image-container  av-styling-    avia-builder-el-1  avia-builder-el-no-sibling  avia-align-center '  itemprop=\"image\" itemscope=\"itemscope\" itemtype=\"https:\/\/schema.org\/ImageObject\"  ><div class='avia-image-container-inner'><div class='avia-image-overlay-wrap'><img decoding=\"async\" class='wp-image-38191 avia-img-lazy-loading-not-38191 avia_image' src=\"https:\/\/radiorevelacionfm.cl\/wp-content\/uploads\/2023\/12\/image00001-3-1-1.jpeg\" alt='' title='image00001 (3) (1) (1)' height=\"600\" width=\"800\"  itemprop=\"thumbnailUrl\" srcset=\"https:\/\/radiorevelacionfm.cl\/wp-content\/uploads\/2023\/12\/image00001-3-1-1.jpeg 800w, https:\/\/radiorevelacionfm.cl\/wp-content\/uploads\/2023\/12\/image00001-3-1-1-300x225.jpeg 300w, https:\/\/radiorevelacionfm.cl\/wp-content\/uploads\/2023\/12\/image00001-3-1-1-768x576.jpeg 768w, https:\/\/radiorevelacionfm.cl\/wp-content\/uploads\/2023\/12\/image00001-3-1-1-705x529.jpeg 705w, https:\/\/radiorevelacionfm.cl\/wp-content\/uploads\/2023\/12\/image00001-3-1-1-450x338.jpeg 450w, https:\/\/radiorevelacionfm.cl\/wp-content\/uploads\/2023\/12\/image00001-3-1-1-600x450.jpeg 600w\" sizes=\"(max-width: 800px) 100vw, 800px\" \/><\/div><\/div><\/div><\/div><div class=\"flex_column av_one_full  flex_column_div av-zero-column-padding first  avia-builder-el-2  el_after_av_one_full  el_before_av_one_full  column-top-margin\" style='border-radius:0px; '><section class=\"av_textblock_section \"  itemscope=\"itemscope\" itemtype=\"https:\/\/schema.org\/BlogPosting\" itemprop=\"blogPost\" ><div class='avia_textblock  '   itemprop=\"text\" ><p style=\"text-align: center;\"><span style=\"font-size: 18pt;\"><strong>CORE aprueba cinco concesiones de inmuebles fiscales que otorgar\u00e1 Bienes Nacionales <\/strong><\/span><\/p>\n<div id=\"gtx-trans\" style=\"position: absolute; left: -50px; top: 4.31534px;\">\n<div class=\"gtx-trans-icon\"><\/div>\n<\/div>\n<\/div><\/section><\/div><div class=\"flex_column av_one_full  flex_column_div av-zero-column-padding first  avia-builder-el-4  el_after_av_one_full  el_before_av_hr  column-top-margin\" style='border-radius:0px; '><section class=\"av_textblock_section \"  itemscope=\"itemscope\" itemtype=\"https:\/\/schema.org\/BlogPosting\" itemprop=\"blogPost\" ><div class='avia_textblock  '   itemprop=\"text\" ><p style=\"text-align: justify;\"><em>En inmuebles fiscales se concretar\u00e1n la Casa de la Diversidad Multicolor, mirador San Sebasti\u00e1n y Granja Educativa de Fundaci\u00f3n Patitas Patag\u00f3nicas, adem\u00e1s de dar continuidad a oficina de Agrupaci\u00f3n de DD.HH., y Centro de Madres Mar y Patria de Guaitecas. <\/em><\/p>\n<p style=\"text-align: justify;\"><em>Seremi destac\u00f3 que se reconoce como hito a nivel nacional, que la primera Casa de la Diversidad sobre un inmueble fiscal se encuentra en nuestra regi\u00f3n.<\/em><\/p>\n<p style=\"text-align: justify;\">Durante la jornada del mi\u00e9rcoles 20 de diciembre se desarroll\u00f3 una nueva sesi\u00f3n plenaria del Consejo Regional de Ays\u00e9n, donde la Seremi de Bienes Nacionales, Irina Morend Valdebenito, present\u00f3 al cuerpo colegiado, cinco expedientes de concesi\u00f3n de inmueble fiscal requeridos por organizaciones sociales, adem\u00e1s de la I. Municipalidad de Guaitecas.<\/p>\n<p style=\"text-align: justify;\">En la sesi\u00f3n donde se produjo la aprobaci\u00f3n un\u00e1nime de lo propuesto, la seremi present\u00f3 las tramitaciones asociadas a las agrupaciones ONG Diversa Patagonia, Fundaci\u00f3n Patitas Patag\u00f3nicas, Agrupaci\u00f3n de Derechos Humanos, todas de Coyhaique, Centro de Madres Mar y Patria de Guaitecas, adem\u00e1s de la Municipalidad de la misma comuna, proyectos que fueron relevados por la seremi, quien se\u00f1al\u00f3 que \u201clas concesiones a Agrupaci\u00f3n de Derechos Humanos y ONG Diversa Patagonia, son parte de nuestros lineamientos ministeriales desde el punto de vista de la mirada de g\u00e9nero y de derechos humanos, destacar que hay una organizaci\u00f3n consolidada en el caso de DD.HH., que llevan muchos a\u00f1os de trayectoria y que su proyecto con esta renovaci\u00f3n de concesi\u00f3n se consolida y as\u00ed todas las iniciativas que han realizado y seguir\u00e1n realizando, y tambi\u00e9n en el caso de Diversa Patagonia, este es el primer inmueble fiscal que se entrega a nivel nacional para las diversidades sexogen\u00e9ricas, lo cual es un hito muy importante para nosotros como Ministerio, para la regi\u00f3n de Ays\u00e9n y para nuestro Gobierno\u201d, expres\u00f3 Irina Morend Valdebenito.<\/p>\n<p style=\"text-align: justify;\">Por su parte, el presidente de la ONG Diversa Patagonia se mostr\u00f3 emocionado al resaltar que la concesi\u00f3n les permite desarrollar talleres en \u00e1reas como educaci\u00f3n, salud y cultura, junto con \u201ccontar con un espacio seguro para nuestra comunidad y es un hito como dice la Seremi Irina, a nivel nacional, y ojal\u00e1 que pueda replicarse en otras regiones porque es un acto de justicia social y claramente, podremos desarrollar nuestras actividades de mejor manera. Simplemente felices y agradecemos la votaci\u00f3n favorable de todo el Consejo Regional\u201d, resalt\u00f3 Israel Cort\u00e9s.<\/p>\n<p style=\"text-align: justify;\">As\u00ed tambi\u00e9n, desde la Agrupaci\u00f3n de Derechos Humanos, su presidenta Mar\u00eda Vera, se\u00f1al\u00f3 que los integrantes est\u00e1n \u201cmuy agradecidos de poder renovar esta concesi\u00f3n, lugar fundamental para desarrollar nuestras actividades. Un espacio donde podemos reunirnos y tambi\u00e9n atender p\u00fablico, adem\u00e1s de resguardar nuestros materiales y archivos y equipamiento que se necesita para nuestras presentaciones, exposiciones y nuestro trabajo territorial\u201d.<\/p>\n<p style=\"text-align: justify;\">En cuanto al trabajo desarrollado por la Fundaci\u00f3n Patitas Patag\u00f3nicas, liderada por su presidenta Magaly Luarte, el CORE destac\u00f3 que, con esta concesi\u00f3n de inmueble fiscal, se podr\u00e1 dar refugio a animales abandonados, adem\u00e1s de generar una granja educativa que permita la visita de familias d\u00e1ndose la posibilidad de adopci\u00f3n.<\/p>\n<p style=\"text-align: justify;\">Respecto del Centro de Madres, Mar y Patria de Guaitecas, se relev\u00f3 la capacidad organizacional de la agrupaci\u00f3n que preside Mar\u00eda Dilma Puinao, quienes, mediante autogesti\u00f3n y apoyos municipales, pueden desarrollar acciones sociales en la comunidad de la isla.<\/p>\n<p style=\"text-align: justify;\">En cuanto a la concesi\u00f3n aprobada para la Ilustre Municipalidad de Guaitecas, impresion\u00f3 el video del dise\u00f1o que tendr\u00e1 el futuro mirador San Sebasti\u00e1n que estar\u00e1 emplazado en el kil\u00f3metro 10 de la carretera que une Repollal con Melinka, lugar que se proyecta como un atractivo m\u00e1s de la comuna insular de la provincia de Ays\u00e9n, donde, esta y otras concesiones, se enmarcan en el trabajo en conjunto con Bienes Nacionales y Municipio, acciones de la mesa intersectorial que impulsa su desarrollo, denominado, Plan Especial Guaitecas.<\/p>\n<\/div><\/section><\/div><div  style='height:50px' class='hr hr-invisible   avia-builder-el-6  el_after_av_one_full  el_before_av_social_share '><span class='hr-inner ' ><span class='hr-inner-style'><\/span><\/span><\/div><\/p>\n<div  class='av-social-sharing-box  avia-builder-el-7  el_after_av_hr  el_before_av_hr  '><div class='av-share-box'><h5 class='av-share-link-description av-no-toc '>Compartir esta noticia<\/h5><ul class='av-share-box-list noLightbox'><li class='av-share-link av-social-link-facebook' ><a target=\"_blank\" aria-label=\"Compartir en Facebook\" href='https:\/\/www.facebook.com\/sharer.php?u=https:\/\/radiorevelacionfm.cl\/?p=38190&#038;t=CORE%20aprueba%20cinco%20concesiones%20de%20inmuebles%20fiscales%20que%20otorgar%C3%A1%20Bienes%20Nacionales' aria-hidden='false' data-av_icon='\ue8f3' data-av_iconfont='entypo-fontello' title='' data-avia-related-tooltip='Compartir en Facebook' rel=\"noopener\"><span class='avia_hidden_link_text'>Compartir en Facebook<\/span><\/a><\/li><li class='av-share-link av-social-link-twitter' ><a target=\"_blank\" aria-label=\"Compartir en Twitter\" href='https:\/\/twitter.com\/share?text=CORE%20aprueba%20cinco%20concesiones%20de%20inmuebles%20fiscales%20que%20otorgar%C3%A1%20Bienes%20Nacionales&#038;url=https:\/\/radiorevelacionfm.cl\/?p=38190' aria-hidden='false' data-av_icon='\ue8f1' data-av_iconfont='entypo-fontello' title='' data-avia-related-tooltip='Compartir en Twitter' rel=\"noopener\"><span class='avia_hidden_link_text'>Compartir en Twitter<\/span><\/a><\/li><li class='av-share-link av-social-link-whatsapp' ><a target=\"_blank\" aria-label=\"Compartir en Whatsapp\" href='https:\/\/api.whatsapp.com\/send?text=https:\/\/radiorevelacionfm.cl\/?p=38190' aria-hidden='false' data-av_icon='\uf232' data-av_iconfont='entypo-fontello' title='' data-avia-related-tooltip='Compartir en Whatsapp' rel=\"noopener\"><span class='avia_hidden_link_text'>Compartir en Whatsapp<\/span><\/a><\/li><li class='av-share-link av-social-link-linkedin' ><a target=\"_blank\" aria-label=\"Compartir en LinkedIn\" href='https:\/\/linkedin.com\/shareArticle?mini=true&#038;title=CORE%20aprueba%20cinco%20concesiones%20de%20inmuebles%20fiscales%20que%20otorgar%C3%A1%20Bienes%20Nacionales&#038;url=https:\/\/radiorevelacionfm.cl\/?p=38190' aria-hidden='false' data-av_icon='\ue8fc' data-av_iconfont='entypo-fontello' title='' data-avia-related-tooltip='Compartir en LinkedIn' rel=\"noopener\"><span class='avia_hidden_link_text'>Compartir en LinkedIn<\/span><\/a><\/li><li class='av-share-link av-social-link-mail' ><a  aria-label=\"Compartir por correo\" href='mailto:?subject=CORE%20aprueba%20cinco%20concesiones%20de%20inmuebles%20fiscales%20que%20otorgar%C3%A1%20Bienes%20Nacionales&#038;body=https:\/\/radiorevelacionfm.cl\/?p=38190' aria-hidden='false' data-av_icon='\ue805' data-av_iconfont='entypo-fontello' title='' data-avia-related-tooltip='Compartir por correo'><span class='avia_hidden_link_text'>Compartir por correo<\/span><\/a><\/li><\/ul><\/div><\/div>\n<div  style='height:50px' class='hr hr-invisible   avia-builder-el-8  el_after_av_social_share  el_before_av_comments_list '><span class='hr-inner ' ><span class='hr-inner-style'><\/span><\/span><\/div>\n<div  class='av-buildercomment  av-blog-meta-html-info-disabled av-blog-meta-tag-disabled  '><\/div>\n","protected":false},"excerpt":{"rendered":"","protected":false},"author":1,"featured_media":38191,"comment_status":"open","ping_status":"open","sticky":false,"template":"","format":"standard","meta":{"footnotes":""},"categories":[38],"tags":[],"class_list":["post-38190","post","type-post","status-publish","format-standard","has-post-thumbnail","hentry","category-regional"],"jetpack_featured_media_url":"https:\/\/radiorevelacionfm.cl\/wp-content\/uploads\/2023\/12\/image00001-3-1-1.jpeg","_links":{"self":[{"href":"https:\/\/radiorevelacionfm.cl\/index.php?rest_route=\/wp\/v2\/posts\/38190","targetHints":{"allow":["GET"]}}],"collection":[{"href":"https:\/\/radiorevelacionfm.cl\/index.php?rest_route=\/wp\/v2\/posts"}],"about":[{"href":"https:\/\/radiorevelacionfm.cl\/index.php?rest_route=\/wp\/v2\/types\/post"}],"author":[{"embeddable":true,"href":"https:\/\/radiorevelacionfm.cl\/index.php?rest_route=\/wp\/v2\/users\/1"}],"replies":[{"embeddable":true,"href":"https:\/\/radiorevelacionfm.cl\/index.php?rest_route=%2Fwp%2Fv2%2Fcomments&post=38190"}],"version-history":[{"count":1,"href":"https:\/\/radiorevelacionfm.cl\/index.php?rest_route=\/wp\/v2\/posts\/38190\/revisions"}],"predecessor-version":[{"id":38192,"href":"https:\/\/radiorevelacionfm.cl\/index.php?rest_route=\/wp\/v2\/posts\/38190\/revisions\/38192"}],"wp:featuredmedia":[{"embeddable":true,"href":"https:\/\/radiorevelacionfm.cl\/index.php?rest_route=\/wp\/v2\/media\/38191"}],"wp:attachment":[{"href":"https:\/\/radiorevelacionfm.cl\/index.php?rest_route=%2Fwp%2Fv2%2Fmedia&parent=38190"}],"wp:term":[{"taxonomy":"category","embeddable":true,"href":"https:\/\/radiorevelacionfm.cl\/index.php?rest_route=%2Fwp%2Fv2%2Fcategories&post=38190"},{"taxonomy":"post_tag","embeddable":true,"href":"https:\/\/radiorevelacionfm.cl\/index.php?rest_route=%2Fwp%2Fv2%2Ftags&post=38190"}],"curies":[{"name":"wp","href":"https:\/\/api.w.org\/{rel}","templated":true}]}}