{"id":38187,"date":"2023-12-20T17:59:09","date_gmt":"2023-12-20T20:59:09","guid":{"rendered":"https:\/\/radiorevelacionfm.cl\/?p=38187"},"modified":"2023-12-20T17:59:09","modified_gmt":"2023-12-20T20:59:09","slug":"2-600-vecinos-y-vecinas-son-beneficiados-con-la-ejecucion-de-diversas-iniciativas-en-la-comuna-de-rio-ibanez","status":"publish","type":"post","link":"https:\/\/radiorevelacionfm.cl\/?p=38187","title":{"rendered":"2.600 vecinos y vecinas son beneficiados con la ejecuci\u00f3n de diversas iniciativas en la comuna de R\u00edo Ib\u00e1\u00f1ez"},"content":{"rendered":"<div class=\"flex_column av_one_full  flex_column_div av-zero-column-padding first  avia-builder-el-0  el_before_av_one_full  avia-builder-el-first  \" style='border-radius:0px; '><div  class='avia-image-container  av-styling-    avia-builder-el-1  avia-builder-el-no-sibling  avia-align-center '  itemprop=\"image\" itemscope=\"itemscope\" itemtype=\"https:\/\/schema.org\/ImageObject\"  ><div class='avia-image-container-inner'><div class='avia-image-overlay-wrap'><img decoding=\"async\" class='wp-image-38188 avia-img-lazy-loading-not-38188 avia_image' src=\"https:\/\/radiorevelacionfm.cl\/wp-content\/uploads\/2023\/12\/FOTO-SSR-1-1.jpg\" alt='' title='FOTO-SSR (1) (1)' height=\"600\" width=\"1067\"  itemprop=\"thumbnailUrl\" srcset=\"https:\/\/radiorevelacionfm.cl\/wp-content\/uploads\/2023\/12\/FOTO-SSR-1-1.jpg 1067w, https:\/\/radiorevelacionfm.cl\/wp-content\/uploads\/2023\/12\/FOTO-SSR-1-1-300x169.jpg 300w, https:\/\/radiorevelacionfm.cl\/wp-content\/uploads\/2023\/12\/FOTO-SSR-1-1-1030x579.jpg 1030w, https:\/\/radiorevelacionfm.cl\/wp-content\/uploads\/2023\/12\/FOTO-SSR-1-1-768x432.jpg 768w, https:\/\/radiorevelacionfm.cl\/wp-content\/uploads\/2023\/12\/FOTO-SSR-1-1-705x396.jpg 705w, https:\/\/radiorevelacionfm.cl\/wp-content\/uploads\/2023\/12\/FOTO-SSR-1-1-450x253.jpg 450w, https:\/\/radiorevelacionfm.cl\/wp-content\/uploads\/2023\/12\/FOTO-SSR-1-1-600x337.jpg 600w\" sizes=\"(max-width: 1067px) 100vw, 1067px\" \/><\/div><\/div><\/div><\/div><div class=\"flex_column av_one_full  flex_column_div av-zero-column-padding first  avia-builder-el-2  el_after_av_one_full  el_before_av_one_full  column-top-margin\" style='border-radius:0px; '><section class=\"av_textblock_section \"  itemscope=\"itemscope\" itemtype=\"https:\/\/schema.org\/BlogPosting\" itemprop=\"blogPost\" ><div class='avia_textblock  '   itemprop=\"text\" ><p style=\"text-align: center;\"><strong><span style=\"font-size: 18pt;\">2.600 vecinos y vecinas son beneficiados con la ejecuci\u00f3n de diversas iniciativas en la comuna de R\u00edo Ib\u00e1\u00f1ez<\/span><\/strong><\/p>\n<div id=\"gtx-trans\" style=\"position: absolute; left: -50px; top: 4.31534px;\">\n<div class=\"gtx-trans-icon\"><\/div>\n<\/div>\n<\/div><\/section><\/div><div class=\"flex_column av_one_full  flex_column_div av-zero-column-padding first  avia-builder-el-4  el_after_av_one_full  el_before_av_hr  column-top-margin\" style='border-radius:0px; '><section class=\"av_textblock_section \"  itemscope=\"itemscope\" itemtype=\"https:\/\/schema.org\/BlogPosting\" itemprop=\"blogPost\" ><div class='avia_textblock  '   itemprop=\"text\" ><p style=\"text-align: justify;\">El Secretario Regional Ministerial de Obras P\u00fablicas, Patricio Sanhueza Ulloa,\u00a0 inform\u00f3 que en el marco de trabajo continuo con las Direcciones Regionales del MOP en cada territorio y las acciones que como gobierno estamos implementando pro crecimiento y empleo, destacamos la inversi\u00f3n y obras que se est\u00e1n materializando en la comuna de R\u00edo Ib\u00e1\u00f1ez, alcanzando un total de 124 mil millones de pesos, en una importante cartera de iniciativas que consideran obras en ejecuci\u00f3n, proyectos en licitaci\u00f3n, obras en proceso de adjudicaci\u00f3n y por licitar pr\u00f3ximamente.<\/p>\n<p style=\"text-align: justify;\">De esta forma, el SEREMI del MOP dio a conocer algunos detalles del trabajo sectorial que se est\u00e1 efectuando, indicando que en el Gabinete pro crecimiento y empleo se est\u00e1 generando una serie de acciones que lidera el presidente Gabriel Boric y en donde ocupa un rol protag\u00f3nico el Ministerio de Obras P\u00fablicas con la participaci\u00f3n de la ministra Jessica L\u00f3pez Saffie, y que en nuestra regi\u00f3n de Ays\u00e9n van en la misma l\u00ednea.<\/p>\n<p style=\"text-align: justify;\">\u201cQueremos destacar la gran inversi\u00f3n que hoy d\u00eda estamos ejecutando en la comuna de R\u00edo Ib\u00e1\u00f1ez, la que presenta obras en ejecuci\u00f3n por una inversi\u00f3n que supera los 20 mil millones de pesos, y en donde destacamos los contratos de emergencia de conservaci\u00f3n vial, tenemos grandes obras como la ampliaci\u00f3n del Servicio Sanitario Rural de Puerto R\u00edo Tranquilo con una inversi\u00f3n muy relevante, por cuanto es el Servicio Sanitario Rural con mayor inversi\u00f3n en la historia, as\u00ed como tambi\u00e9n estamos concurriendo con obras de conservaci\u00f3n en Puerto R\u00edo Tranquilo y en otras localidades de la comuna. Si bien son buenos n\u00fameros, es importante destacar que la proyecci\u00f3n de las licitaciones en curso as\u00ed como las que estamos por ejecutar son por un monto que supera \u00a0los 100 mil millones de pesos y hay que destacar que dentro de este a\u00f1o vamos a llamar a licitaci\u00f3n el contrato de pavimentaci\u00f3n desde el sector Laguna Verde- alcantarilla Cascada; ya llamamos a licitaci\u00f3n la pavimentaci\u00f3n desde el cruce a Bah\u00eda Murta hasta el puente El Belga y nos queda por llamar a licitaci\u00f3n\u00a0 desde el sector puente El Belga hasta el sector cruce acceso a Capillas de M\u00e1rmol, as\u00ed que son buenas noticias para la comuna y esperamos con esto aumentar sustancialmente no s\u00f3lo la inversi\u00f3n, sino tambi\u00e9n la ocupaci\u00f3n con una mayor cantidad de obras. Adem\u00e1s, un proyecto que toca transversalmente las comunas de Chile Chico y R\u00edo Ib\u00e1\u00f1ez y que pretendemos prontamente llamar a licitaci\u00f3n es la construcci\u00f3n de la nueva nave complementaria que operar\u00e1 en el lago General Carrera, pero que ser\u00e1 construida en la localidad de Puerto Ingeniero Ib\u00e1\u00f1ez, as\u00ed que como gobierno a trav\u00e9s de nuestro Ministerio de Obras P\u00fablicas seguimos impulsando nuevas inversiones y obras que cambien significativamente las condiciones de vida de las personas\u201d, asegur\u00f3 Patricio Sanhueza.<\/p>\n<\/div><\/section><\/div><div  style='height:50px' class='hr hr-invisible   avia-builder-el-6  el_after_av_one_full  el_before_av_social_share '><span class='hr-inner ' ><span class='hr-inner-style'><\/span><\/span><\/div><\/p>\n<div  class='av-social-sharing-box  avia-builder-el-7  el_after_av_hr  el_before_av_hr  '><div class='av-share-box'><h5 class='av-share-link-description av-no-toc '>Compartir esta noticia<\/h5><ul class='av-share-box-list noLightbox'><li class='av-share-link av-social-link-facebook' ><a target=\"_blank\" aria-label=\"Compartir en Facebook\" href='https:\/\/www.facebook.com\/sharer.php?u=https:\/\/radiorevelacionfm.cl\/?p=38187&#038;t=2.600%20vecinos%20y%20vecinas%20son%20beneficiados%20con%20la%20ejecuci%C3%B3n%20de%20diversas%20iniciativas%20en%20la%20comuna%20de%20R%C3%ADo%20Ib%C3%A1%C3%B1ez' aria-hidden='false' data-av_icon='\ue8f3' data-av_iconfont='entypo-fontello' title='' data-avia-related-tooltip='Compartir en Facebook' rel=\"noopener\"><span class='avia_hidden_link_text'>Compartir en Facebook<\/span><\/a><\/li><li class='av-share-link av-social-link-twitter' ><a target=\"_blank\" aria-label=\"Compartir en Twitter\" href='https:\/\/twitter.com\/share?text=2.600%20vecinos%20y%20vecinas%20son%20beneficiados%20con%20la%20ejecuci%C3%B3n%20de%20diversas%20iniciativas%20en%20la%20comuna%20de%20R%C3%ADo%20Ib%C3%A1%C3%B1ez&#038;url=https:\/\/radiorevelacionfm.cl\/?p=38187' aria-hidden='false' data-av_icon='\ue8f1' data-av_iconfont='entypo-fontello' title='' data-avia-related-tooltip='Compartir en Twitter' rel=\"noopener\"><span class='avia_hidden_link_text'>Compartir en Twitter<\/span><\/a><\/li><li class='av-share-link av-social-link-whatsapp' ><a target=\"_blank\" aria-label=\"Compartir en Whatsapp\" href='https:\/\/api.whatsapp.com\/send?text=https:\/\/radiorevelacionfm.cl\/?p=38187' aria-hidden='false' data-av_icon='\uf232' data-av_iconfont='entypo-fontello' title='' data-avia-related-tooltip='Compartir en Whatsapp' rel=\"noopener\"><span class='avia_hidden_link_text'>Compartir en Whatsapp<\/span><\/a><\/li><li class='av-share-link av-social-link-linkedin' ><a target=\"_blank\" aria-label=\"Compartir en LinkedIn\" href='https:\/\/linkedin.com\/shareArticle?mini=true&#038;title=2.600%20vecinos%20y%20vecinas%20son%20beneficiados%20con%20la%20ejecuci%C3%B3n%20de%20diversas%20iniciativas%20en%20la%20comuna%20de%20R%C3%ADo%20Ib%C3%A1%C3%B1ez&#038;url=https:\/\/radiorevelacionfm.cl\/?p=38187' aria-hidden='false' data-av_icon='\ue8fc' data-av_iconfont='entypo-fontello' title='' data-avia-related-tooltip='Compartir en LinkedIn' rel=\"noopener\"><span class='avia_hidden_link_text'>Compartir en LinkedIn<\/span><\/a><\/li><li class='av-share-link av-social-link-mail' ><a  aria-label=\"Compartir por correo\" href='mailto:?subject=2.600%20vecinos%20y%20vecinas%20son%20beneficiados%20con%20la%20ejecuci%C3%B3n%20de%20diversas%20iniciativas%20en%20la%20comuna%20de%20R%C3%ADo%20Ib%C3%A1%C3%B1ez&#038;body=https:\/\/radiorevelacionfm.cl\/?p=38187' aria-hidden='false' data-av_icon='\ue805' data-av_iconfont='entypo-fontello' title='' data-avia-related-tooltip='Compartir por correo'><span class='avia_hidden_link_text'>Compartir por correo<\/span><\/a><\/li><\/ul><\/div><\/div>\n<div  style='height:50px' class='hr hr-invisible   avia-builder-el-8  el_after_av_social_share  el_before_av_comments_list '><span class='hr-inner ' ><span class='hr-inner-style'><\/span><\/span><\/div>\n<div  class='av-buildercomment  av-blog-meta-html-info-disabled av-blog-meta-tag-disabled  '><\/div>\n","protected":false},"excerpt":{"rendered":"","protected":false},"author":1,"featured_media":38188,"comment_status":"open","ping_status":"open","sticky":false,"template":"","format":"standard","meta":{"footnotes":""},"categories":[66],"tags":[],"class_list":["post-38187","post","type-post","status-publish","format-standard","has-post-thumbnail","hentry","category-obras-publicas"],"jetpack_featured_media_url":"https:\/\/radiorevelacionfm.cl\/wp-content\/uploads\/2023\/12\/FOTO-SSR-1-1.jpg","_links":{"self":[{"href":"https:\/\/radiorevelacionfm.cl\/index.php?rest_route=\/wp\/v2\/posts\/38187","targetHints":{"allow":["GET"]}}],"collection":[{"href":"https:\/\/radiorevelacionfm.cl\/index.php?rest_route=\/wp\/v2\/posts"}],"about":[{"href":"https:\/\/radiorevelacionfm.cl\/index.php?rest_route=\/wp\/v2\/types\/post"}],"author":[{"embeddable":true,"href":"https:\/\/radiorevelacionfm.cl\/index.php?rest_route=\/wp\/v2\/users\/1"}],"replies":[{"embeddable":true,"href":"https:\/\/radiorevelacionfm.cl\/index.php?rest_route=%2Fwp%2Fv2%2Fcomments&post=38187"}],"version-history":[{"count":1,"href":"https:\/\/radiorevelacionfm.cl\/index.php?rest_route=\/wp\/v2\/posts\/38187\/revisions"}],"predecessor-version":[{"id":38189,"href":"https:\/\/radiorevelacionfm.cl\/index.php?rest_route=\/wp\/v2\/posts\/38187\/revisions\/38189"}],"wp:featuredmedia":[{"embeddable":true,"href":"https:\/\/radiorevelacionfm.cl\/index.php?rest_route=\/wp\/v2\/media\/38188"}],"wp:attachment":[{"href":"https:\/\/radiorevelacionfm.cl\/index.php?rest_route=%2Fwp%2Fv2%2Fmedia&parent=38187"}],"wp:term":[{"taxonomy":"category","embeddable":true,"href":"https:\/\/radiorevelacionfm.cl\/index.php?rest_route=%2Fwp%2Fv2%2Fcategories&post=38187"},{"taxonomy":"post_tag","embeddable":true,"href":"https:\/\/radiorevelacionfm.cl\/index.php?rest_route=%2Fwp%2Fv2%2Ftags&post=38187"}],"curies":[{"name":"wp","href":"https:\/\/api.w.org\/{rel}","templated":true}]}}