{"id":38181,"date":"2023-12-20T13:58:50","date_gmt":"2023-12-20T16:58:50","guid":{"rendered":"https:\/\/radiorevelacionfm.cl\/?p=38181"},"modified":"2023-12-20T13:58:50","modified_gmt":"2023-12-20T16:58:50","slug":"festival-del-calafate-un-deleite-disfrutar-de-nuestro-fruto-patagon","status":"publish","type":"post","link":"https:\/\/radiorevelacionfm.cl\/?p=38181","title":{"rendered":"Festival del calafate: Un deleite disfrutar de nuestro fruto patag\u00f3n"},"content":{"rendered":"<div class=\"flex_column av_one_full  flex_column_div av-zero-column-padding first  avia-builder-el-0  el_before_av_one_full  avia-builder-el-first  \" style='border-radius:0px; '><div  class='avia-image-container  av-styling-    avia-builder-el-1  avia-builder-el-no-sibling  avia-align-center '  itemprop=\"image\" itemscope=\"itemscope\" itemtype=\"https:\/\/schema.org\/ImageObject\"  ><div class='avia-image-container-inner'><div class='avia-image-overlay-wrap'><img decoding=\"async\" class='wp-image-38182 avia-img-lazy-loading-not-38182 avia_image' src=\"https:\/\/radiorevelacionfm.cl\/wp-content\/uploads\/2023\/12\/20231216_134427-1_optimized.jpg\" alt='' title='20231216_134427-(1)_optimized' height=\"600\" width=\"800\"  itemprop=\"thumbnailUrl\" srcset=\"https:\/\/radiorevelacionfm.cl\/wp-content\/uploads\/2023\/12\/20231216_134427-1_optimized.jpg 800w, https:\/\/radiorevelacionfm.cl\/wp-content\/uploads\/2023\/12\/20231216_134427-1_optimized-300x225.jpg 300w, https:\/\/radiorevelacionfm.cl\/wp-content\/uploads\/2023\/12\/20231216_134427-1_optimized-768x576.jpg 768w, https:\/\/radiorevelacionfm.cl\/wp-content\/uploads\/2023\/12\/20231216_134427-1_optimized-705x529.jpg 705w, https:\/\/radiorevelacionfm.cl\/wp-content\/uploads\/2023\/12\/20231216_134427-1_optimized-450x338.jpg 450w, https:\/\/radiorevelacionfm.cl\/wp-content\/uploads\/2023\/12\/20231216_134427-1_optimized-600x450.jpg 600w\" sizes=\"(max-width: 800px) 100vw, 800px\" \/><\/div><\/div><\/div><\/div><div class=\"flex_column av_one_full  flex_column_div av-zero-column-padding first  avia-builder-el-2  el_after_av_one_full  el_before_av_one_full  column-top-margin\" style='border-radius:0px; '><section class=\"av_textblock_section \"  itemscope=\"itemscope\" itemtype=\"https:\/\/schema.org\/BlogPosting\" itemprop=\"blogPost\" ><div class='avia_textblock  '   itemprop=\"text\" ><p style=\"text-align: center;\"><span style=\"font-size: 18pt;\"><strong>Festival del calafate: Un deleite disfrutar de nuestro fruto patag\u00f3n<\/strong><\/span><\/p>\n<div id=\"gtx-trans\" style=\"position: absolute; left: -50px; top: 4.31534px;\">\n<div class=\"gtx-trans-icon\"><\/div>\n<\/div>\n<\/div><\/section><\/div><div class=\"flex_column av_one_full  flex_column_div av-zero-column-padding first  avia-builder-el-4  el_after_av_one_full  el_before_av_hr  column-top-margin\" style='border-radius:0px; '><section class=\"av_textblock_section \"  itemscope=\"itemscope\" itemtype=\"https:\/\/schema.org\/BlogPosting\" itemprop=\"blogPost\" ><div class='avia_textblock  '   itemprop=\"text\" ><p style=\"text-align: justify;\">Con el motivo de promover el comercio de los productos a base de calafate y provocar turismo a la localidad de Villa Los Torreones, el pasado fin de semana se realiz\u00f3 el primer \u201cFestival del Calafate\u201d en la localidad aysenina.<\/p>\n<p style=\"text-align: justify;\">El calafate es catalogado como uno de los frutos patrimonio de la Patagonia, adem\u00e1s de ser uno de los alimentos silvestres con mayor cantidad de antioxidantes, lo que retrasa la vejez.<\/p>\n<p style=\"text-align: justify;\">Por la tanto, la Municipalidad de Ays\u00e9n a trav\u00e9s de su programa de Desarrollo Econ\u00f3mico Local, se empe\u00f1\u00f3 en buscar el financiamiento del FNDR 8% del Gobierno Regional para realizar este festival para celebrar a este fruto.<\/p>\n<p style=\"text-align: justify;\">Alcalde de Ays\u00e9n, Julio Uribe Alvarado, coment\u00f3 sobre la importancia y realizaci\u00f3n de este evento, \u201cdebemos tener en valor lo nuestro y a trav\u00e9s de estas ferias y el financiamiento del 8% de Gobierno Regional, nosotros hoy podemos contar con estos espacios que antes no exist\u00edan y ahora estamos abriendo estas instancias para que venga toda la regi\u00f3n a participar con eventos culturales tambi\u00e9n, tenemos conjuntos folcl\u00f3ricos y bandas locales a la que se da oportunidad para que puedan participar y tratarlos como verdaderos artistas\u201d.<\/p>\n<p style=\"text-align: justify;\">\u201cInvitamos tambi\u00e9n a hacerse parte cuando sigamos haciendo estos espacios, ferias, encuentros con la comunidad\u201d, concluy\u00f3 el edil.<\/p>\n<p style=\"text-align: justify;\">Villa Los Torreones fue la localidad escogida para admitir este hito, sobre todo por ser un lugar donde viven varios productores y campesinos dispuestos a vender los productos a la gente, adem\u00e1s de ser un lugar con bastante visibilidad por su ubicaci\u00f3n entre la carretera que une a Puerto Ays\u00e9n con la ciudad de Coyhaique.<\/p>\n<p style=\"text-align: justify;\">Carlos Negue, emprendedor de Villa Los Torreones, dio su visi\u00f3n de la iniciativa como local del lugar, \u201cen primer lugar, agradecer al municipio porque este tipo de actividades, de poder llegar a trav\u00e9s de las ferias campesinas, a los consumidores, a la gente del sector y turista de otras partes del pa\u00eds se llevan productos, nos hace sentir muy complacidos. Imaginar que gran parte de mi vida la hice ac\u00e1 y en los poco m\u00e1s de cuarenta a\u00f1os que tengo no hab\u00eda visto este tipo de actividades\u201d.<\/p>\n<p style=\"text-align: justify;\">La jornada, adem\u00e1s de incluir a vendedores conocidos por las ferias del campesino realizadas por la municipalidad, trajo al grupo folcl\u00f3rico \u201cChiloaysen\u201d, a la banda de \u201cJaime y su clan Patag\u00f3n\u201d, la tejida y seguido sorteo de un telar comunitario y una competencia de rayuela.<\/p>\n<p style=\"text-align: justify;\">Pablo Coliboro, coordinador del programa desarrollo econ\u00f3mico local, manifest\u00f3 el motivo de iniciar este proyecto, \u201cesta iniciativa tiene un valor especial, hoy le damos una importancia al lugar, al destino de Villa Los Torreones, pero tambi\u00e9n colocamos un m\u00e9rito al producto forestal no maderero que es el calafate, que sabemos que se da en forma silvestre y que tiene un potencial que todav\u00eda estamos viendo como va creciendo, por lo tanto, invitamos a la comunidad a cuidar este fruto porque tiene una gran capacidad econ\u00f3mica y de desarrollo, que viene tambi\u00e9n a ayudar a quienes trabajan con este producto\u201d.<\/p>\n<p style=\"text-align: justify;\">Las exceptivas son altas para el pr\u00f3ximo a\u00f1o y se espera mejorar en cuanto a la convocatoria y actividades, pero desde la municipalidad apuntan a que se pueda comenzar con una tradici\u00f3n que cale hondo en el patrimonio aysenino.<\/p>\n<\/div><\/section><\/div><div  style='height:50px' class='hr hr-invisible   avia-builder-el-6  el_after_av_one_full  el_before_av_social_share '><span class='hr-inner ' ><span class='hr-inner-style'><\/span><\/span><\/div><\/p>\n<div  class='av-social-sharing-box  avia-builder-el-7  el_after_av_hr  el_before_av_hr  '><div class='av-share-box'><h5 class='av-share-link-description av-no-toc '>Compartir esta noticia<\/h5><ul class='av-share-box-list noLightbox'><li class='av-share-link av-social-link-facebook' ><a target=\"_blank\" aria-label=\"Compartir en Facebook\" href='https:\/\/www.facebook.com\/sharer.php?u=https:\/\/radiorevelacionfm.cl\/?p=38181&#038;t=Festival%20del%20calafate%3A%20Un%20deleite%20disfrutar%20de%20nuestro%20fruto%20patag%C3%B3n' aria-hidden='false' data-av_icon='\ue8f3' data-av_iconfont='entypo-fontello' title='' data-avia-related-tooltip='Compartir en Facebook' rel=\"noopener\"><span class='avia_hidden_link_text'>Compartir en Facebook<\/span><\/a><\/li><li class='av-share-link av-social-link-twitter' ><a target=\"_blank\" aria-label=\"Compartir en Twitter\" href='https:\/\/twitter.com\/share?text=Festival%20del%20calafate%3A%20Un%20deleite%20disfrutar%20de%20nuestro%20fruto%20patag%C3%B3n&#038;url=https:\/\/radiorevelacionfm.cl\/?p=38181' aria-hidden='false' data-av_icon='\ue8f1' data-av_iconfont='entypo-fontello' title='' data-avia-related-tooltip='Compartir en Twitter' rel=\"noopener\"><span class='avia_hidden_link_text'>Compartir en Twitter<\/span><\/a><\/li><li class='av-share-link av-social-link-whatsapp' ><a target=\"_blank\" aria-label=\"Compartir en Whatsapp\" href='https:\/\/api.whatsapp.com\/send?text=https:\/\/radiorevelacionfm.cl\/?p=38181' aria-hidden='false' data-av_icon='\uf232' data-av_iconfont='entypo-fontello' title='' data-avia-related-tooltip='Compartir en Whatsapp' rel=\"noopener\"><span class='avia_hidden_link_text'>Compartir en Whatsapp<\/span><\/a><\/li><li class='av-share-link av-social-link-linkedin' ><a target=\"_blank\" aria-label=\"Compartir en LinkedIn\" href='https:\/\/linkedin.com\/shareArticle?mini=true&#038;title=Festival%20del%20calafate%3A%20Un%20deleite%20disfrutar%20de%20nuestro%20fruto%20patag%C3%B3n&#038;url=https:\/\/radiorevelacionfm.cl\/?p=38181' aria-hidden='false' data-av_icon='\ue8fc' data-av_iconfont='entypo-fontello' title='' data-avia-related-tooltip='Compartir en LinkedIn' rel=\"noopener\"><span class='avia_hidden_link_text'>Compartir en LinkedIn<\/span><\/a><\/li><li class='av-share-link av-social-link-mail' ><a  aria-label=\"Compartir por correo\" href='mailto:?subject=Festival%20del%20calafate%3A%20Un%20deleite%20disfrutar%20de%20nuestro%20fruto%20patag%C3%B3n&#038;body=https:\/\/radiorevelacionfm.cl\/?p=38181' aria-hidden='false' data-av_icon='\ue805' data-av_iconfont='entypo-fontello' title='' data-avia-related-tooltip='Compartir por correo'><span class='avia_hidden_link_text'>Compartir por correo<\/span><\/a><\/li><\/ul><\/div><\/div>\n<div  style='height:50px' class='hr hr-invisible   avia-builder-el-8  el_after_av_social_share  el_before_av_comments_list '><span class='hr-inner ' ><span class='hr-inner-style'><\/span><\/span><\/div>\n<div  class='av-buildercomment  av-blog-meta-html-info-disabled av-blog-meta-tag-disabled  '><\/div>\n","protected":false},"excerpt":{"rendered":"","protected":false},"author":1,"featured_media":38182,"comment_status":"open","ping_status":"open","sticky":false,"template":"","format":"standard","meta":{"footnotes":""},"categories":[38],"tags":[],"class_list":["post-38181","post","type-post","status-publish","format-standard","has-post-thumbnail","hentry","category-regional"],"jetpack_featured_media_url":"https:\/\/radiorevelacionfm.cl\/wp-content\/uploads\/2023\/12\/20231216_134427-1_optimized.jpg","_links":{"self":[{"href":"https:\/\/radiorevelacionfm.cl\/index.php?rest_route=\/wp\/v2\/posts\/38181","targetHints":{"allow":["GET"]}}],"collection":[{"href":"https:\/\/radiorevelacionfm.cl\/index.php?rest_route=\/wp\/v2\/posts"}],"about":[{"href":"https:\/\/radiorevelacionfm.cl\/index.php?rest_route=\/wp\/v2\/types\/post"}],"author":[{"embeddable":true,"href":"https:\/\/radiorevelacionfm.cl\/index.php?rest_route=\/wp\/v2\/users\/1"}],"replies":[{"embeddable":true,"href":"https:\/\/radiorevelacionfm.cl\/index.php?rest_route=%2Fwp%2Fv2%2Fcomments&post=38181"}],"version-history":[{"count":1,"href":"https:\/\/radiorevelacionfm.cl\/index.php?rest_route=\/wp\/v2\/posts\/38181\/revisions"}],"predecessor-version":[{"id":38183,"href":"https:\/\/radiorevelacionfm.cl\/index.php?rest_route=\/wp\/v2\/posts\/38181\/revisions\/38183"}],"wp:featuredmedia":[{"embeddable":true,"href":"https:\/\/radiorevelacionfm.cl\/index.php?rest_route=\/wp\/v2\/media\/38182"}],"wp:attachment":[{"href":"https:\/\/radiorevelacionfm.cl\/index.php?rest_route=%2Fwp%2Fv2%2Fmedia&parent=38181"}],"wp:term":[{"taxonomy":"category","embeddable":true,"href":"https:\/\/radiorevelacionfm.cl\/index.php?rest_route=%2Fwp%2Fv2%2Fcategories&post=38181"},{"taxonomy":"post_tag","embeddable":true,"href":"https:\/\/radiorevelacionfm.cl\/index.php?rest_route=%2Fwp%2Fv2%2Ftags&post=38181"}],"curies":[{"name":"wp","href":"https:\/\/api.w.org\/{rel}","templated":true}]}}