{"id":3818,"date":"2021-05-05T13:09:18","date_gmt":"2021-05-05T16:09:18","guid":{"rendered":"https:\/\/radiorevelacionfm.cl\/?p=3818"},"modified":"2021-05-05T13:09:18","modified_gmt":"2021-05-05T16:09:18","slug":"para-impulsar-el-comercio-y-el-turismo-diputado-calisto-solicita-a-ministro-de-salud-flexibilizar-aforos","status":"publish","type":"post","link":"https:\/\/radiorevelacionfm.cl\/?p=3818","title":{"rendered":"Para impulsar el comercio y el turismo diputado Calisto solicita a Ministro de Salud flexibilizar aforos"},"content":{"rendered":"<div class=\"flex_column av_one_full  flex_column_div av-zero-column-padding first  avia-builder-el-0  el_before_av_one_full  avia-builder-el-first  \" style='border-radius:0px; '><div  class='avia-image-container  av-styling-    avia-builder-el-1  avia-builder-el-no-sibling  avia-align-center '  itemprop=\"image\" itemscope=\"itemscope\" itemtype=\"https:\/\/schema.org\/ImageObject\"  ><div class='avia-image-container-inner'><div class='avia-image-overlay-wrap'><img decoding=\"async\" class='wp-image-0 avia-img-lazy-loading-not-0 avia_image' src=\"https:\/\/radiorevelacionfm.cl\/wp-content\/uploads\/2021\/05\/con-ministro-salud_optimized.jpg\" alt='' title=''   itemprop=\"thumbnailUrl\"  \/><\/div><\/div><\/div><\/div><div class=\"flex_column av_one_full  flex_column_div av-zero-column-padding first  avia-builder-el-2  el_after_av_one_full  el_before_av_one_full  column-top-margin\" style='border-radius:0px; '><section class=\"av_textblock_section \"  itemscope=\"itemscope\" itemtype=\"https:\/\/schema.org\/BlogPosting\" itemprop=\"blogPost\" ><div class='avia_textblock  '   itemprop=\"text\" ><p style=\"text-align: center;\"><strong><span style=\"font-size: 18pt;\">Para impulsar el comercio y el turismo diputado Calisto solicita a Ministro de Salud flexibilizar aforos <\/span><\/strong><\/p>\n<div id=\"gtx-trans\" style=\"position: absolute; left: -50px; top: 4.31534px;\">\n<div class=\"gtx-trans-icon\"><\/div>\n<\/div>\n<\/div><\/section><\/div><div class=\"flex_column av_one_full  flex_column_div av-zero-column-padding first  avia-builder-el-4  el_after_av_one_full  el_before_av_hr  column-top-margin\" style='border-radius:0px; '><section class=\"av_textblock_section \"  itemscope=\"itemscope\" itemtype=\"https:\/\/schema.org\/BlogPosting\" itemprop=\"blogPost\" ><div class='avia_textblock  '   itemprop=\"text\" ><p style=\"font-weight: 400; text-align: justify;\">Consciente de los estragos econ\u00f3micos que han generado las disposiciones sanitarias en las Pymes del comercio, la gastronom\u00eda y el turismo, el diputado Miguel \u00c1ngel Calisto se reuni\u00f3 con el Ministro de Salud, Enrique Paris, instancia en la que le pidi\u00f3 flexibilizar algunas medidas como los aforos permitidos, adem\u00e1s de valorar la propuesta del ejecutivo de crear un \u201ccarnet verde\u201d.<\/p>\n<p style=\"font-weight: 400; text-align: justify;\">Seg\u00fan el legislador, \u201chemos reiterado en m\u00faltiples ocasiones nuestra preocupaci\u00f3n por los gremios gastron\u00f3micos, del turismo y del comercio por las restricciones que existen producto del aforo que se permite por las medidas sanitarias. Por estos motivos, nos reunimos con el Ministro de Salud para plantearle esta preocupaci\u00f3n y pedirle que se permitan algunas medidas de flexibilidad para que puedan funcionar de mejor forma y estas actividades econ\u00f3micas no se paralicen\u201d.<\/p>\n<p style=\"font-weight: 400; text-align: justify;\">Calisto agreg\u00f3 que \u201cpor eso, estamos respaldando la propuesta del gobierno de la tarjeta o carnet verde, que va a permitir identificar a las personas que ya est\u00e1n vacunadas. Con este documento se podr\u00edan flexibilizar los aforos, tanto para clientes de los caf\u00e9s, restaurant y hospedajes, como tambi\u00e9n para los trabajadores.<\/p>\n<p style=\"font-weight: 400; text-align: justify;\">Creo que esta medida es importante para ir poco a poco ir flexibilizando las medidas y as\u00ed entregar las herramientas para que nuestra clase media, las Pymes y micro y peque\u00f1as empresas no quiebren como hoy en d\u00eda siguen siendo afectadas brutamente por la pandemia y las restricciones impuestas por la autoridad sanitaria.<\/p>\n<p style=\"text-align: justify;\"><span style=\"font-weight: 400;\">Recordemos que un 73% de los emprendedores, que generan un gran porcentaje del empleo en nuestro pa\u00eds y en la regi\u00f3n, han se\u00f1alado que desde el inicio de la pandemia han disminuido sus ingresos a menos de la mitad. Ester es un golpe importante a la econom\u00eda de esas familias y la de sus trabajadores. Por lo tanto, es fundamental avanzar en la flexibilizaci\u00f3n de las medidas sanitarias que apunten a reactivar a las Pymes.<\/span><\/p>\n<\/div><\/section><\/div><div  style='height:50px' class='hr hr-invisible   avia-builder-el-6  el_after_av_one_full  el_before_av_social_share '><span class='hr-inner ' ><span class='hr-inner-style'><\/span><\/span><\/div><\/p>\n<div  class='av-social-sharing-box  avia-builder-el-7  el_after_av_hr  el_before_av_hr  '><div class='av-share-box'><h5 class='av-share-link-description av-no-toc '>Compartir esta noticia<\/h5><ul class='av-share-box-list noLightbox'><li class='av-share-link av-social-link-facebook' ><a target=\"_blank\" aria-label=\"Compartir en Facebook\" href='https:\/\/www.facebook.com\/sharer.php?u=https:\/\/radiorevelacionfm.cl\/?p=3818&#038;t=Para%20impulsar%20el%20comercio%20y%20el%20turismo%20diputado%20Calisto%20solicita%20a%20Ministro%20de%20Salud%20flexibilizar%20aforos' aria-hidden='false' data-av_icon='\ue8f3' data-av_iconfont='entypo-fontello' title='' data-avia-related-tooltip='Compartir en Facebook' rel=\"noopener\"><span class='avia_hidden_link_text'>Compartir en Facebook<\/span><\/a><\/li><li class='av-share-link av-social-link-twitter' ><a target=\"_blank\" aria-label=\"Compartir en Twitter\" href='https:\/\/twitter.com\/share?text=Para%20impulsar%20el%20comercio%20y%20el%20turismo%20diputado%20Calisto%20solicita%20a%20Ministro%20de%20Salud%20flexibilizar%20aforos&#038;url=https:\/\/radiorevelacionfm.cl\/?p=3818' aria-hidden='false' data-av_icon='\ue8f1' data-av_iconfont='entypo-fontello' title='' data-avia-related-tooltip='Compartir en Twitter' rel=\"noopener\"><span class='avia_hidden_link_text'>Compartir en Twitter<\/span><\/a><\/li><li class='av-share-link av-social-link-whatsapp' ><a target=\"_blank\" aria-label=\"Compartir en Whatsapp\" href='https:\/\/api.whatsapp.com\/send?text=https:\/\/radiorevelacionfm.cl\/?p=3818' aria-hidden='false' data-av_icon='\uf232' data-av_iconfont='entypo-fontello' title='' data-avia-related-tooltip='Compartir en Whatsapp' rel=\"noopener\"><span class='avia_hidden_link_text'>Compartir en Whatsapp<\/span><\/a><\/li><li class='av-share-link av-social-link-linkedin' ><a target=\"_blank\" aria-label=\"Compartir en LinkedIn\" href='https:\/\/linkedin.com\/shareArticle?mini=true&#038;title=Para%20impulsar%20el%20comercio%20y%20el%20turismo%20diputado%20Calisto%20solicita%20a%20Ministro%20de%20Salud%20flexibilizar%20aforos&#038;url=https:\/\/radiorevelacionfm.cl\/?p=3818' aria-hidden='false' data-av_icon='\ue8fc' data-av_iconfont='entypo-fontello' title='' data-avia-related-tooltip='Compartir en LinkedIn' rel=\"noopener\"><span class='avia_hidden_link_text'>Compartir en LinkedIn<\/span><\/a><\/li><li class='av-share-link av-social-link-mail' ><a  aria-label=\"Compartir por correo\" href='mailto:?subject=Para%20impulsar%20el%20comercio%20y%20el%20turismo%20diputado%20Calisto%20solicita%20a%20Ministro%20de%20Salud%20flexibilizar%20aforos&#038;body=https:\/\/radiorevelacionfm.cl\/?p=3818' aria-hidden='false' data-av_icon='\ue805' data-av_iconfont='entypo-fontello' title='' data-avia-related-tooltip='Compartir por correo'><span class='avia_hidden_link_text'>Compartir por correo<\/span><\/a><\/li><\/ul><\/div><\/div>\n<div  style='height:50px' class='hr hr-invisible   avia-builder-el-8  el_after_av_social_share  el_before_av_comments_list '><span class='hr-inner ' ><span class='hr-inner-style'><\/span><\/span><\/div>\n<div  class='av-buildercomment  av-blog-meta-html-info-disabled av-blog-meta-tag-disabled  '><\/div>\n","protected":false},"excerpt":{"rendered":"","protected":false},"author":1,"featured_media":0,"comment_status":"open","ping_status":"open","sticky":false,"template":"","format":"standard","meta":{"footnotes":""},"categories":[35],"tags":[],"class_list":["post-3818","post","type-post","status-publish","format-standard","hentry","category-politica"],"jetpack_featured_media_url":"","_links":{"self":[{"href":"https:\/\/radiorevelacionfm.cl\/index.php?rest_route=\/wp\/v2\/posts\/3818","targetHints":{"allow":["GET"]}}],"collection":[{"href":"https:\/\/radiorevelacionfm.cl\/index.php?rest_route=\/wp\/v2\/posts"}],"about":[{"href":"https:\/\/radiorevelacionfm.cl\/index.php?rest_route=\/wp\/v2\/types\/post"}],"author":[{"embeddable":true,"href":"https:\/\/radiorevelacionfm.cl\/index.php?rest_route=\/wp\/v2\/users\/1"}],"replies":[{"embeddable":true,"href":"https:\/\/radiorevelacionfm.cl\/index.php?rest_route=%2Fwp%2Fv2%2Fcomments&post=3818"}],"version-history":[{"count":1,"href":"https:\/\/radiorevelacionfm.cl\/index.php?rest_route=\/wp\/v2\/posts\/3818\/revisions"}],"predecessor-version":[{"id":3820,"href":"https:\/\/radiorevelacionfm.cl\/index.php?rest_route=\/wp\/v2\/posts\/3818\/revisions\/3820"}],"wp:attachment":[{"href":"https:\/\/radiorevelacionfm.cl\/index.php?rest_route=%2Fwp%2Fv2%2Fmedia&parent=3818"}],"wp:term":[{"taxonomy":"category","embeddable":true,"href":"https:\/\/radiorevelacionfm.cl\/index.php?rest_route=%2Fwp%2Fv2%2Fcategories&post=3818"},{"taxonomy":"post_tag","embeddable":true,"href":"https:\/\/radiorevelacionfm.cl\/index.php?rest_route=%2Fwp%2Fv2%2Ftags&post=3818"}],"curies":[{"name":"wp","href":"https:\/\/api.w.org\/{rel}","templated":true}]}}