{"id":38178,"date":"2023-12-20T14:32:19","date_gmt":"2023-12-20T17:32:19","guid":{"rendered":"https:\/\/radiorevelacionfm.cl\/?p=38178"},"modified":"2023-12-20T14:32:19","modified_gmt":"2023-12-20T17:32:19","slug":"ellos-confian-en-ti-gobierno-lanza-campana-para-incentivar-la-tenencia-responsable-de-animales-de-compania","status":"publish","type":"post","link":"https:\/\/radiorevelacionfm.cl\/?p=38178","title":{"rendered":"\u2018\u2019Ellos Conf\u00edan en Ti\u2019\u2019: Gobierno lanza campa\u00f1a para incentivar la tenencia responsable de animales de compa\u00f1\u00eda"},"content":{"rendered":"<div class=\"flex_column av_one_full  flex_column_div av-zero-column-padding first  avia-builder-el-0  el_before_av_one_full  avia-builder-el-first  \" style='border-radius:0px; '><div  class='avia-image-container  av-styling-    avia-builder-el-1  avia-builder-el-no-sibling  avia-align-center '  itemprop=\"image\" itemscope=\"itemscope\" itemtype=\"https:\/\/schema.org\/ImageObject\"  ><div class='avia-image-container-inner'><div class='avia-image-overlay-wrap'><img decoding=\"async\" class='wp-image-38179 avia-img-lazy-loading-not-38179 avia_image' src=\"https:\/\/radiorevelacionfm.cl\/wp-content\/uploads\/2023\/12\/tenencia-de-mascotas-1.jpg\" alt='' title='tenencia de mascotas (1)' height=\"600\" width=\"1086\"  itemprop=\"thumbnailUrl\" srcset=\"https:\/\/radiorevelacionfm.cl\/wp-content\/uploads\/2023\/12\/tenencia-de-mascotas-1.jpg 1086w, https:\/\/radiorevelacionfm.cl\/wp-content\/uploads\/2023\/12\/tenencia-de-mascotas-1-300x166.jpg 300w, https:\/\/radiorevelacionfm.cl\/wp-content\/uploads\/2023\/12\/tenencia-de-mascotas-1-1030x569.jpg 1030w, https:\/\/radiorevelacionfm.cl\/wp-content\/uploads\/2023\/12\/tenencia-de-mascotas-1-768x424.jpg 768w, https:\/\/radiorevelacionfm.cl\/wp-content\/uploads\/2023\/12\/tenencia-de-mascotas-1-705x390.jpg 705w, https:\/\/radiorevelacionfm.cl\/wp-content\/uploads\/2023\/12\/tenencia-de-mascotas-1-450x249.jpg 450w, https:\/\/radiorevelacionfm.cl\/wp-content\/uploads\/2023\/12\/tenencia-de-mascotas-1-600x331.jpg 600w\" sizes=\"(max-width: 1086px) 100vw, 1086px\" \/><\/div><\/div><\/div><\/div><div class=\"flex_column av_one_full  flex_column_div av-zero-column-padding first  avia-builder-el-2  el_after_av_one_full  el_before_av_one_full  column-top-margin\" style='border-radius:0px; '><section class=\"av_textblock_section \"  itemscope=\"itemscope\" itemtype=\"https:\/\/schema.org\/BlogPosting\" itemprop=\"blogPost\" ><div class='avia_textblock  '   itemprop=\"text\" ><h2 class=\"title\" style=\"text-align: center;\"><strong><span style=\"font-size: 18pt;\">\u2018\u2019Ellos Conf\u00edan en Ti\u2019\u2019: Gobierno lanza campa\u00f1a para incentivar la tenencia responsable de animales de compa\u00f1\u00eda<\/span><\/strong><\/h2>\n<div id=\"gtx-trans\" style=\"position: absolute; left: -50px; top: 4.31534px;\">\n<div class=\"gtx-trans-icon\"><\/div>\n<\/div>\n<\/div><\/section><\/div><div class=\"flex_column av_one_full  flex_column_div av-zero-column-padding first  avia-builder-el-4  el_after_av_one_full  el_before_av_hr  column-top-margin\" style='border-radius:0px; '><section class=\"av_textblock_section \"  itemscope=\"itemscope\" itemtype=\"https:\/\/schema.org\/BlogPosting\" itemprop=\"blogPost\" ><div class='avia_textblock  '   itemprop=\"text\" ><p dir=\"ltr\" style=\"text-align: justify;\" role=\"presentation\"><em>Los cuidados, su registro en el sistema, la responsabilidad comunitaria y el evitar los delitos de abandono y maltrato animal son parte de los objetivos que tiene esta campa\u00f1a que se realiza a trav\u00e9s del Programa de Tenencia Responsable de Animales de Compa\u00f1\u00eda (PTRAC) de la Subsecretar\u00eda de Desarrollo Regional y Administrativo (Subdere).<\/em><\/p>\n<p dir=\"ltr\" style=\"text-align: justify;\" role=\"presentation\"><em>A la fecha, el Registro Nacional de Animales de Compa\u00f1\u00eda cuenta con un total de 2.433.603 inscritos entre perros y gatos en el pa\u00eds. Adem\u00e1s, se han financiado m\u00e1s de 1.500 proyectos de esterilizaci\u00f3n.<\/em><\/p>\n<p dir=\"ltr\" style=\"text-align: justify;\">\u2018\u2019Ellos Conf\u00edan en Ti\u2019\u2019 es la campa\u00f1a que lanz\u00f3 este martes la Subsecretar\u00eda de Desarrollo Regional y Administrativo (Subdere), por medio del Programa de Tenencia Responsable de Animales de Compa\u00f1\u00eda (PTRAC), que tiene como objetivo generar conciencia respecto de las distintas aristas que componen la tenencia responsable, como los cuidados, la inscripci\u00f3n en el registro, la responsabilidad comunitaria y denunciar los delitos de abandono y maltrato animal, aspectos contenidos en la Ley 21.020 promulgada el 2 de agosto de 2017, conocida como la \u2018\u2019Ley Cholito\u2019\u2019.<\/p>\n<p dir=\"ltr\" style=\"text-align: justify;\">La actividad de lanzamiento se realiz\u00f3 en San Joaqu\u00edn, con un operativo de vacunaci\u00f3n antirr\u00e1bica para perros y gatos, donde tambi\u00e9n se present\u00f3 el spot de la campa\u00f1a. La actividad fue encabezada por la subsecretaria de Desarrollo Regional y Administrativo, Francisca Perales, junto a la ministra secretaria general de Gobierno, Camila Vallejo, el alcalde de San Joaqu\u00edn, Crist\u00f3bal Labra, y el seremi de Salud de la Regi\u00f3n Metropolitana, Gonzalo Soto.<\/p>\n<p dir=\"ltr\" style=\"text-align: justify;\">\u2018\u2019Hoy iniciamos esta campa\u00f1a que permite sensibilizar sobre la responsabilidad que conlleva tener animales de compa\u00f1\u00eda, y desde Subdere somos el organismo que est\u00e1 promoviendo la tenencia responsable y el cumpliento de la Ley 21.020 que permite abordar las distintas aristas sobre esta materia. Es importante que se pueda visibilizar este mensaje, porque la tenencia responsable es un compromiso de toda la sociedad en su conjunto, por lo que continuaremos fortaleciendo este tipo de iniciativas\u2019\u2019, destac\u00f3 la subsecretaria Francisca Perales.<\/p>\n<p dir=\"ltr\" style=\"text-align: justify;\">\u201cLos animales no son adornos y no son simplemente una compa\u00f1\u00eda ya que pueden sufrir cuando no se les cuida como corresponde. Por lo tanto, tomar conciencia no es solo entender que el maltrato animal, la violencia y el abandono es un delito porque la ley lo dice, sino porque tiene consecuencias para esos animales y esta campa\u00f1a \u201cEllos conf\u00edan en ti\u201d busca reforzar la cultura de los cuidados y de la responsabilidad. Desde el Gobierno y tambi\u00e9n desde la ciudadan\u00eda podemos ser agentes de cambio y marcar la diferencia con un perrito, gatito u otro animal\u00bb, se\u00f1al\u00f3 la ministra Vallejo.<\/p>\n<p dir=\"ltr\" style=\"text-align: justify;\">Por su parte, el alcalde de San Joaqu\u00edn, Crist\u00f3bal Labra se\u00f1al\u00f3 que \u2018\u2019tenemos una responsabilidad con nuestros animales y nosotros desde la comuna la estamos desarrollando. Presentamos el primer centro de salud y atenci\u00f3n veterinaria de Chile, es la primera cl\u00ednica que va a atender emergencias las 24 horas. Agradecer al Gobierno de Chile ya que se est\u00e1 preocupando de algo que es trascendental, hoy d\u00eda tenemos m\u00e1s de 1.000 esterilizaciones y estamos instalando 1.000 microchip\u2019\u2019.<\/p>\n<p dir=\"ltr\" style=\"text-align: justify;\">La campa\u00f1a #EllosConf\u00edanEnTi contar\u00e1 con un spot de televisi\u00f3n y frases radiales, a trav\u00e9s de se busca hacer un llamado a la responsabilidad y compromiso de todas y todos con la tendencia responsable. Adem\u00e1s, para conocer diferentes consejos para el cuidado y protecci\u00f3n de los animales de compa\u00f1\u00eda, se puede visitar la web <a id=\"m_583716650729290235576796365\" href=\"https:\/\/nts.embluemail.com\/p\/cl?data=yj4Nwq8tOw8Tn0DACfdQusQBbOsI4k6h7pP2frpqhZYQrQVTAQghQ6pgJOy0KjtUUd2Ed9u%2F%2Bl2QmLX0Bbn5Zj88Sizm0UWj4HbByEqj9DQ%3D!-!aj3!-!http%3A%2F%2Fwww.tenenciaresponsablemascotas.cl%3Futm_source=emBlue%26utm_medium=email%26utm_campaign=Comunicado+Subdere%26utm_content=Campa%C3%B1a+PTRAC+dic+2013--%E2%80%98%E2%80%99Ellos+Conf%C3%ADan+en+Ti%E2%80%99%E2%80%99%3A+Gobierno+lanza+campa%C3%B1a+para+incentivar+la+tenencia+responsable+de+animal...%26utm_term=2023+Pautas+y+comunicados%3A+todo+el+pa%C3%ADs--7--none--70-80--ENVIO+SIMPLE\" target=\"_blank\" rel=\"noopener\" data-saferedirecturl=\"https:\/\/www.google.com\/url?q=https:\/\/nts.embluemail.com\/p\/cl?data%3Dyj4Nwq8tOw8Tn0DACfdQusQBbOsI4k6h7pP2frpqhZYQrQVTAQghQ6pgJOy0KjtUUd2Ed9u%252F%252Bl2QmLX0Bbn5Zj88Sizm0UWj4HbByEqj9DQ%253D!-!aj3!-!http%253A%252F%252Fwww.tenenciaresponsablemascotas.cl%253Futm_source%3DemBlue%2526utm_medium%3Demail%2526utm_campaign%3DComunicado%2BSubdere%2526utm_content%3DCampa%25C3%25B1a%2BPTRAC%2Bdic%2B2013--%25E2%2580%2598%25E2%2580%2599Ellos%2BConf%25C3%25ADan%2Ben%2BTi%25E2%2580%2599%25E2%2580%2599%253A%2BGobierno%2Blanza%2Bcampa%25C3%25B1a%2Bpara%2Bincentivar%2Bla%2Btenencia%2Bresponsable%2Bde%2Banimal...%2526utm_term%3D2023%2BPautas%2By%2Bcomunicados%253A%2Btodo%2Bel%2Bpa%25C3%25ADs--7--none--70-80--ENVIO%2BSIMPLE&amp;source=gmail&amp;ust=1703158715410000&amp;usg=AOvVaw2gCFeX9ZHIRnYZ1HS8V-tc\">www.<wbr \/>tenenciaresponsablemascotas.cl<\/a><wbr \/>.<\/p>\n<p dir=\"ltr\" style=\"text-align: justify;\">Identificar y registrar a los animales de compa\u00f1\u00eda son dos pasos que toda persona debe realizar de acuerdo a lo establecido en la Ley 21.020, y que resulta vital en caso de extrav\u00edo. Para ello, tras el implante de microchip (dispositivo interno, subcut\u00e1neo) se debe proceder a la inscripci\u00f3n en la plataforma virtual del Registro Nacional: <a id=\"m_583716650729290235576796366\" href=\"https:\/\/nts.embluemail.com\/p\/cl?data=98lhGDIAqFOOPD8R4xaS4T7oMNWjfeDZ7Fmcy7e6ijvtPjuSW%2FerYkaV4GTXTM16UABRJnJWq8FlHbjpFJ8e3SO0S%2Fp%2FktbeAo5%2FjQKw%2BjQ%3D!-!aj3!-!https%3A%2F%2Fregistratumascota.cl%2F%3Futm_source=emBlue%26utm_medium=email%26utm_campaign=Comunicado+Subdere%26utm_content=Campa%C3%B1a+PTRAC+dic+2013--%E2%80%98%E2%80%99Ellos+Conf%C3%ADan+en+Ti%E2%80%99%E2%80%99%3A+Gobierno+lanza+campa%C3%B1a+para+incentivar+la+tenencia+responsable+de+animal...%26utm_term=2023+Pautas+y+comunicados%3A+todo+el+pa%C3%ADs--7--none--70-80--ENVIO+SIMPLE\" target=\"_blank\" rel=\"noopener\" data-saferedirecturl=\"https:\/\/www.google.com\/url?q=https:\/\/nts.embluemail.com\/p\/cl?data%3D98lhGDIAqFOOPD8R4xaS4T7oMNWjfeDZ7Fmcy7e6ijvtPjuSW%252FerYkaV4GTXTM16UABRJnJWq8FlHbjpFJ8e3SO0S%252Fp%252FktbeAo5%252FjQKw%252BjQ%253D!-!aj3!-!https%253A%252F%252Fregistratumascota.cl%252F%253Futm_source%3DemBlue%2526utm_medium%3Demail%2526utm_campaign%3DComunicado%2BSubdere%2526utm_content%3DCampa%25C3%25B1a%2BPTRAC%2Bdic%2B2013--%25E2%2580%2598%25E2%2580%2599Ellos%2BConf%25C3%25ADan%2Ben%2BTi%25E2%2580%2599%25E2%2580%2599%253A%2BGobierno%2Blanza%2Bcampa%25C3%25B1a%2Bpara%2Bincentivar%2Bla%2Btenencia%2Bresponsable%2Bde%2Banimal...%2526utm_term%3D2023%2BPautas%2By%2Bcomunicados%253A%2Btodo%2Bel%2Bpa%25C3%25ADs--7--none--70-80--ENVIO%2BSIMPLE&amp;source=gmail&amp;ust=1703158715410000&amp;usg=AOvVaw1FAxbR1en-r7Z2OPkwMBdQ\">https:\/\/registratumascota.cl\/<\/a>.<\/p>\n<p dir=\"ltr\" style=\"text-align: justify;\">A la fecha se cuenta con un total de 2.433.603 animales de compa\u00f1\u00eda en el pa\u00eds, con\u00a01.784.176 perros y 649.427 gatos que han sido inscritos en el Registro Nacional de Mascotas o Animales de Compa\u00f1\u00eda.<\/p>\n<p dir=\"ltr\" style=\"text-align: justify;\">Adicionalmente, desde la Subdere se han financiamiento de m\u00e1s de 1.500 proyectos de esterilizaci\u00f3n canina y felina; la inscripci\u00f3n de 502 organizaciones inscritas en el Registro Nacional de Personas Jur\u00eddicas sin Fines de Lucro Promotoras de Tenencia Responsable que los habilita para postular a los Fondos Concursables de Subdere; financiamiento de m\u00e1s de 300 proyectos de organizaciones sin fines de lucro dedicadas a la protecci\u00f3n\u00a0de animales en todas las regiones del pa\u00eds; diplomados y cursos e-learning sobre esta tem\u00e1tica; entre otras iniciativas.<\/p>\n<\/div><\/section><\/div><div  style='height:50px' class='hr hr-invisible   avia-builder-el-6  el_after_av_one_full  el_before_av_social_share '><span class='hr-inner ' ><span class='hr-inner-style'><\/span><\/span><\/div><\/p>\n<div  class='av-social-sharing-box  avia-builder-el-7  el_after_av_hr  el_before_av_hr  '><div class='av-share-box'><h5 class='av-share-link-description av-no-toc '>Compartir esta noticia<\/h5><ul class='av-share-box-list noLightbox'><li class='av-share-link av-social-link-facebook' ><a target=\"_blank\" aria-label=\"Compartir en Facebook\" href='https:\/\/www.facebook.com\/sharer.php?u=https:\/\/radiorevelacionfm.cl\/?p=38178&#038;t=%E2%80%98%E2%80%99Ellos%20Conf%C3%ADan%20en%20Ti%E2%80%99%E2%80%99%3A%20Gobierno%20lanza%20campa%C3%B1a%20para%20incentivar%20la%20tenencia%20responsable%20de%20animales%20de%20compa%C3%B1%C3%ADa' aria-hidden='false' data-av_icon='\ue8f3' data-av_iconfont='entypo-fontello' title='' data-avia-related-tooltip='Compartir en Facebook' rel=\"noopener\"><span class='avia_hidden_link_text'>Compartir en Facebook<\/span><\/a><\/li><li class='av-share-link av-social-link-twitter' ><a target=\"_blank\" aria-label=\"Compartir en Twitter\" href='https:\/\/twitter.com\/share?text=%E2%80%98%E2%80%99Ellos%20Conf%C3%ADan%20en%20Ti%E2%80%99%E2%80%99%3A%20Gobierno%20lanza%20campa%C3%B1a%20para%20incentivar%20la%20tenencia%20responsable%20de%20animales%20de%20compa%C3%B1%C3%ADa&#038;url=https:\/\/radiorevelacionfm.cl\/?p=38178' aria-hidden='false' data-av_icon='\ue8f1' data-av_iconfont='entypo-fontello' title='' data-avia-related-tooltip='Compartir en Twitter' rel=\"noopener\"><span class='avia_hidden_link_text'>Compartir en Twitter<\/span><\/a><\/li><li class='av-share-link av-social-link-whatsapp' ><a target=\"_blank\" aria-label=\"Compartir en Whatsapp\" href='https:\/\/api.whatsapp.com\/send?text=https:\/\/radiorevelacionfm.cl\/?p=38178' aria-hidden='false' data-av_icon='\uf232' data-av_iconfont='entypo-fontello' title='' data-avia-related-tooltip='Compartir en Whatsapp' rel=\"noopener\"><span class='avia_hidden_link_text'>Compartir en Whatsapp<\/span><\/a><\/li><li class='av-share-link av-social-link-linkedin' ><a target=\"_blank\" aria-label=\"Compartir en LinkedIn\" href='https:\/\/linkedin.com\/shareArticle?mini=true&#038;title=%E2%80%98%E2%80%99Ellos%20Conf%C3%ADan%20en%20Ti%E2%80%99%E2%80%99%3A%20Gobierno%20lanza%20campa%C3%B1a%20para%20incentivar%20la%20tenencia%20responsable%20de%20animales%20de%20compa%C3%B1%C3%ADa&#038;url=https:\/\/radiorevelacionfm.cl\/?p=38178' aria-hidden='false' data-av_icon='\ue8fc' data-av_iconfont='entypo-fontello' title='' data-avia-related-tooltip='Compartir en LinkedIn' rel=\"noopener\"><span class='avia_hidden_link_text'>Compartir en LinkedIn<\/span><\/a><\/li><li class='av-share-link av-social-link-mail' ><a  aria-label=\"Compartir por correo\" href='mailto:?subject=%E2%80%98%E2%80%99Ellos%20Conf%C3%ADan%20en%20Ti%E2%80%99%E2%80%99%3A%20Gobierno%20lanza%20campa%C3%B1a%20para%20incentivar%20la%20tenencia%20responsable%20de%20animales%20de%20compa%C3%B1%C3%ADa&#038;body=https:\/\/radiorevelacionfm.cl\/?p=38178' aria-hidden='false' data-av_icon='\ue805' data-av_iconfont='entypo-fontello' title='' data-avia-related-tooltip='Compartir por correo'><span class='avia_hidden_link_text'>Compartir por correo<\/span><\/a><\/li><\/ul><\/div><\/div>\n<div  style='height:50px' class='hr hr-invisible   avia-builder-el-8  el_after_av_social_share  el_before_av_comments_list '><span class='hr-inner ' ><span class='hr-inner-style'><\/span><\/span><\/div>\n<div  class='av-buildercomment  av-blog-meta-html-info-disabled av-blog-meta-tag-disabled  '><\/div>\n","protected":false},"excerpt":{"rendered":"","protected":false},"author":1,"featured_media":38179,"comment_status":"open","ping_status":"open","sticky":false,"template":"","format":"standard","meta":{"footnotes":""},"categories":[61],"tags":[],"class_list":["post-38178","post","type-post","status-publish","format-standard","has-post-thumbnail","hentry","category-nacional"],"jetpack_featured_media_url":"https:\/\/radiorevelacionfm.cl\/wp-content\/uploads\/2023\/12\/tenencia-de-mascotas-1.jpg","_links":{"self":[{"href":"https:\/\/radiorevelacionfm.cl\/index.php?rest_route=\/wp\/v2\/posts\/38178","targetHints":{"allow":["GET"]}}],"collection":[{"href":"https:\/\/radiorevelacionfm.cl\/index.php?rest_route=\/wp\/v2\/posts"}],"about":[{"href":"https:\/\/radiorevelacionfm.cl\/index.php?rest_route=\/wp\/v2\/types\/post"}],"author":[{"embeddable":true,"href":"https:\/\/radiorevelacionfm.cl\/index.php?rest_route=\/wp\/v2\/users\/1"}],"replies":[{"embeddable":true,"href":"https:\/\/radiorevelacionfm.cl\/index.php?rest_route=%2Fwp%2Fv2%2Fcomments&post=38178"}],"version-history":[{"count":1,"href":"https:\/\/radiorevelacionfm.cl\/index.php?rest_route=\/wp\/v2\/posts\/38178\/revisions"}],"predecessor-version":[{"id":38180,"href":"https:\/\/radiorevelacionfm.cl\/index.php?rest_route=\/wp\/v2\/posts\/38178\/revisions\/38180"}],"wp:featuredmedia":[{"embeddable":true,"href":"https:\/\/radiorevelacionfm.cl\/index.php?rest_route=\/wp\/v2\/media\/38179"}],"wp:attachment":[{"href":"https:\/\/radiorevelacionfm.cl\/index.php?rest_route=%2Fwp%2Fv2%2Fmedia&parent=38178"}],"wp:term":[{"taxonomy":"category","embeddable":true,"href":"https:\/\/radiorevelacionfm.cl\/index.php?rest_route=%2Fwp%2Fv2%2Fcategories&post=38178"},{"taxonomy":"post_tag","embeddable":true,"href":"https:\/\/radiorevelacionfm.cl\/index.php?rest_route=%2Fwp%2Fv2%2Ftags&post=38178"}],"curies":[{"name":"wp","href":"https:\/\/api.w.org\/{rel}","templated":true}]}}