{"id":38175,"date":"2023-12-20T10:32:23","date_gmt":"2023-12-20T13:32:23","guid":{"rendered":"https:\/\/radiorevelacionfm.cl\/?p=38175"},"modified":"2023-12-20T10:32:23","modified_gmt":"2023-12-20T13:32:23","slug":"edelaysen-inaugura-nuevo-totem-gratuito-para-recarga-de-celulares-en-polideportivo-de-puerto-aysen","status":"publish","type":"post","link":"https:\/\/radiorevelacionfm.cl\/?p=38175","title":{"rendered":"Edelaysen inaugura nuevo t\u00f3tem gratuito para recarga de celulares en Polideportivo de Puerto Ays\u00e9n"},"content":{"rendered":"<div class=\"flex_column av_one_full  flex_column_div av-zero-column-padding first  avia-builder-el-0  el_before_av_one_full  avia-builder-el-first  \" style='border-radius:0px; '><div  class='avia-image-container  av-styling-    avia-builder-el-1  avia-builder-el-no-sibling  avia-align-center '  itemprop=\"image\" itemscope=\"itemscope\" itemtype=\"https:\/\/schema.org\/ImageObject\"  ><div class='avia-image-container-inner'><div class='avia-image-overlay-wrap'><img decoding=\"async\" class='wp-image-38176 avia-img-lazy-loading-not-38176 avia_image' src=\"https:\/\/radiorevelacionfm.cl\/wp-content\/uploads\/2023\/12\/Totem-Puerto-Aysen0-1-1.jpeg\" alt='' title='Totem Puerto Ays\u00e9n0 (1) (1)' height=\"600\" width=\"800\"  itemprop=\"thumbnailUrl\" srcset=\"https:\/\/radiorevelacionfm.cl\/wp-content\/uploads\/2023\/12\/Totem-Puerto-Aysen0-1-1.jpeg 800w, https:\/\/radiorevelacionfm.cl\/wp-content\/uploads\/2023\/12\/Totem-Puerto-Aysen0-1-1-300x225.jpeg 300w, https:\/\/radiorevelacionfm.cl\/wp-content\/uploads\/2023\/12\/Totem-Puerto-Aysen0-1-1-768x576.jpeg 768w, https:\/\/radiorevelacionfm.cl\/wp-content\/uploads\/2023\/12\/Totem-Puerto-Aysen0-1-1-705x529.jpeg 705w, https:\/\/radiorevelacionfm.cl\/wp-content\/uploads\/2023\/12\/Totem-Puerto-Aysen0-1-1-450x338.jpeg 450w, https:\/\/radiorevelacionfm.cl\/wp-content\/uploads\/2023\/12\/Totem-Puerto-Aysen0-1-1-600x450.jpeg 600w\" sizes=\"(max-width: 800px) 100vw, 800px\" \/><\/div><\/div><\/div><\/div><div class=\"flex_column av_one_full  flex_column_div av-zero-column-padding first  avia-builder-el-2  el_after_av_one_full  el_before_av_one_full  column-top-margin\" style='border-radius:0px; '><section class=\"av_textblock_section \"  itemscope=\"itemscope\" itemtype=\"https:\/\/schema.org\/BlogPosting\" itemprop=\"blogPost\" ><div class='avia_textblock  '   itemprop=\"text\" ><p style=\"text-align: center;\"><span style=\"font-size: 18pt;\"><strong>Edelaysen inaugura nuevo t\u00f3tem gratuito para recarga de celulares en Polideportivo de Puerto Ays\u00e9n<\/strong><\/span><\/p>\n<div id=\"gtx-trans\" style=\"position: absolute; left: -50px; top: 4.31534px;\">\n<div class=\"gtx-trans-icon\"><\/div>\n<\/div>\n<\/div><\/section><\/div><div class=\"flex_column av_one_full  flex_column_div av-zero-column-padding first  avia-builder-el-4  el_after_av_one_full  el_before_av_hr  column-top-margin\" style='border-radius:0px; '><section class=\"av_textblock_section \"  itemscope=\"itemscope\" itemtype=\"https:\/\/schema.org\/BlogPosting\" itemprop=\"blogPost\" ><div class='avia_textblock  '   itemprop=\"text\" ><p style=\"text-align: justify;\"><em>Iniciativa es parte del programa \u201cConecta tu Energ\u00eda\u201d impulsada por grupo Saesa, y busca generar cercan\u00eda con la comunidad, propici\u00e1ndoles energ\u00eda para dispositivos celulares mediante t\u00f3tem con cargadores gratuitos.<\/em><\/p>\n<p style=\"text-align: justify;\">Una iniciativa que permite a las familias mantenerse conectadas en espacios de gran concurrencia como lo es el Polideportivo de Puerto Ays\u00e9n, es parte de la gesti\u00f3n que ha desarrollado Edelaysen en diferentes comunas de la regi\u00f3n. De esta manera, este punto es el sexto en ser inaugurado, sumado a los terminales de buses en Coyhaique, Chile Chico y Cochrane, Hospital de Puerto Ays\u00e9n y terminal portuario de la comuna de Chait\u00e9n.<\/p>\n<p style=\"text-align: justify;\">\u00abEstamos comprometidos con acercarnos a la comunidad y proporcionar soluciones pr\u00e1cticas. La instalaci\u00f3n de este t\u00f3tem gratuito en el Polideportivo de Puerto Ays\u00e9n es un paso m\u00e1s hacia la conexi\u00f3n y comodidad de las personas en espacios de gran concurrencia\u201d, mencion\u00f3 el jefe de Atenci\u00f3n al Cliente de Edelaysen, Patricio Raimilla.<\/p>\n<p style=\"text-align: justify;\">Julio Uribe, alcalde de la comuna de Ays\u00e9n destac\u00f3: \u201cbueno el convenio que se realiza con Edelaysen para nuestra corporaci\u00f3n de deportes, en la cual nos entregan un t\u00f3tem para el recargue de los celulares, creo que ha sido un aporte muy importante porque nuestros deportistas cuando quedan sin bater\u00eda se les complica las comunicaciones, as\u00ed que todo lo que sea aporte para nuestro Polideportivo es muy valorable as\u00ed que agradecidos de la empresa\u201d.<\/p>\n<p style=\"text-align: justify;\">Se trata de un t\u00f3tem con 6 cajas tipo locker para cargar los dispositivos m\u00f3viles con diferentes modelos de USB, los cuales se cierran con una moneda, donde los vecinos pueden utilizar el locker y guardar la llave hasta que complete la bater\u00eda del dispositivo.<\/p>\n<p style=\"text-align: justify;\">La actividad cont\u00f3 con la presencia de autoridades locales, miembros de la comunidad y representantes de Edelaysen, quienes compartieron el entusiasmo por este nuevo insumo para este espacio deportivo en la comuna de Ays\u00e9n.<\/p>\n<p><strong>\u00a0<\/strong><\/p>\n<p><strong>\u00a0<\/strong><\/p>\n<\/div><\/section><\/div><div  style='height:50px' class='hr hr-invisible   avia-builder-el-6  el_after_av_one_full  el_before_av_social_share '><span class='hr-inner ' ><span class='hr-inner-style'><\/span><\/span><\/div><\/p>\n<div  class='av-social-sharing-box  avia-builder-el-7  el_after_av_hr  el_before_av_hr  '><div class='av-share-box'><h5 class='av-share-link-description av-no-toc '>Compartir esta noticia<\/h5><ul class='av-share-box-list noLightbox'><li class='av-share-link av-social-link-facebook' ><a target=\"_blank\" aria-label=\"Compartir en Facebook\" href='https:\/\/www.facebook.com\/sharer.php?u=https:\/\/radiorevelacionfm.cl\/?p=38175&#038;t=Edelaysen%20inaugura%20nuevo%20t%C3%B3tem%20gratuito%20para%20recarga%20de%20celulares%20en%20Polideportivo%20de%20Puerto%20Ays%C3%A9n' aria-hidden='false' data-av_icon='\ue8f3' data-av_iconfont='entypo-fontello' title='' data-avia-related-tooltip='Compartir en Facebook' rel=\"noopener\"><span class='avia_hidden_link_text'>Compartir en Facebook<\/span><\/a><\/li><li class='av-share-link av-social-link-twitter' ><a target=\"_blank\" aria-label=\"Compartir en Twitter\" href='https:\/\/twitter.com\/share?text=Edelaysen%20inaugura%20nuevo%20t%C3%B3tem%20gratuito%20para%20recarga%20de%20celulares%20en%20Polideportivo%20de%20Puerto%20Ays%C3%A9n&#038;url=https:\/\/radiorevelacionfm.cl\/?p=38175' aria-hidden='false' data-av_icon='\ue8f1' data-av_iconfont='entypo-fontello' title='' data-avia-related-tooltip='Compartir en Twitter' rel=\"noopener\"><span class='avia_hidden_link_text'>Compartir en Twitter<\/span><\/a><\/li><li class='av-share-link av-social-link-whatsapp' ><a target=\"_blank\" aria-label=\"Compartir en Whatsapp\" href='https:\/\/api.whatsapp.com\/send?text=https:\/\/radiorevelacionfm.cl\/?p=38175' aria-hidden='false' data-av_icon='\uf232' data-av_iconfont='entypo-fontello' title='' data-avia-related-tooltip='Compartir en Whatsapp' rel=\"noopener\"><span class='avia_hidden_link_text'>Compartir en Whatsapp<\/span><\/a><\/li><li class='av-share-link av-social-link-linkedin' ><a target=\"_blank\" aria-label=\"Compartir en LinkedIn\" href='https:\/\/linkedin.com\/shareArticle?mini=true&#038;title=Edelaysen%20inaugura%20nuevo%20t%C3%B3tem%20gratuito%20para%20recarga%20de%20celulares%20en%20Polideportivo%20de%20Puerto%20Ays%C3%A9n&#038;url=https:\/\/radiorevelacionfm.cl\/?p=38175' aria-hidden='false' data-av_icon='\ue8fc' data-av_iconfont='entypo-fontello' title='' data-avia-related-tooltip='Compartir en LinkedIn' rel=\"noopener\"><span class='avia_hidden_link_text'>Compartir en LinkedIn<\/span><\/a><\/li><li class='av-share-link av-social-link-mail' ><a  aria-label=\"Compartir por correo\" href='mailto:?subject=Edelaysen%20inaugura%20nuevo%20t%C3%B3tem%20gratuito%20para%20recarga%20de%20celulares%20en%20Polideportivo%20de%20Puerto%20Ays%C3%A9n&#038;body=https:\/\/radiorevelacionfm.cl\/?p=38175' aria-hidden='false' data-av_icon='\ue805' data-av_iconfont='entypo-fontello' title='' data-avia-related-tooltip='Compartir por correo'><span class='avia_hidden_link_text'>Compartir por correo<\/span><\/a><\/li><\/ul><\/div><\/div>\n<div  style='height:50px' class='hr hr-invisible   avia-builder-el-8  el_after_av_social_share  el_before_av_comments_list '><span class='hr-inner ' ><span class='hr-inner-style'><\/span><\/span><\/div>\n<div  class='av-buildercomment  av-blog-meta-html-info-disabled av-blog-meta-tag-disabled  '><\/div>\n","protected":false},"excerpt":{"rendered":"","protected":false},"author":1,"featured_media":38176,"comment_status":"open","ping_status":"open","sticky":false,"template":"","format":"standard","meta":{"footnotes":""},"categories":[38],"tags":[],"class_list":["post-38175","post","type-post","status-publish","format-standard","has-post-thumbnail","hentry","category-regional"],"jetpack_featured_media_url":"https:\/\/radiorevelacionfm.cl\/wp-content\/uploads\/2023\/12\/Totem-Puerto-Aysen0-1-1.jpeg","_links":{"self":[{"href":"https:\/\/radiorevelacionfm.cl\/index.php?rest_route=\/wp\/v2\/posts\/38175","targetHints":{"allow":["GET"]}}],"collection":[{"href":"https:\/\/radiorevelacionfm.cl\/index.php?rest_route=\/wp\/v2\/posts"}],"about":[{"href":"https:\/\/radiorevelacionfm.cl\/index.php?rest_route=\/wp\/v2\/types\/post"}],"author":[{"embeddable":true,"href":"https:\/\/radiorevelacionfm.cl\/index.php?rest_route=\/wp\/v2\/users\/1"}],"replies":[{"embeddable":true,"href":"https:\/\/radiorevelacionfm.cl\/index.php?rest_route=%2Fwp%2Fv2%2Fcomments&post=38175"}],"version-history":[{"count":1,"href":"https:\/\/radiorevelacionfm.cl\/index.php?rest_route=\/wp\/v2\/posts\/38175\/revisions"}],"predecessor-version":[{"id":38177,"href":"https:\/\/radiorevelacionfm.cl\/index.php?rest_route=\/wp\/v2\/posts\/38175\/revisions\/38177"}],"wp:featuredmedia":[{"embeddable":true,"href":"https:\/\/radiorevelacionfm.cl\/index.php?rest_route=\/wp\/v2\/media\/38176"}],"wp:attachment":[{"href":"https:\/\/radiorevelacionfm.cl\/index.php?rest_route=%2Fwp%2Fv2%2Fmedia&parent=38175"}],"wp:term":[{"taxonomy":"category","embeddable":true,"href":"https:\/\/radiorevelacionfm.cl\/index.php?rest_route=%2Fwp%2Fv2%2Fcategories&post=38175"},{"taxonomy":"post_tag","embeddable":true,"href":"https:\/\/radiorevelacionfm.cl\/index.php?rest_route=%2Fwp%2Fv2%2Ftags&post=38175"}],"curies":[{"name":"wp","href":"https:\/\/api.w.org\/{rel}","templated":true}]}}