{"id":38166,"date":"2023-12-19T21:38:56","date_gmt":"2023-12-20T00:38:56","guid":{"rendered":"https:\/\/radiorevelacionfm.cl\/?p=38166"},"modified":"2023-12-19T21:38:56","modified_gmt":"2023-12-20T00:38:56","slug":"mineduc-anuncia-que-cuatro-slep-recibiran-sus-establecimientos-educacionales-el-1-de-enero-de-2024-entre-ellos-el-de-aysen","status":"publish","type":"post","link":"https:\/\/radiorevelacionfm.cl\/?p=38166","title":{"rendered":"Mineduc anuncia que cuatro SLEP recibir\u00e1n sus establecimientos educacionales el 1 de Enero de 2024, entre ellos el de Ays\u00e9n"},"content":{"rendered":"<div class=\"flex_column av_one_full  flex_column_div av-zero-column-padding first  avia-builder-el-0  el_before_av_one_full  avia-builder-el-first  \" style='border-radius:0px; '><div  class='avia-image-container  av-styling-    avia-builder-el-1  avia-builder-el-no-sibling  avia-align-center '  itemprop=\"image\" itemscope=\"itemscope\" itemtype=\"https:\/\/schema.org\/ImageObject\"  ><div class='avia-image-container-inner'><div class='avia-image-overlay-wrap'><img decoding=\"async\" class='wp-image-38167 avia-img-lazy-loading-not-38167 avia_image' src=\"https:\/\/radiorevelacionfm.cl\/wp-content\/uploads\/2023\/12\/SLEP-1.jpg\" alt='' title='SLEP (1)' height=\"600\" width=\"902\"  itemprop=\"thumbnailUrl\" srcset=\"https:\/\/radiorevelacionfm.cl\/wp-content\/uploads\/2023\/12\/SLEP-1.jpg 902w, https:\/\/radiorevelacionfm.cl\/wp-content\/uploads\/2023\/12\/SLEP-1-300x200.jpg 300w, https:\/\/radiorevelacionfm.cl\/wp-content\/uploads\/2023\/12\/SLEP-1-768x511.jpg 768w, https:\/\/radiorevelacionfm.cl\/wp-content\/uploads\/2023\/12\/SLEP-1-705x469.jpg 705w, https:\/\/radiorevelacionfm.cl\/wp-content\/uploads\/2023\/12\/SLEP-1-450x299.jpg 450w, https:\/\/radiorevelacionfm.cl\/wp-content\/uploads\/2023\/12\/SLEP-1-600x399.jpg 600w\" sizes=\"(max-width: 902px) 100vw, 902px\" \/><\/div><\/div><\/div><\/div><div class=\"flex_column av_one_full  flex_column_div av-zero-column-padding first  avia-builder-el-2  el_after_av_one_full  el_before_av_one_full  column-top-margin\" style='border-radius:0px; '><section class=\"av_textblock_section \"  itemscope=\"itemscope\" itemtype=\"https:\/\/schema.org\/BlogPosting\" itemprop=\"blogPost\" ><div class='avia_textblock  '   itemprop=\"text\" ><h2 class=\"title\" style=\"text-align: center;\"><strong><span style=\"font-size: 18pt;\">Mineduc anuncia que cuatro SLEP recibir\u00e1n sus establecimientos educacionales el 1 de Enero de 2024, entre ellos el de Ays\u00e9n<\/span><\/strong><\/h2>\n<div id=\"gtx-trans\" style=\"position: absolute; left: -50px; top: 4.31534px;\">\n<div class=\"gtx-trans-icon\"><\/div>\n<\/div>\n<\/div><\/section><\/div><div class=\"flex_column av_one_full  flex_column_div av-zero-column-padding first  avia-builder-el-4  el_after_av_one_full  el_before_av_hr  column-top-margin\" style='border-radius:0px; '><section class=\"av_textblock_section \"  itemscope=\"itemscope\" itemtype=\"https:\/\/schema.org\/BlogPosting\" itemprop=\"blogPost\" ><div class='avia_textblock  '   itemprop=\"text\" ><p style=\"text-align: justify;\">En la regi\u00f3n la noticia fue confirmada por el Delegado Presidencial Regional Rodrigo Araya, la Seremi de educaci\u00f3n Isabel Garrido y el Director Ejecutivo del SLEP Ays\u00e9n Sebasti\u00e1n Gonz\u00e1lez.<\/p>\n<p>El\u00a0 lunes el Ministro de Educaci\u00f3n, Nicol\u00e1s Cataldo, la subsecretaria de Educaci\u00f3n, Alejandra Arratia, y el director de Educaci\u00f3n P\u00fablica, Rodrigo Ega\u00f1a, informaron ante la Comisi\u00f3n de Educaci\u00f3n del Senado que los Servicios Locales de Educaci\u00f3n P\u00fablica (SLEP) de Iquique, Punilla Cordillera, Ays\u00e9n y Magallanes cuentan con las condiciones para recibir sus establecimientos educacionales el 1 de enero de 2024.<\/p>\n<p>El reporte se realiz\u00f3 en cumplimiento del Protocolo de Acuerdo que firmaron el Gobierno y el Congreso durante la discusi\u00f3n presupuestaria, en el que el Mineduc se comprometi\u00f3 a entregar un informe fundado informando cu\u00e1les SLEP cumplen con los procesos cr\u00edticos que posibilitan su funcionamiento \u00f3ptimo y que aseguren el correcto traspaso de jardines, escuelas y liceos.<\/p>\n<p>Para ello, fueron observadas 17 condiciones territoriales, socioeducativas y de gesti\u00f3n relevantes para el traspaso, como la contrataci\u00f3n de cargos esenciales, los concursos internos, la apertura de cuentas corrientes, la habilitaci\u00f3n de oficinas y plataformas, el acompa\u00f1amiento t\u00e9cnico-pedag\u00f3gico y la cartera de proyectos de infraestructura que cada SLEP podr\u00e1 gestionar para realizar mejoras y mantenciones en sus establecimientos.<\/p>\n<p>En la Regi\u00f3n de Ays\u00e9n el anuncio fue confirmado por el Delegado Presidencial Regional Rodrigo Araya, la Seremi de educaci\u00f3n Isabel Garrido y el Director Ejecutivo del SLEP Ays\u00e9n Sebasti\u00e1n Gonz\u00e1lez.<\/p>\n<p>Al respecto, Rodrigo Araya se\u00f1al\u00f3 que \u00abQueremos dar realce a esta informaci\u00f3n ya que era un tema de discusi\u00f3n en las \u00faltimas semanas y queremos despejar incertidumbres. Esta es una reforma a la educaci\u00f3n chilena que viene del a\u00f1o 2017 que se produjo con un acuerdo amplio en el parlamentario y que ahora se implementa en nuestra regi\u00f3n despu\u00e9s de un a\u00f1o de postergaci\u00f3n. Y preparaci\u00f3n que hoy permite este traspaso y con el podremos brindar a nuestros ni\u00f1os y j\u00f3venes de jardines infantiles, escuelas y liceos p\u00fablica una educaci\u00f3n de calidad, con equidad en el acceso para las diez comunas de la regi\u00f3n de Ays\u00e9n\u00bb.<\/p>\n<p>La Seremi Isabel Garrido explic\u00f3 que \u00abEn el marco de la deliberaci\u00f3n democr\u00e1tica que se produce en el parlamento se acord\u00f3 junto al Ejecutivo evaluar cu\u00e1les son los servicios locales que est\u00e1n en condiciones de ser traspasados. Como gobierno nos parece positivo que las reformas se deliberen democr\u00e1ticamente y,\u00a0 en ese marco el Ministerio de Educaci\u00f3n elabor\u00f3 un informe fundado que justificara cuales son los servicios locales que est\u00e1n en condiciones de ser traspasados. En este informe se identificaron 14 procesos cr\u00edticos que definen si el servicio local\u00a0 est\u00e1 en condiciones para el traspaso. El SLEP de Ays\u00e9n cumple con los 14 indicadores, entre ellos contar con un director ejecutivo, conformaci\u00f3n de la planta y dotaci\u00f3n de personal, contar con oficinas para el funcionamiento, haber realizado ensayo de pagos de remuneraciones a trav\u00e9s de cuentas corrientes y en nuestra<br \/>\nregi\u00f3n estos aparecen consolidados. Tenemos confianza y mantenemos nuestro compromiso como Ministerio de Educaci\u00f3n en la regi\u00f3n de seguir apoyando al Servicio Local de Educaci\u00f3n P\u00fablica Ays\u00e9n para que se instale de la mejor forma posible el 1 de enero de 2024\u00bb.<\/p>\n<p>Por su parte, el Director Ejecutivo del SLEP Ays\u00e9n Sebasti\u00e1n Gonz\u00e1lez detall\u00f3 que \u00abEsta decisi\u00f3n del Ministro de educaci\u00f3n de presentar nuestro servicio como uno de los que se traspasan en Enero pr\u00f3ximo lo tomamos con mucho compromiso, Creemos que ha mucho que hacer en educaci\u00f3n. En primer lugar reconocemos la labor que han hecho las municipalidades en educaci\u00f3n, pero era necesario que exista una instituci\u00f3n cuyo giro \u00fanico es la educaci\u00f3n, que se dedique exclusivamente a ello. Estamos convencidos de que este es un proceso que va a ser importante y que debe ser construido por todas instituciones.<br \/>\nEntre los procesos cr\u00edticos est\u00e1 el traspaso del personal de educaci\u00f3n, son 2.300 personas que est\u00e1n en 66 establecimientos educativos que hoy dependen\u00a0 de los municipios. Hemos trabajado durante un a\u00f1o y medio visitando todos los establecimientos, conversando con los funcionarios a trav\u00e9s de distintos canales de atenci\u00f3n. El di\u00e1logo es super importante porque es un cambio grande. Otros aspectos cr\u00edticos son el transporte e infraestructura escolar y por ello estamos inyectando m\u00e1s de 7 mil millones de pesos para concretar 22 proyectos de mejoramiento de recintos escolares y adem\u00e1s somos la primera regi\u00f3n en Chile en la que el servicio local firm\u00f3 un convenio con el Gobierno Regional lo que nos permite tener un diagn\u00f3stico y priorizar las necesidades de infraestructura. En resumen, es muy importante que las instituciones nos pongamos de acuerdo en que lo que queremos todos que es mejorar la calidad de los aprendizajes de los estudiantes\u00bb.<\/p>\n<\/div><\/section><\/div><div  style='height:50px' class='hr hr-invisible   avia-builder-el-6  el_after_av_one_full  el_before_av_social_share '><span class='hr-inner ' ><span class='hr-inner-style'><\/span><\/span><\/div><\/p>\n<div  class='av-social-sharing-box  avia-builder-el-7  el_after_av_hr  el_before_av_hr  '><div class='av-share-box'><h5 class='av-share-link-description av-no-toc '>Compartir esta noticia<\/h5><ul class='av-share-box-list noLightbox'><li class='av-share-link av-social-link-facebook' ><a target=\"_blank\" aria-label=\"Compartir en Facebook\" href='https:\/\/www.facebook.com\/sharer.php?u=https:\/\/radiorevelacionfm.cl\/?p=38166&#038;t=Mineduc%20anuncia%20que%20cuatro%20SLEP%20recibir%C3%A1n%20sus%20establecimientos%20educacionales%20el%201%20de%20Enero%20de%202024%2C%20entre%20ellos%20el%20de%20Ays%C3%A9n' aria-hidden='false' data-av_icon='\ue8f3' data-av_iconfont='entypo-fontello' title='' data-avia-related-tooltip='Compartir en Facebook' rel=\"noopener\"><span class='avia_hidden_link_text'>Compartir en Facebook<\/span><\/a><\/li><li class='av-share-link av-social-link-twitter' ><a target=\"_blank\" aria-label=\"Compartir en Twitter\" href='https:\/\/twitter.com\/share?text=Mineduc%20anuncia%20que%20cuatro%20SLEP%20recibir%C3%A1n%20sus%20establecimientos%20educacionales%20el%201%20de%20Enero%20de%202024%2C%20entre%20ellos%20el%20de%20Ays%C3%A9n&#038;url=https:\/\/radiorevelacionfm.cl\/?p=38166' aria-hidden='false' data-av_icon='\ue8f1' data-av_iconfont='entypo-fontello' title='' data-avia-related-tooltip='Compartir en Twitter' rel=\"noopener\"><span class='avia_hidden_link_text'>Compartir en Twitter<\/span><\/a><\/li><li class='av-share-link av-social-link-whatsapp' ><a target=\"_blank\" aria-label=\"Compartir en Whatsapp\" href='https:\/\/api.whatsapp.com\/send?text=https:\/\/radiorevelacionfm.cl\/?p=38166' aria-hidden='false' data-av_icon='\uf232' data-av_iconfont='entypo-fontello' title='' data-avia-related-tooltip='Compartir en Whatsapp' rel=\"noopener\"><span class='avia_hidden_link_text'>Compartir en Whatsapp<\/span><\/a><\/li><li class='av-share-link av-social-link-linkedin' ><a target=\"_blank\" aria-label=\"Compartir en LinkedIn\" href='https:\/\/linkedin.com\/shareArticle?mini=true&#038;title=Mineduc%20anuncia%20que%20cuatro%20SLEP%20recibir%C3%A1n%20sus%20establecimientos%20educacionales%20el%201%20de%20Enero%20de%202024%2C%20entre%20ellos%20el%20de%20Ays%C3%A9n&#038;url=https:\/\/radiorevelacionfm.cl\/?p=38166' aria-hidden='false' data-av_icon='\ue8fc' data-av_iconfont='entypo-fontello' title='' data-avia-related-tooltip='Compartir en LinkedIn' rel=\"noopener\"><span class='avia_hidden_link_text'>Compartir en LinkedIn<\/span><\/a><\/li><li class='av-share-link av-social-link-mail' ><a  aria-label=\"Compartir por correo\" href='mailto:?subject=Mineduc%20anuncia%20que%20cuatro%20SLEP%20recibir%C3%A1n%20sus%20establecimientos%20educacionales%20el%201%20de%20Enero%20de%202024%2C%20entre%20ellos%20el%20de%20Ays%C3%A9n&#038;body=https:\/\/radiorevelacionfm.cl\/?p=38166' aria-hidden='false' data-av_icon='\ue805' data-av_iconfont='entypo-fontello' title='' data-avia-related-tooltip='Compartir por correo'><span class='avia_hidden_link_text'>Compartir por correo<\/span><\/a><\/li><\/ul><\/div><\/div>\n<div  style='height:50px' class='hr hr-invisible   avia-builder-el-8  el_after_av_social_share  el_before_av_comments_list '><span class='hr-inner ' ><span class='hr-inner-style'><\/span><\/span><\/div>\n<div  class='av-buildercomment  av-blog-meta-html-info-disabled av-blog-meta-tag-disabled  '><\/div>\n","protected":false},"excerpt":{"rendered":"","protected":false},"author":1,"featured_media":38167,"comment_status":"open","ping_status":"open","sticky":false,"template":"","format":"standard","meta":{"footnotes":""},"categories":[49],"tags":[],"class_list":["post-38166","post","type-post","status-publish","format-standard","has-post-thumbnail","hentry","category-educacion"],"jetpack_featured_media_url":"https:\/\/radiorevelacionfm.cl\/wp-content\/uploads\/2023\/12\/SLEP-1.jpg","_links":{"self":[{"href":"https:\/\/radiorevelacionfm.cl\/index.php?rest_route=\/wp\/v2\/posts\/38166","targetHints":{"allow":["GET"]}}],"collection":[{"href":"https:\/\/radiorevelacionfm.cl\/index.php?rest_route=\/wp\/v2\/posts"}],"about":[{"href":"https:\/\/radiorevelacionfm.cl\/index.php?rest_route=\/wp\/v2\/types\/post"}],"author":[{"embeddable":true,"href":"https:\/\/radiorevelacionfm.cl\/index.php?rest_route=\/wp\/v2\/users\/1"}],"replies":[{"embeddable":true,"href":"https:\/\/radiorevelacionfm.cl\/index.php?rest_route=%2Fwp%2Fv2%2Fcomments&post=38166"}],"version-history":[{"count":1,"href":"https:\/\/radiorevelacionfm.cl\/index.php?rest_route=\/wp\/v2\/posts\/38166\/revisions"}],"predecessor-version":[{"id":38168,"href":"https:\/\/radiorevelacionfm.cl\/index.php?rest_route=\/wp\/v2\/posts\/38166\/revisions\/38168"}],"wp:featuredmedia":[{"embeddable":true,"href":"https:\/\/radiorevelacionfm.cl\/index.php?rest_route=\/wp\/v2\/media\/38167"}],"wp:attachment":[{"href":"https:\/\/radiorevelacionfm.cl\/index.php?rest_route=%2Fwp%2Fv2%2Fmedia&parent=38166"}],"wp:term":[{"taxonomy":"category","embeddable":true,"href":"https:\/\/radiorevelacionfm.cl\/index.php?rest_route=%2Fwp%2Fv2%2Fcategories&post=38166"},{"taxonomy":"post_tag","embeddable":true,"href":"https:\/\/radiorevelacionfm.cl\/index.php?rest_route=%2Fwp%2Fv2%2Ftags&post=38166"}],"curies":[{"name":"wp","href":"https:\/\/api.w.org\/{rel}","templated":true}]}}