{"id":38163,"date":"2023-12-19T21:01:36","date_gmt":"2023-12-20T00:01:36","guid":{"rendered":"https:\/\/radiorevelacionfm.cl\/?p=38163"},"modified":"2023-12-19T21:01:36","modified_gmt":"2023-12-20T00:01:36","slug":"servicio-de-salud-aysen-inicia-proceso-para-reactivar-consejo-de-la-sociedad-civil","status":"publish","type":"post","link":"https:\/\/radiorevelacionfm.cl\/?p=38163","title":{"rendered":"Servicio de Salud Ays\u00e9n inicia proceso para reactivar Consejo de la Sociedad Civil"},"content":{"rendered":"<div class=\"flex_column av_one_full  flex_column_div av-zero-column-padding first  avia-builder-el-0  el_before_av_one_full  avia-builder-el-first  \" style='border-radius:0px; '><div  class='avia-image-container  av-styling-    avia-builder-el-1  avia-builder-el-no-sibling  avia-align-center '  itemprop=\"image\" itemscope=\"itemscope\" itemtype=\"https:\/\/schema.org\/ImageObject\"  ><div class='avia-image-container-inner'><div class='avia-image-overlay-wrap'><img decoding=\"async\" class='wp-image-38164 avia-img-lazy-loading-not-38164 avia_image' src=\"https:\/\/radiorevelacionfm.cl\/wp-content\/uploads\/2023\/12\/COSOC-10-1-1.jpeg\" alt='' title='COSOC (10) (1) (1)' height=\"600\" width=\"900\"  itemprop=\"thumbnailUrl\" srcset=\"https:\/\/radiorevelacionfm.cl\/wp-content\/uploads\/2023\/12\/COSOC-10-1-1.jpeg 900w, https:\/\/radiorevelacionfm.cl\/wp-content\/uploads\/2023\/12\/COSOC-10-1-1-300x200.jpeg 300w, https:\/\/radiorevelacionfm.cl\/wp-content\/uploads\/2023\/12\/COSOC-10-1-1-768x512.jpeg 768w, https:\/\/radiorevelacionfm.cl\/wp-content\/uploads\/2023\/12\/COSOC-10-1-1-705x470.jpeg 705w, https:\/\/radiorevelacionfm.cl\/wp-content\/uploads\/2023\/12\/COSOC-10-1-1-450x300.jpeg 450w, https:\/\/radiorevelacionfm.cl\/wp-content\/uploads\/2023\/12\/COSOC-10-1-1-600x400.jpeg 600w\" sizes=\"(max-width: 900px) 100vw, 900px\" \/><\/div><\/div><\/div><\/div><div class=\"flex_column av_one_full  flex_column_div av-zero-column-padding first  avia-builder-el-2  el_after_av_one_full  el_before_av_one_full  column-top-margin\" style='border-radius:0px; '><section class=\"av_textblock_section \"  itemscope=\"itemscope\" itemtype=\"https:\/\/schema.org\/BlogPosting\" itemprop=\"blogPost\" ><div class='avia_textblock  '   itemprop=\"text\" ><h2 class=\"title\" style=\"text-align: center;\"><span style=\"font-size: 18pt;\"><b>Servicio de Salud Ays\u00e9n inicia proceso para reactivar Consejo de la Sociedad Civil<\/b><\/span><\/h2>\n<div id=\"gtx-trans\" style=\"position: absolute; left: -50px; top: 4.31534px;\">\n<div class=\"gtx-trans-icon\"><\/div>\n<\/div>\n<\/div><\/section><\/div><div class=\"flex_column av_one_full  flex_column_div av-zero-column-padding first  avia-builder-el-4  el_after_av_one_full  el_before_av_hr  column-top-margin\" style='border-radius:0px; '><section class=\"av_textblock_section \"  itemscope=\"itemscope\" itemtype=\"https:\/\/schema.org\/BlogPosting\" itemprop=\"blogPost\" ><div class='avia_textblock  '   itemprop=\"text\" ><p style=\"font-weight: 400; text-align: justify;\">Para levantar observaciones, sugerencias e indicaciones, el Servicio de Salud Ays\u00e9n realiz\u00f3 la primera jornada de presentaci\u00f3n de la propuesta de reglamento que regular\u00e1 el funcionamiento del Consejo de la Sociedad Civil (COSOC) del Servicio de Salud.<\/p>\n<p style=\"font-weight: 400; text-align: justify;\">\u201cMuy positivo que el nuevo director del Servicio de Salud tenga estos encuentros y retome las actividades del COSOC, porque estaba detenido mucho tiempo y es necesario que la ciudadan\u00eda sea parte de estas instancias de conversaci\u00f3n, di\u00e1logo y hacer presentes las necesidades que desde nuestros territorios observamos y que afectan a nuestros vecinos. La necesidad de cupos en consultorios y hacer presente esto y que el director d\u00e9 las instancias de participaci\u00f3n es muy positivo\u201d, manifest\u00f3 Luz Bastidas, de la directiva de la Junta de Vecinos de la Poblaci\u00f3n Gral. Marchant.<\/p>\n<p style=\"font-weight: 400; text-align: justify;\">Una opini\u00f3n similar tuvo V\u00edctor Soto, presidente del Consejo de la Sociedad Civil del CESFAM Alejandro Guti\u00e9rrez, \u201cme pareci\u00f3 excelente la presentaci\u00f3n de este reglamento, valido mucho y valoro que se ponga a disposici\u00f3n de la sociedad civil un instrumento de esta envergadura, que regular\u00e1 el accionar del futuro COSOC del Servicio de Salud Ays\u00e9n y a partir de estar reuni\u00f3n estamos haciendo modificaciones desde la mirada que nosotros, tenemos sobre todo lo que significa proteger las caracter\u00edsticas propias que nos otorga la ley 20.500 de participaci\u00f3n ciudadana, especialmente en tem\u00e1ticas tan relevantes como es la salud\u201d, apunt\u00f3.<\/p>\n<p style=\"font-weight: 400; text-align: justify;\">El Consejo de la Sociedad Civil es un \u00f3rgano de participaci\u00f3n ciudadana en la gesti\u00f3n p\u00fablica, de car\u00e1cter consultivo conformado de manera diversa, representativa, paritaria y pluralista por integrantes de asociaciones sin fines de lucro y que tengan relaci\u00f3n, directa o indirectamente, con materias propias de Salud P\u00fablica.<\/p>\n<p style=\"font-weight: 400; text-align: justify;\">\u201cRetomamos el trabajo del Consejo de la Sociedad Civil, esto en virtud de la participaci\u00f3n y acercar la salud a la comunidad y retomar los trabajos participativos. Comentarles que este es un trabajo recurrente que haremos durante el 2024. El Consejo de la Sociedad Civil participa consultivamente en los \u00e1mbitos de la direcci\u00f3n del Servicio de Salud y los distintos establecimientos, como infraestructura, derechos y deberes de los pacientes y esperamos que este trabajo sea participativo y consultivo y que llegue a buen puerto con las distintas comunidades e instituciones que participan de este COSOC\u201d, indic\u00f3 Juan Pablo Bravo, director del SSA.<\/p>\n<p style=\"font-weight: 400; text-align: justify;\">La participaci\u00f3n social es una de las funciones esenciales de la salud p\u00fablica y act\u00faa como factor protector de la salud, constituye una herramienta de apoyo al logro de mejores resultados en salud, mejor gesti\u00f3n y calidad de la atenci\u00f3n.<\/p>\n<p style=\"font-weight: 400; text-align: justify;\">Por su parte Margarita Arismendi, presidenta del Consejo de Desarrollo del Hospital Coyhaique, agreg\u00f3 que \u201cestoy muy contenta, porque se va a reactivar el COSOC de la Direcci\u00f3n de Salud, cosa que nos hac\u00eda mucha falta porque en esta instancia ingresan muchas nuevas instituciones, talleres, fundaciones y agrupaciones que tiempo atr\u00e1s no estaban presentes y ahora podr\u00e1n estar en este Consejo\u201d, puntualiz\u00f3.<\/p>\n<p style=\"font-weight: 400; text-align: justify;\">Esta instancia de presentaci\u00f3n y entrega de la propuesta de reglamento del COSOC del Servicio de Salud Ays\u00e9n se repetir\u00e1 con otras agrupaciones de las provincias de Ays\u00e9n, General Carrera y Capit\u00e1n Prat.<\/p>\n<\/div><\/section><\/div><div  style='height:50px' class='hr hr-invisible   avia-builder-el-6  el_after_av_one_full  el_before_av_social_share '><span class='hr-inner ' ><span class='hr-inner-style'><\/span><\/span><\/div><\/p>\n<div  class='av-social-sharing-box  avia-builder-el-7  el_after_av_hr  el_before_av_hr  '><div class='av-share-box'><h5 class='av-share-link-description av-no-toc '>Compartir esta noticia<\/h5><ul class='av-share-box-list noLightbox'><li class='av-share-link av-social-link-facebook' ><a target=\"_blank\" aria-label=\"Compartir en Facebook\" href='https:\/\/www.facebook.com\/sharer.php?u=https:\/\/radiorevelacionfm.cl\/?p=38163&#038;t=Servicio%20de%20Salud%20Ays%C3%A9n%20inicia%20proceso%20para%20reactivar%20Consejo%20de%20la%20Sociedad%20Civil' aria-hidden='false' data-av_icon='\ue8f3' data-av_iconfont='entypo-fontello' title='' data-avia-related-tooltip='Compartir en Facebook' rel=\"noopener\"><span class='avia_hidden_link_text'>Compartir en Facebook<\/span><\/a><\/li><li class='av-share-link av-social-link-twitter' ><a target=\"_blank\" aria-label=\"Compartir en Twitter\" href='https:\/\/twitter.com\/share?text=Servicio%20de%20Salud%20Ays%C3%A9n%20inicia%20proceso%20para%20reactivar%20Consejo%20de%20la%20Sociedad%20Civil&#038;url=https:\/\/radiorevelacionfm.cl\/?p=38163' aria-hidden='false' data-av_icon='\ue8f1' data-av_iconfont='entypo-fontello' title='' data-avia-related-tooltip='Compartir en Twitter' rel=\"noopener\"><span class='avia_hidden_link_text'>Compartir en Twitter<\/span><\/a><\/li><li class='av-share-link av-social-link-whatsapp' ><a target=\"_blank\" aria-label=\"Compartir en Whatsapp\" href='https:\/\/api.whatsapp.com\/send?text=https:\/\/radiorevelacionfm.cl\/?p=38163' aria-hidden='false' data-av_icon='\uf232' data-av_iconfont='entypo-fontello' title='' data-avia-related-tooltip='Compartir en Whatsapp' rel=\"noopener\"><span class='avia_hidden_link_text'>Compartir en Whatsapp<\/span><\/a><\/li><li class='av-share-link av-social-link-linkedin' ><a target=\"_blank\" aria-label=\"Compartir en LinkedIn\" href='https:\/\/linkedin.com\/shareArticle?mini=true&#038;title=Servicio%20de%20Salud%20Ays%C3%A9n%20inicia%20proceso%20para%20reactivar%20Consejo%20de%20la%20Sociedad%20Civil&#038;url=https:\/\/radiorevelacionfm.cl\/?p=38163' aria-hidden='false' data-av_icon='\ue8fc' data-av_iconfont='entypo-fontello' title='' data-avia-related-tooltip='Compartir en LinkedIn' rel=\"noopener\"><span class='avia_hidden_link_text'>Compartir en LinkedIn<\/span><\/a><\/li><li class='av-share-link av-social-link-mail' ><a  aria-label=\"Compartir por correo\" href='mailto:?subject=Servicio%20de%20Salud%20Ays%C3%A9n%20inicia%20proceso%20para%20reactivar%20Consejo%20de%20la%20Sociedad%20Civil&#038;body=https:\/\/radiorevelacionfm.cl\/?p=38163' aria-hidden='false' data-av_icon='\ue805' data-av_iconfont='entypo-fontello' title='' data-avia-related-tooltip='Compartir por correo'><span class='avia_hidden_link_text'>Compartir por correo<\/span><\/a><\/li><\/ul><\/div><\/div>\n<div  style='height:50px' class='hr hr-invisible   avia-builder-el-8  el_after_av_social_share  el_before_av_comments_list '><span class='hr-inner ' ><span class='hr-inner-style'><\/span><\/span><\/div>\n<div  class='av-buildercomment  av-blog-meta-html-info-disabled av-blog-meta-tag-disabled  '><\/div>\n","protected":false},"excerpt":{"rendered":"","protected":false},"author":1,"featured_media":38164,"comment_status":"open","ping_status":"open","sticky":false,"template":"","format":"standard","meta":{"footnotes":""},"categories":[46],"tags":[],"class_list":["post-38163","post","type-post","status-publish","format-standard","has-post-thumbnail","hentry","category-salud"],"jetpack_featured_media_url":"https:\/\/radiorevelacionfm.cl\/wp-content\/uploads\/2023\/12\/COSOC-10-1-1.jpeg","_links":{"self":[{"href":"https:\/\/radiorevelacionfm.cl\/index.php?rest_route=\/wp\/v2\/posts\/38163","targetHints":{"allow":["GET"]}}],"collection":[{"href":"https:\/\/radiorevelacionfm.cl\/index.php?rest_route=\/wp\/v2\/posts"}],"about":[{"href":"https:\/\/radiorevelacionfm.cl\/index.php?rest_route=\/wp\/v2\/types\/post"}],"author":[{"embeddable":true,"href":"https:\/\/radiorevelacionfm.cl\/index.php?rest_route=\/wp\/v2\/users\/1"}],"replies":[{"embeddable":true,"href":"https:\/\/radiorevelacionfm.cl\/index.php?rest_route=%2Fwp%2Fv2%2Fcomments&post=38163"}],"version-history":[{"count":1,"href":"https:\/\/radiorevelacionfm.cl\/index.php?rest_route=\/wp\/v2\/posts\/38163\/revisions"}],"predecessor-version":[{"id":38165,"href":"https:\/\/radiorevelacionfm.cl\/index.php?rest_route=\/wp\/v2\/posts\/38163\/revisions\/38165"}],"wp:featuredmedia":[{"embeddable":true,"href":"https:\/\/radiorevelacionfm.cl\/index.php?rest_route=\/wp\/v2\/media\/38164"}],"wp:attachment":[{"href":"https:\/\/radiorevelacionfm.cl\/index.php?rest_route=%2Fwp%2Fv2%2Fmedia&parent=38163"}],"wp:term":[{"taxonomy":"category","embeddable":true,"href":"https:\/\/radiorevelacionfm.cl\/index.php?rest_route=%2Fwp%2Fv2%2Fcategories&post=38163"},{"taxonomy":"post_tag","embeddable":true,"href":"https:\/\/radiorevelacionfm.cl\/index.php?rest_route=%2Fwp%2Fv2%2Ftags&post=38163"}],"curies":[{"name":"wp","href":"https:\/\/api.w.org\/{rel}","templated":true}]}}