{"id":38160,"date":"2023-12-19T18:39:38","date_gmt":"2023-12-19T21:39:38","guid":{"rendered":"https:\/\/radiorevelacionfm.cl\/?p=38160"},"modified":"2023-12-19T18:39:38","modified_gmt":"2023-12-19T21:39:38","slug":"experto-de-la-oit-capacita-a-representantes-sindicales-de-aysen","status":"publish","type":"post","link":"https:\/\/radiorevelacionfm.cl\/?p=38160","title":{"rendered":"Experto de la OIT capacita a representantes Sindicales de Ays\u00e9n"},"content":{"rendered":"<div class=\"flex_column av_one_full  flex_column_div av-zero-column-padding first  avia-builder-el-0  el_before_av_one_full  avia-builder-el-first  \" style='border-radius:0px; '><div  class='avia-image-container  av-styling-    avia-builder-el-1  avia-builder-el-no-sibling  avia-align-center '  itemprop=\"image\" itemscope=\"itemscope\" itemtype=\"https:\/\/schema.org\/ImageObject\"  ><div class='avia-image-container-inner'><div class='avia-image-overlay-wrap'><img decoding=\"async\" class='wp-image-38161 avia-img-lazy-loading-not-38161 avia_image' src=\"https:\/\/radiorevelacionfm.cl\/wp-content\/uploads\/2023\/12\/eds-3-1_optimized.jpeg\" alt='' title='eds-(3)-(1)_optimized' height=\"600\" width=\"800\"  itemprop=\"thumbnailUrl\" srcset=\"https:\/\/radiorevelacionfm.cl\/wp-content\/uploads\/2023\/12\/eds-3-1_optimized.jpeg 800w, https:\/\/radiorevelacionfm.cl\/wp-content\/uploads\/2023\/12\/eds-3-1_optimized-300x225.jpeg 300w, https:\/\/radiorevelacionfm.cl\/wp-content\/uploads\/2023\/12\/eds-3-1_optimized-768x576.jpeg 768w, https:\/\/radiorevelacionfm.cl\/wp-content\/uploads\/2023\/12\/eds-3-1_optimized-705x529.jpeg 705w, https:\/\/radiorevelacionfm.cl\/wp-content\/uploads\/2023\/12\/eds-3-1_optimized-450x338.jpeg 450w, https:\/\/radiorevelacionfm.cl\/wp-content\/uploads\/2023\/12\/eds-3-1_optimized-600x450.jpeg 600w\" sizes=\"(max-width: 800px) 100vw, 800px\" \/><\/div><\/div><\/div><\/div><div class=\"flex_column av_one_full  flex_column_div av-zero-column-padding first  avia-builder-el-2  el_after_av_one_full  el_before_av_one_full  column-top-margin\" style='border-radius:0px; '><section class=\"av_textblock_section \"  itemscope=\"itemscope\" itemtype=\"https:\/\/schema.org\/BlogPosting\" itemprop=\"blogPost\" ><div class='avia_textblock  '   itemprop=\"text\" ><p style=\"text-align: center;\"><span style=\"font-size: 18pt;\"><strong>Experto de la OIT capacita a representantes Sindicales de Ays\u00e9n<\/strong><\/span><\/p>\n<div id=\"gtx-trans\" style=\"position: absolute; left: -50px; top: 4.31534px;\">\n<div class=\"gtx-trans-icon\"><\/div>\n<\/div>\n<\/div><\/section><\/div><div class=\"flex_column av_one_full  flex_column_div av-zero-column-padding first  avia-builder-el-4  el_after_av_one_full  el_before_av_hr  column-top-margin\" style='border-radius:0px; '><section class=\"av_textblock_section \"  itemscope=\"itemscope\" itemtype=\"https:\/\/schema.org\/BlogPosting\" itemprop=\"blogPost\" ><div class='avia_textblock  '   itemprop=\"text\" ><p style=\"text-align: justify;\"><em>Dentro del contexto del &#8216;Encuentro de Di\u00e1logo Social&#8217; organizado por La Araucana dirigentes se reunieron para dialogar sobre la relevancia del empleo digno en los entornos laborales.<\/em><\/p>\n<p style=\"text-align: justify;\">Siguiendo su compromiso de impulsar el bienestar de sus afiliados trabajadores, se llev\u00f3 a cabo en Coyhaique un nuevo \u00abEncuentro de Di\u00e1logo Social\u00bb, promovido por Caja La Araucana. En esta ocasi\u00f3n, el evento congreg\u00f3 a representantes de empresas e instituciones p\u00fablicas de la regi\u00f3n de Ays\u00e9n, con el objetivo de explorar v\u00edas para mejorar los entornos laborales en cada una de sus organizaciones.<\/p>\n<p style=\"text-align: justify;\">En el encuentro, particip\u00f3 el director regional del Trabajo, Christian Aros Troncoso; el acad\u00e9mico de la Universidad de Chile y Consultor de la OIT, Rolando Poblete; la gerenta de Comunicaciones y Asuntos P\u00fablicos de La Araucana, Lorena Norambuena; as\u00ed como los agentes de las sucursales de Coyhaique y Puerto Ays\u00e9n, Susana Tapia y Mario Mayorga.<\/p>\n<p style=\"text-align: justify;\">A la actividad asistieron representantes de empresas e instituciones regionales, como Unimarc, Gendarmer\u00eda, Registro Civil, Salmones Blumar, Empresa de Seguridad Galvez, entre otros quienes destacaron la oportunidad de formaci\u00f3n, resaltando la importancia de establecer canales de comunicaci\u00f3n y encuentro con los empleadores para perfeccionar las condiciones laborales.<\/p>\n<p style=\"text-align: justify;\">El director regional del Trabajo, Christian Aros, coment\u00f3 sobre la instancia que \u201cpara nosotros como Direcci\u00f3n del Trabajo, el trabajo decente y el di\u00e1logo social son pilares fundamentales de nuestra administraci\u00f3n. Estas actividades que est\u00e1 organizando La Araucana van en el sentido correcto de acercar a los dirigentes y l\u00edderes en las materias que son relevantes para el sector del trabajo, que conozcamos lo que es el trabajo decente, de qu\u00e9 se compone y que promovamos el di\u00e1logo social. Esperamos que estas iniciativas se sigan replicando\u201d.<\/p>\n<p style=\"text-align: justify;\">Por su parte, sobre la importancia de realizar este tipo de actividades, el Consultor de la OIT, Rolando Poblete, destac\u00f3 la iniciativa y mencion\u00f3 que \u201chemos podido conversar en torno a la relevancia del di\u00e1logo social como medio para alcanzar el trabajo decente. Este tipo de instancias son fundamentales para escuchar la perspectiva y opini\u00f3n de los trabajadores y sindicatos y a partir de ah\u00ed ir construyendo acuerdos que nos permitan avanzar hacia mejores condiciones laborales para todos y todas\u201d.<\/p>\n<p style=\"text-align: justify;\">Lorena Norambuena, Gerenta de Comunicaciones y Asuntos P\u00fablicos de La Araucana enfatiz\u00f3 que la organizaci\u00f3n de este encuentro \u00abdemuestra el compromiso s\u00f3lido de La Araucana en estrechar a\u00fan m\u00e1s sus lazos con los afiliados y mejorar su bienestar, especialmente en el \u00e1mbito laboral. Estas iniciativas fomentan la reflexi\u00f3n entre los trabajadores en diversas empresas de la regi\u00f3n y motiv\u00e1ndolos a buscar mejoras en sus condiciones de trabajo\u00bb.<\/p>\n<p style=\"text-align: justify;\">La actividad, es parte de una serie de eventos organizados por La Araucana, orientados a l\u00edderes empresariales, sindicalistas y asociaciones de funcionarios que se realizaron en todas las regiones del pa\u00eds a lo largo del 2023.<\/p>\n<p style=\"text-align: justify;\">En concreto, esta iniciativa se inscribe en el compromiso adoptado por la caja de compensaci\u00f3n de orientar su estrategia seg\u00fan los 17 Objetivos de Desarrollo Sostenible (ODS). En el caso espec\u00edfico de este evento, dicho compromiso se tradujo en la promoci\u00f3n del Objetivo n\u00famero 8, centrado en estimular el trabajo decente.<\/p>\n<\/div><\/section><\/div><div  style='height:50px' class='hr hr-invisible   avia-builder-el-6  el_after_av_one_full  el_before_av_social_share '><span class='hr-inner ' ><span class='hr-inner-style'><\/span><\/span><\/div><\/p>\n<div  class='av-social-sharing-box  avia-builder-el-7  el_after_av_hr  el_before_av_hr  '><div class='av-share-box'><h5 class='av-share-link-description av-no-toc '>Compartir esta noticia<\/h5><ul class='av-share-box-list noLightbox'><li class='av-share-link av-social-link-facebook' ><a target=\"_blank\" aria-label=\"Compartir en Facebook\" href='https:\/\/www.facebook.com\/sharer.php?u=https:\/\/radiorevelacionfm.cl\/?p=38160&#038;t=Experto%20de%20la%20OIT%20capacita%20a%20representantes%20Sindicales%20de%20Ays%C3%A9n' aria-hidden='false' data-av_icon='\ue8f3' data-av_iconfont='entypo-fontello' title='' data-avia-related-tooltip='Compartir en Facebook' rel=\"noopener\"><span class='avia_hidden_link_text'>Compartir en Facebook<\/span><\/a><\/li><li class='av-share-link av-social-link-twitter' ><a target=\"_blank\" aria-label=\"Compartir en Twitter\" href='https:\/\/twitter.com\/share?text=Experto%20de%20la%20OIT%20capacita%20a%20representantes%20Sindicales%20de%20Ays%C3%A9n&#038;url=https:\/\/radiorevelacionfm.cl\/?p=38160' aria-hidden='false' data-av_icon='\ue8f1' data-av_iconfont='entypo-fontello' title='' data-avia-related-tooltip='Compartir en Twitter' rel=\"noopener\"><span class='avia_hidden_link_text'>Compartir en Twitter<\/span><\/a><\/li><li class='av-share-link av-social-link-whatsapp' ><a target=\"_blank\" aria-label=\"Compartir en Whatsapp\" href='https:\/\/api.whatsapp.com\/send?text=https:\/\/radiorevelacionfm.cl\/?p=38160' aria-hidden='false' data-av_icon='\uf232' data-av_iconfont='entypo-fontello' title='' data-avia-related-tooltip='Compartir en Whatsapp' rel=\"noopener\"><span class='avia_hidden_link_text'>Compartir en Whatsapp<\/span><\/a><\/li><li class='av-share-link av-social-link-linkedin' ><a target=\"_blank\" aria-label=\"Compartir en LinkedIn\" href='https:\/\/linkedin.com\/shareArticle?mini=true&#038;title=Experto%20de%20la%20OIT%20capacita%20a%20representantes%20Sindicales%20de%20Ays%C3%A9n&#038;url=https:\/\/radiorevelacionfm.cl\/?p=38160' aria-hidden='false' data-av_icon='\ue8fc' data-av_iconfont='entypo-fontello' title='' data-avia-related-tooltip='Compartir en LinkedIn' rel=\"noopener\"><span class='avia_hidden_link_text'>Compartir en LinkedIn<\/span><\/a><\/li><li class='av-share-link av-social-link-mail' ><a  aria-label=\"Compartir por correo\" href='mailto:?subject=Experto%20de%20la%20OIT%20capacita%20a%20representantes%20Sindicales%20de%20Ays%C3%A9n&#038;body=https:\/\/radiorevelacionfm.cl\/?p=38160' aria-hidden='false' data-av_icon='\ue805' data-av_iconfont='entypo-fontello' title='' data-avia-related-tooltip='Compartir por correo'><span class='avia_hidden_link_text'>Compartir por correo<\/span><\/a><\/li><\/ul><\/div><\/div>\n<div  style='height:50px' class='hr hr-invisible   avia-builder-el-8  el_after_av_social_share  el_before_av_comments_list '><span class='hr-inner ' ><span class='hr-inner-style'><\/span><\/span><\/div>\n<div  class='av-buildercomment  av-blog-meta-html-info-disabled av-blog-meta-tag-disabled  '><\/div>\n","protected":false},"excerpt":{"rendered":"","protected":false},"author":1,"featured_media":38161,"comment_status":"open","ping_status":"open","sticky":false,"template":"","format":"standard","meta":{"footnotes":""},"categories":[38],"tags":[],"class_list":["post-38160","post","type-post","status-publish","format-standard","has-post-thumbnail","hentry","category-regional"],"jetpack_featured_media_url":"https:\/\/radiorevelacionfm.cl\/wp-content\/uploads\/2023\/12\/eds-3-1_optimized.jpeg","_links":{"self":[{"href":"https:\/\/radiorevelacionfm.cl\/index.php?rest_route=\/wp\/v2\/posts\/38160","targetHints":{"allow":["GET"]}}],"collection":[{"href":"https:\/\/radiorevelacionfm.cl\/index.php?rest_route=\/wp\/v2\/posts"}],"about":[{"href":"https:\/\/radiorevelacionfm.cl\/index.php?rest_route=\/wp\/v2\/types\/post"}],"author":[{"embeddable":true,"href":"https:\/\/radiorevelacionfm.cl\/index.php?rest_route=\/wp\/v2\/users\/1"}],"replies":[{"embeddable":true,"href":"https:\/\/radiorevelacionfm.cl\/index.php?rest_route=%2Fwp%2Fv2%2Fcomments&post=38160"}],"version-history":[{"count":1,"href":"https:\/\/radiorevelacionfm.cl\/index.php?rest_route=\/wp\/v2\/posts\/38160\/revisions"}],"predecessor-version":[{"id":38162,"href":"https:\/\/radiorevelacionfm.cl\/index.php?rest_route=\/wp\/v2\/posts\/38160\/revisions\/38162"}],"wp:featuredmedia":[{"embeddable":true,"href":"https:\/\/radiorevelacionfm.cl\/index.php?rest_route=\/wp\/v2\/media\/38161"}],"wp:attachment":[{"href":"https:\/\/radiorevelacionfm.cl\/index.php?rest_route=%2Fwp%2Fv2%2Fmedia&parent=38160"}],"wp:term":[{"taxonomy":"category","embeddable":true,"href":"https:\/\/radiorevelacionfm.cl\/index.php?rest_route=%2Fwp%2Fv2%2Fcategories&post=38160"},{"taxonomy":"post_tag","embeddable":true,"href":"https:\/\/radiorevelacionfm.cl\/index.php?rest_route=%2Fwp%2Fv2%2Ftags&post=38160"}],"curies":[{"name":"wp","href":"https:\/\/api.w.org\/{rel}","templated":true}]}}