{"id":38154,"date":"2023-12-19T17:01:08","date_gmt":"2023-12-19T20:01:08","guid":{"rendered":"https:\/\/radiorevelacionfm.cl\/?p=38154"},"modified":"2023-12-19T17:01:08","modified_gmt":"2023-12-19T20:01:08","slug":"seremi-paulina-ruz-entrego-dos-viviendas-inauguro-pavimentos-y-renovada-red-de-evacuacion-de-aguas-en-villa-ohiggins","status":"publish","type":"post","link":"https:\/\/radiorevelacionfm.cl\/?p=38154","title":{"rendered":"Seremi Paulina Ruz entreg\u00f3 dos viviendas, inaugur\u00f3 pavimentos y renovada red de evacuaci\u00f3n de aguas en Villa O\u2019Higgins"},"content":{"rendered":"<div class=\"flex_column av_one_full  flex_column_div av-zero-column-padding first  avia-builder-el-0  el_before_av_one_full  avia-builder-el-first  \" style='border-radius:0px; '><div  class='avia-image-container  av-styling-    avia-builder-el-1  avia-builder-el-no-sibling  avia-align-center '  itemprop=\"image\" itemscope=\"itemscope\" itemtype=\"https:\/\/schema.org\/ImageObject\"  ><div class='avia-image-container-inner'><div class='avia-image-overlay-wrap'><img decoding=\"async\" class='wp-image-38155 avia-img-lazy-loading-not-38155 avia_image' src=\"https:\/\/radiorevelacionfm.cl\/wp-content\/uploads\/2023\/12\/Entrega-de-vivienda-a-vecina-Daniela-Tisnado-1-1.jpg\" alt='' title='Entrega de vivienda a vecina Daniela Tisnado (1) (1)' height=\"600\" width=\"1067\"  itemprop=\"thumbnailUrl\" srcset=\"https:\/\/radiorevelacionfm.cl\/wp-content\/uploads\/2023\/12\/Entrega-de-vivienda-a-vecina-Daniela-Tisnado-1-1.jpg 1067w, https:\/\/radiorevelacionfm.cl\/wp-content\/uploads\/2023\/12\/Entrega-de-vivienda-a-vecina-Daniela-Tisnado-1-1-300x169.jpg 300w, https:\/\/radiorevelacionfm.cl\/wp-content\/uploads\/2023\/12\/Entrega-de-vivienda-a-vecina-Daniela-Tisnado-1-1-1030x579.jpg 1030w, https:\/\/radiorevelacionfm.cl\/wp-content\/uploads\/2023\/12\/Entrega-de-vivienda-a-vecina-Daniela-Tisnado-1-1-768x432.jpg 768w, https:\/\/radiorevelacionfm.cl\/wp-content\/uploads\/2023\/12\/Entrega-de-vivienda-a-vecina-Daniela-Tisnado-1-1-705x396.jpg 705w, https:\/\/radiorevelacionfm.cl\/wp-content\/uploads\/2023\/12\/Entrega-de-vivienda-a-vecina-Daniela-Tisnado-1-1-450x253.jpg 450w, https:\/\/radiorevelacionfm.cl\/wp-content\/uploads\/2023\/12\/Entrega-de-vivienda-a-vecina-Daniela-Tisnado-1-1-600x337.jpg 600w\" sizes=\"(max-width: 1067px) 100vw, 1067px\" \/><\/div><\/div><\/div><\/div><div class=\"flex_column av_one_full  flex_column_div av-zero-column-padding first  avia-builder-el-2  el_after_av_one_full  el_before_av_one_full  column-top-margin\" style='border-radius:0px; '><section class=\"av_textblock_section \"  itemscope=\"itemscope\" itemtype=\"https:\/\/schema.org\/BlogPosting\" itemprop=\"blogPost\" ><div class='avia_textblock  '   itemprop=\"text\" ><p style=\"text-align: center;\"><span style=\"font-size: 18pt;\"><strong>Seremi Paulina Ruz entreg\u00f3 dos viviendas, inaugur\u00f3 pavimentos y renovada red de evacuaci\u00f3n de aguas en Villa O\u2019Higgins<\/strong><\/span><\/p>\n<div id=\"gtx-trans\" style=\"position: absolute; left: -50px; top: 4.31534px;\">\n<div class=\"gtx-trans-icon\"><\/div>\n<\/div>\n<\/div><\/section><\/div><div class=\"flex_column av_one_full  flex_column_div av-zero-column-padding first  avia-builder-el-4  el_after_av_one_full  el_before_av_hr  column-top-margin\" style='border-radius:0px; '><section class=\"av_textblock_section \"  itemscope=\"itemscope\" itemtype=\"https:\/\/schema.org\/BlogPosting\" itemprop=\"blogPost\" ><div class='avia_textblock  '   itemprop=\"text\" ><p style=\"text-align: justify;\">Con la entrega de dos viviendas, la inauguraci\u00f3n de cerca de mil metros lineales de pavimentos y de los trabajos de renovaci\u00f3n de la red de evacuaci\u00f3n de aguas lluvias de la localidad, la Seremi de Vivienda y Urbanismo, Paulina Ruz Delf\u00edn, culmin\u00f3 recientemente una gira de tres d\u00edas por la comuna de O\u2019Higgins. Durante su visita la autoridad firm\u00f3 adem\u00e1s un convenio de ordenamiento territorial con el Municipio y se reuni\u00f3 con un comit\u00e9 de est\u00e1 gestionado terreno para su proyecto habitacional.<\/p>\n<p style=\"text-align: justify;\">Al hacer un balance de sus actividades, la representante del Minvu valor\u00f3 el contacto con los vecinos y la posibilidad de entregar obras importantes para la comunidad. \u201cCompartimos muy buenas noticias con las familias y nos vamos con la satisfacci\u00f3n de haber podido entregar viviendas y de inaugurar m\u00e1s de diez cuadras de pavimentos, obras terminadas que demuestran como el Gobierno, a trav\u00e9s del Minvu, siguen mejorando la vida de nuestra gente, tanto en los centros urbanos como en las localidades m\u00e1s peque\u00f1as o alejadas de la capital regional. Creo que han sido jornadas de trabajo muy provechosas, ya que tambi\u00e9n hicimos visitas a terreno en viviendas de construcci\u00f3n en sitio residente, donde la empresa que las construy\u00f3 que es de la propia Villa, lo que le otorga un sello importante de identidad territorial\u201d, manifest\u00f3.<\/p>\n<p style=\"text-align: justify;\">Entre las principales acciones desarrolladas, la Seremi Paulina Ruz, junto al Alcalde Jos\u00e9 Fica, y la Delegada provincial de Serviu, Tatiana Aguilera, hicieron entrega de sus viviendas a las vecinas Elena Beroiza y Daniela Tisnado, quienes expresaron su alegr\u00eda de haber dado este gran paso en sus vidas. \u00a0\u201cEsper\u00e9 harto, pero vali\u00f3 la pena y ya estoy ac\u00e1 y estoy contenta. La vivienda es muy linda, muy buena, creo que est\u00e1 preparada para todo lo que venga, los vientos, las lluvias, el fr\u00edo.\u00a0 A la gente que necesita una casa les puedo decir que tengan fe no m\u00e1s porque a veces las cosas no son f\u00e1ciles y cuestan, pero finalmente salen\u201d, indic\u00f3 Elena Bero\u00edza.<\/p>\n<p style=\"text-align: justify;\">El Alcalde Jos\u00e9 Fica destac\u00f3 tambi\u00e9n el significado de estos adelantos para cada grupo familiar. \u00a0\u201cAdem\u00e1s de cambiar la cara a Villa O\u2019Higgins lo importante es el cambio en la calidad de vida de las personas que se adjudicaron estas viviendas. Esto les va a cambiar la vida a ellos y sus familias, ya que ahora van a vivir mejor, sin pasar fr\u00edo, esta ahora es su casa y ese es el gran logro para la gente. Nosotros estamos empe\u00f1ados con el Departamento de vivienda de la municipalidad de postular proyectos al Serviu, porque ah\u00ed est\u00e1n los recursos y lograr mayor financiamiento para nuevas viviendas, ya sea con aislaci\u00f3n t\u00e9rmica u otras modalidades que vienen a mejorar la vida de nuestra gente,\u201d, manifest\u00f3.<\/p>\n<p style=\"text-align: justify;\">Las autoridades conocieron tambi\u00e9n el avance en la construcci\u00f3n de otras tres soluciones habitacionales que se ejecutan en sitio residente, las que beneficiar\u00e1n a Luisa Aguilar, Jos\u00e9 Sep\u00falveda y Miguel Fica, quienes se mostraron conformes con el avance en la ejecuci\u00f3n de sus proyectos.<\/p>\n<p style=\"text-align: justify;\">En la tarde la Seremi Paulina Ruz se reuni\u00f3 con la directiva e integrantes del comit\u00e9 Villa Austral, quienes tuvieron la confirmaci\u00f3n de que ya pueden contar con un pa\u00f1o de terreno para su proyecto habitacional, luego de que Carabineros cediera a Bienes Nacionales dos hect\u00e1reas que permitir\u00e1n la construcci\u00f3n de las viviendas para los 30 integrantes del comit\u00e9, noticia muy significativa ya que se trata del \u00fanico terreno que queda disponible para estos fines en la localidad.<\/p>\n<p style=\"text-align: justify;\">Otro hito importante en la jornada de trabajo fue la inauguraci\u00f3n de 990 metros lineales de pavimentaci\u00f3n de la calle Teniente Merino, la cual sirve de acceso para los pobladores y visitantes que llegan a la Villa, proyecto que tambi\u00e9n fue valorado y destacado por la Seremi de Vivienda. \u201cEs una gran obra que se hizo realidad el marco del programa de Pavimentos Participativos, en su llamado n\u00famero 31, lo que nos permite contar con accesibilidad universal y tambi\u00e9n obras urbanas que bordean los mil 600 millones de pesos para embellecer la localidad, pero tambi\u00e9n para tener un entorno transitable para los vecinos y vecinas. Como Minvu trabajamos fuerte por las ciudades justas, por el Plan de Emergencia Habitacional, pero descentralizando los beneficios de las familias, llegando a todo el territorio con nuestros recursos disponibles para mejorar la calidad de vida\u201d, afirm\u00f3.<\/p>\n<p style=\"text-align: justify;\">En complemento las autoridades, dirigentes y vecinos inauguraron adem\u00e1s las obras de conservaci\u00f3n de la red secundaria de Aguas lluvias de la localidad, proyecto que tambi\u00e9n fue ejecutada por la empresa de Crist\u00f3bal Galleguillos y que se financi\u00f3 a trav\u00e9s del programa de Pavimentaci\u00f3n Participativa, con una inversi\u00f3n que super\u00f3 los 452 millones de pesos.<\/p>\n<p style=\"text-align: justify;\">Finalmente, las actividades de la Seremi de Vivienda en Villa O\u2019Higgins finalizaron con la firma de un convenio de colaboraci\u00f3n con el Municipio para la ejecuci\u00f3n del estudio para el futuro Plan Regulador para la comuna.<\/p>\n<\/div><\/section><\/div><div  style='height:50px' class='hr hr-invisible   avia-builder-el-6  el_after_av_one_full  el_before_av_social_share '><span class='hr-inner ' ><span class='hr-inner-style'><\/span><\/span><\/div><\/p>\n<div  class='av-social-sharing-box  avia-builder-el-7  el_after_av_hr  el_before_av_hr  '><div class='av-share-box'><h5 class='av-share-link-description av-no-toc '>Compartir esta noticia<\/h5><ul class='av-share-box-list noLightbox'><li class='av-share-link av-social-link-facebook' ><a target=\"_blank\" aria-label=\"Compartir en Facebook\" href='https:\/\/www.facebook.com\/sharer.php?u=https:\/\/radiorevelacionfm.cl\/?p=38154&#038;t=Seremi%20Paulina%20Ruz%20entreg%C3%B3%20dos%20viviendas%2C%20inaugur%C3%B3%20pavimentos%20y%20renovada%20red%20de%20evacuaci%C3%B3n%20de%20aguas%20en%20Villa%20O%E2%80%99Higgins' aria-hidden='false' data-av_icon='\ue8f3' data-av_iconfont='entypo-fontello' title='' data-avia-related-tooltip='Compartir en Facebook' rel=\"noopener\"><span class='avia_hidden_link_text'>Compartir en Facebook<\/span><\/a><\/li><li class='av-share-link av-social-link-twitter' ><a target=\"_blank\" aria-label=\"Compartir en Twitter\" href='https:\/\/twitter.com\/share?text=Seremi%20Paulina%20Ruz%20entreg%C3%B3%20dos%20viviendas%2C%20inaugur%C3%B3%20pavimentos%20y%20renovada%20red%20de%20evacuaci%C3%B3n%20de%20aguas%20en%20Villa%20O%E2%80%99Higgins&#038;url=https:\/\/radiorevelacionfm.cl\/?p=38154' aria-hidden='false' data-av_icon='\ue8f1' data-av_iconfont='entypo-fontello' title='' data-avia-related-tooltip='Compartir en Twitter' rel=\"noopener\"><span class='avia_hidden_link_text'>Compartir en Twitter<\/span><\/a><\/li><li class='av-share-link av-social-link-whatsapp' ><a target=\"_blank\" aria-label=\"Compartir en Whatsapp\" href='https:\/\/api.whatsapp.com\/send?text=https:\/\/radiorevelacionfm.cl\/?p=38154' aria-hidden='false' data-av_icon='\uf232' data-av_iconfont='entypo-fontello' title='' data-avia-related-tooltip='Compartir en Whatsapp' rel=\"noopener\"><span class='avia_hidden_link_text'>Compartir en Whatsapp<\/span><\/a><\/li><li class='av-share-link av-social-link-linkedin' ><a target=\"_blank\" aria-label=\"Compartir en LinkedIn\" href='https:\/\/linkedin.com\/shareArticle?mini=true&#038;title=Seremi%20Paulina%20Ruz%20entreg%C3%B3%20dos%20viviendas%2C%20inaugur%C3%B3%20pavimentos%20y%20renovada%20red%20de%20evacuaci%C3%B3n%20de%20aguas%20en%20Villa%20O%E2%80%99Higgins&#038;url=https:\/\/radiorevelacionfm.cl\/?p=38154' aria-hidden='false' data-av_icon='\ue8fc' data-av_iconfont='entypo-fontello' title='' data-avia-related-tooltip='Compartir en LinkedIn' rel=\"noopener\"><span class='avia_hidden_link_text'>Compartir en LinkedIn<\/span><\/a><\/li><li class='av-share-link av-social-link-mail' ><a  aria-label=\"Compartir por correo\" href='mailto:?subject=Seremi%20Paulina%20Ruz%20entreg%C3%B3%20dos%20viviendas%2C%20inaugur%C3%B3%20pavimentos%20y%20renovada%20red%20de%20evacuaci%C3%B3n%20de%20aguas%20en%20Villa%20O%E2%80%99Higgins&#038;body=https:\/\/radiorevelacionfm.cl\/?p=38154' aria-hidden='false' data-av_icon='\ue805' data-av_iconfont='entypo-fontello' title='' data-avia-related-tooltip='Compartir por correo'><span class='avia_hidden_link_text'>Compartir por correo<\/span><\/a><\/li><\/ul><\/div><\/div>\n<div  style='height:50px' class='hr hr-invisible   avia-builder-el-8  el_after_av_social_share  el_before_av_comments_list '><span class='hr-inner ' ><span class='hr-inner-style'><\/span><\/span><\/div>\n<div  class='av-buildercomment  av-blog-meta-html-info-disabled av-blog-meta-tag-disabled  '><\/div>\n","protected":false},"excerpt":{"rendered":"","protected":false},"author":1,"featured_media":38155,"comment_status":"open","ping_status":"open","sticky":false,"template":"","format":"standard","meta":{"footnotes":""},"categories":[57],"tags":[],"class_list":["post-38154","post","type-post","status-publish","format-standard","has-post-thumbnail","hentry","category-vivienda"],"jetpack_featured_media_url":"https:\/\/radiorevelacionfm.cl\/wp-content\/uploads\/2023\/12\/Entrega-de-vivienda-a-vecina-Daniela-Tisnado-1-1.jpg","_links":{"self":[{"href":"https:\/\/radiorevelacionfm.cl\/index.php?rest_route=\/wp\/v2\/posts\/38154","targetHints":{"allow":["GET"]}}],"collection":[{"href":"https:\/\/radiorevelacionfm.cl\/index.php?rest_route=\/wp\/v2\/posts"}],"about":[{"href":"https:\/\/radiorevelacionfm.cl\/index.php?rest_route=\/wp\/v2\/types\/post"}],"author":[{"embeddable":true,"href":"https:\/\/radiorevelacionfm.cl\/index.php?rest_route=\/wp\/v2\/users\/1"}],"replies":[{"embeddable":true,"href":"https:\/\/radiorevelacionfm.cl\/index.php?rest_route=%2Fwp%2Fv2%2Fcomments&post=38154"}],"version-history":[{"count":1,"href":"https:\/\/radiorevelacionfm.cl\/index.php?rest_route=\/wp\/v2\/posts\/38154\/revisions"}],"predecessor-version":[{"id":38156,"href":"https:\/\/radiorevelacionfm.cl\/index.php?rest_route=\/wp\/v2\/posts\/38154\/revisions\/38156"}],"wp:featuredmedia":[{"embeddable":true,"href":"https:\/\/radiorevelacionfm.cl\/index.php?rest_route=\/wp\/v2\/media\/38155"}],"wp:attachment":[{"href":"https:\/\/radiorevelacionfm.cl\/index.php?rest_route=%2Fwp%2Fv2%2Fmedia&parent=38154"}],"wp:term":[{"taxonomy":"category","embeddable":true,"href":"https:\/\/radiorevelacionfm.cl\/index.php?rest_route=%2Fwp%2Fv2%2Fcategories&post=38154"},{"taxonomy":"post_tag","embeddable":true,"href":"https:\/\/radiorevelacionfm.cl\/index.php?rest_route=%2Fwp%2Fv2%2Ftags&post=38154"}],"curies":[{"name":"wp","href":"https:\/\/api.w.org\/{rel}","templated":true}]}}