{"id":38151,"date":"2023-12-19T16:23:45","date_gmt":"2023-12-19T19:23:45","guid":{"rendered":"https:\/\/radiorevelacionfm.cl\/?p=38151"},"modified":"2023-12-19T16:23:45","modified_gmt":"2023-12-19T19:23:45","slug":"financiada-por-corfo-incubadora-de-negocios-de-ecoterraneo-logro-importantes-avances-con-emprendedores-as","status":"publish","type":"post","link":"https:\/\/radiorevelacionfm.cl\/?p=38151","title":{"rendered":"Financiada por CORFO: Incubadora de Negocios de Ecoterr\u00e1neo logr\u00f3 importantes avances con emprendedores\/as"},"content":{"rendered":"<div class=\"flex_column av_one_full  flex_column_div av-zero-column-padding first  avia-builder-el-0  el_before_av_one_full  avia-builder-el-first  \" style='border-radius:0px; '><div  class='avia-image-container  av-styling-    avia-builder-el-1  avia-builder-el-no-sibling  avia-align-center '  itemprop=\"image\" itemscope=\"itemscope\" itemtype=\"https:\/\/schema.org\/ImageObject\"  ><div class='avia-image-container-inner'><div class='avia-image-overlay-wrap'><img decoding=\"async\" class='wp-image-38152 avia-img-lazy-loading-not-38152 avia_image' src=\"https:\/\/radiorevelacionfm.cl\/wp-content\/uploads\/2023\/12\/PRIMER-ANO-INCUBADORA-1-1-1.jpg\" alt='' title='PRIMER A\u00d1O INCUBADORA 1 (1) (1)' height=\"600\" width=\"1067\"  itemprop=\"thumbnailUrl\" srcset=\"https:\/\/radiorevelacionfm.cl\/wp-content\/uploads\/2023\/12\/PRIMER-ANO-INCUBADORA-1-1-1.jpg 1067w, https:\/\/radiorevelacionfm.cl\/wp-content\/uploads\/2023\/12\/PRIMER-ANO-INCUBADORA-1-1-1-300x169.jpg 300w, https:\/\/radiorevelacionfm.cl\/wp-content\/uploads\/2023\/12\/PRIMER-ANO-INCUBADORA-1-1-1-1030x579.jpg 1030w, https:\/\/radiorevelacionfm.cl\/wp-content\/uploads\/2023\/12\/PRIMER-ANO-INCUBADORA-1-1-1-768x432.jpg 768w, https:\/\/radiorevelacionfm.cl\/wp-content\/uploads\/2023\/12\/PRIMER-ANO-INCUBADORA-1-1-1-705x396.jpg 705w, https:\/\/radiorevelacionfm.cl\/wp-content\/uploads\/2023\/12\/PRIMER-ANO-INCUBADORA-1-1-1-450x253.jpg 450w, https:\/\/radiorevelacionfm.cl\/wp-content\/uploads\/2023\/12\/PRIMER-ANO-INCUBADORA-1-1-1-600x337.jpg 600w\" sizes=\"(max-width: 1067px) 100vw, 1067px\" \/><\/div><\/div><\/div><\/div><div class=\"flex_column av_one_full  flex_column_div av-zero-column-padding first  avia-builder-el-2  el_after_av_one_full  el_before_av_one_full  column-top-margin\" style='border-radius:0px; '><section class=\"av_textblock_section \"  itemscope=\"itemscope\" itemtype=\"https:\/\/schema.org\/BlogPosting\" itemprop=\"blogPost\" ><div class='avia_textblock  '   itemprop=\"text\" ><p style=\"text-align: center;\"><span style=\"font-size: 18pt;\"><strong>Financiada por CORFO: Incubadora de Negocios de Ecoterr\u00e1neo logr\u00f3 importantes avances con emprendedores\/as<\/strong><\/span><\/p>\n<div id=\"gtx-trans\" style=\"position: absolute; left: -50px; top: 4.31534px;\">\n<div class=\"gtx-trans-icon\"><\/div>\n<\/div>\n<\/div><\/section><\/div><div class=\"flex_column av_one_full  flex_column_div av-zero-column-padding first  avia-builder-el-4  el_after_av_one_full  el_before_av_hr  column-top-margin\" style='border-radius:0px; '><section class=\"av_textblock_section \"  itemscope=\"itemscope\" itemtype=\"https:\/\/schema.org\/BlogPosting\" itemprop=\"blogPost\" ><div class='avia_textblock  '   itemprop=\"text\" ><p style=\"text-align: justify;\">Finaliz\u00f3 su primer a\u00f1o de actividades la Primera Incubadora de Negocios de la regi\u00f3n, con un balance positivo de todos los organismos que han sido parte de su financiamiento y puesta en marcha, incubadora que se instal\u00f3 y funciona desde Puerto Ays\u00e9n gracias a Ecoterr\u00e1neo Patagonia Cowork, que est\u00e1 bajo el alero de Geogama.<\/p>\n<p style=\"text-align: justify;\">Fueron meses de jornadas muy intensas, teor\u00eda, practica, actividades presenciales, otras online, talleres, capacitaciones, asesor\u00edas y un acompa\u00f1amiento permanente para muchos que estaban comenzando, otros con importantes avances y algunos solo con sus ideas de negocio.<\/p>\n<p style=\"text-align: justify;\">De esta forma, gracias al importante financiamiento y respaldo de la CORFO, la Incubadora de Negocios celebr\u00f3 su primer a\u00f1o, donde los emprendedores y emprendedoras relataron su experiencia, algo que puso en valor el director regional de este servicio, Humberto Mar\u00edn.<\/p>\n<p style=\"text-align: justify;\">\u201cLos emprendedores, son hombres y mujeres que trabajan con mucho esfuerzo, por lo tanto, los espacios que se pueden generar desde la CORFO, con alianza p\u00fablico \u2013 privada y es un mandato de Gobierno, acercar en un proceso de descentralizaci\u00f3n regional, espacios como la Incubadora de Negocios que hoy d\u00eda nos acoge y que est\u00e1 en Puerto Ays\u00e9n. La primera Incubadora de Negocios que tiene la CORFO la tenemos instalada en Puerto Ays\u00e9n y hoy estamos celebrando su primer a\u00f1o, vamos a continuar dos a\u00f1os m\u00e1s, con treinta emprendedores de la regi\u00f3n de Ays\u00e9n\u201d.<\/p>\n<p style=\"text-align: justify;\">Por su parte, el Seremi de Econom\u00eda, Fomento y Turismo, Felipe Rojas, destac\u00f3 el trabajo que est\u00e1 llevando a cabo Ecoterr\u00e1neo, algo permanente y en director beneficio de los emprendedores, algo de lo que esta autoridad ha sido testigo. \u201cEsta es parte de una serie de actividades en las cuales hemos estado comprometidos junto a Ecoterr\u00e1neo, vemos que el trabajo del equipo, de Marcela y todos quienes est\u00e1n ac\u00e1 presentes le dan vida a este espacio, comprometen el trabajo de los emprendedores. Porque finalmente a nosotros como Gobierno nos interesa, fortalecer y apoyar a quienes est\u00e1n emprendiendo y est\u00e1n fortaleciendo el desarrollo econ\u00f3mico de la regi\u00f3n de Ays\u00e9n. Claramente ac\u00e1 en Ecoterr\u00e1neo podemos ver distintas actividades, algunas de cooperativas y ahora cerrando un ciclo con una academia de emprendedores\u201d.<\/p>\n<p style=\"text-align: justify;\">Geogama es la empresa madre de Ecoterr\u00e1neo, su gerente t\u00e9cnico y director, Francisco Olivera, quiso recordar que quienes integran esta entidad privada, son todos ayseninos, han ido creciendo y cree que un rol social importante con la comunidad se est\u00e1 desarrollando a trav\u00e9s de la Incubadora de Negocios, la Academia para emprendedores y el trabajo directo con la comunidad.<\/p>\n<p style=\"text-align: justify;\">\u201cSomos de ac\u00e1, vivimos ac\u00e1, entonces, ah\u00ed naci\u00f3 la idea de Ecoterr\u00e1neo, que es nuestro proyecto de responsabilidad social, donde hemos invertido, este es el cuarto a\u00f1o que llevamos trabajando, apoy\u00e1ndonos con CORFO, una parte CORFO otra parte GEOGAMA, apoyando a los emprendedores de Ays\u00e9n, para hacerlos crecer y dejar una peque\u00f1a semilla en la zona, ese es nuestro fin. Estamos s\u00faper contentos, estamos felices del cierre de este primer a\u00f1o de la primera Incubadora que se est\u00e1 realizando ac\u00e1\u201d.<\/p>\n<p style=\"text-align: justify;\">Algunos de los emprendedores que fueron parte de esta primera Incubadora de Negocios de la regi\u00f3n de Ays\u00e9n, dieron cuenta de su experiencia y el trabajo realizando en conjunto a Ecoterr\u00e1neo. El\u00edas Rosas de \u201clombrices californianas Coyhaique\u201d, coment\u00f3.<\/p>\n<p style=\"text-align: justify;\">\u201cEsto ha sido sumamente positivo, sumamente bueno para el emprendimiento, sobre todo yo que soy joven, tengo 18 a\u00f1os. Esto nace a los 12 a\u00f1os, lombrices californianas Coyhaique ya es una empresa y desde ese punto trabajamos todos los que son productos org\u00e1nicos, las cascaras de frutas y verduras, a trav\u00e9s de la lombriz californiana. Entonces, el apoyo de Ecoterr\u00e1neo, que abre este tipo de espacios para los emprendedores de la regi\u00f3n, es sumamente positivo, para que puedan desarrollar sus ideas de negocios\u201d.<\/p>\n<p style=\"text-align: justify;\">Denis Leal, creadora del emporio de Berenice, remarc\u00f3 la importancia de contar con asesor\u00eda por parte de la Incubadora de Negocios, por ello, fue parte en cada una de las instancias en la que fue convocada. \u201cYo vine a todos los talleres, ha sido s\u00faper bueno, los chiquillos tienen una disposici\u00f3n \u00fanica, incluso he venido con mis hijos, les han tenido paciencia, a veces les preparaban una salita con pel\u00edculas. As\u00ed es que, la experiencia con Ecoterr\u00e1neo fue maravillosa y los chiquillos son un siete como equipo y claramente los he recomendado, si tienes un emprendimiento anda a Ecoterr\u00e1neo, yo creo que este otro a\u00f1o van a abrir sus postulaciones y la verdad ha sido una experiencia muy buena\u201d.<\/p>\n<p style=\"text-align: justify;\">Diego Salas de \u201cestablos del Rio Simpson\u201d, enfatiz\u00f3 en el trabajo de la incubadora a trav\u00e9s de la vinculaci\u00f3n con los entes p\u00fablicos que permiten postular a proyectos y dar mayor crecimiento a las iniciativas que los emprendedores llevan adelante. \u201cSomos la primera camada de emprendedores que saca esta incubadora, tuvimos la suerte de poder conectar con las distintas entidades que nos ayudan como, SERCOTEC, CORFO y otras entidades que nos impulsaron tambi\u00e9n a dar el paso m\u00e1s importante, que es al final, poder establecer, organizar y emprender de manera formal, que es lo que muchos de nosotros necesitamos para poder comenzar con este camino del emprendedor\u201d.<\/p>\n<p style=\"text-align: justify;\">Esta etapa de la Incubadora de Negocios de Puerto Ays\u00e9n, la primera en la regi\u00f3n e instalada en una empresa local como Ecoterr\u00e1neo, busca seguir entregando espacios a los emprendedores y emprendedoras, pero tambi\u00e9n a los empresarios, servicios p\u00fablicos, organizaciones que buscan el crecimiento de Ays\u00e9n desde sus distintas \u00e1reas. Por ello, ya se est\u00e1 preparando el plan de trabajo 2024, el que pronto se dar\u00e1 a conocer a la comunidad para continuar en la l\u00ednea del conocimiento, del trabajo colaborativo y de la vinculaci\u00f3n entre lo p\u00fablico y lo privado, que demostr\u00f3 positivos resultados a trav\u00e9s de la Incubadora de Negocios financiada por la CORFO y ejecutada por Ecoterrr\u00e1neo Patagonia Cowork.<\/p>\n<\/div><\/section><\/div><div  style='height:50px' class='hr hr-invisible   avia-builder-el-6  el_after_av_one_full  el_before_av_social_share '><span class='hr-inner ' ><span class='hr-inner-style'><\/span><\/span><\/div><\/p>\n<div  class='av-social-sharing-box  avia-builder-el-7  el_after_av_hr  el_before_av_hr  '><div class='av-share-box'><h5 class='av-share-link-description av-no-toc '>Compartir esta noticia<\/h5><ul class='av-share-box-list noLightbox'><li class='av-share-link av-social-link-facebook' ><a target=\"_blank\" aria-label=\"Compartir en Facebook\" href='https:\/\/www.facebook.com\/sharer.php?u=https:\/\/radiorevelacionfm.cl\/?p=38151&#038;t=Financiada%20por%20CORFO%3A%20Incubadora%20de%20Negocios%20de%20Ecoterr%C3%A1neo%20logr%C3%B3%20importantes%20avances%20con%20emprendedores%2Fas' aria-hidden='false' data-av_icon='\ue8f3' data-av_iconfont='entypo-fontello' title='' data-avia-related-tooltip='Compartir en Facebook' rel=\"noopener\"><span class='avia_hidden_link_text'>Compartir en Facebook<\/span><\/a><\/li><li class='av-share-link av-social-link-twitter' ><a target=\"_blank\" aria-label=\"Compartir en Twitter\" href='https:\/\/twitter.com\/share?text=Financiada%20por%20CORFO%3A%20Incubadora%20de%20Negocios%20de%20Ecoterr%C3%A1neo%20logr%C3%B3%20importantes%20avances%20con%20emprendedores%2Fas&#038;url=https:\/\/radiorevelacionfm.cl\/?p=38151' aria-hidden='false' data-av_icon='\ue8f1' data-av_iconfont='entypo-fontello' title='' data-avia-related-tooltip='Compartir en Twitter' rel=\"noopener\"><span class='avia_hidden_link_text'>Compartir en Twitter<\/span><\/a><\/li><li class='av-share-link av-social-link-whatsapp' ><a target=\"_blank\" aria-label=\"Compartir en Whatsapp\" href='https:\/\/api.whatsapp.com\/send?text=https:\/\/radiorevelacionfm.cl\/?p=38151' aria-hidden='false' data-av_icon='\uf232' data-av_iconfont='entypo-fontello' title='' data-avia-related-tooltip='Compartir en Whatsapp' rel=\"noopener\"><span class='avia_hidden_link_text'>Compartir en Whatsapp<\/span><\/a><\/li><li class='av-share-link av-social-link-linkedin' ><a target=\"_blank\" aria-label=\"Compartir en LinkedIn\" href='https:\/\/linkedin.com\/shareArticle?mini=true&#038;title=Financiada%20por%20CORFO%3A%20Incubadora%20de%20Negocios%20de%20Ecoterr%C3%A1neo%20logr%C3%B3%20importantes%20avances%20con%20emprendedores%2Fas&#038;url=https:\/\/radiorevelacionfm.cl\/?p=38151' aria-hidden='false' data-av_icon='\ue8fc' data-av_iconfont='entypo-fontello' title='' data-avia-related-tooltip='Compartir en LinkedIn' rel=\"noopener\"><span class='avia_hidden_link_text'>Compartir en LinkedIn<\/span><\/a><\/li><li class='av-share-link av-social-link-mail' ><a  aria-label=\"Compartir por correo\" href='mailto:?subject=Financiada%20por%20CORFO%3A%20Incubadora%20de%20Negocios%20de%20Ecoterr%C3%A1neo%20logr%C3%B3%20importantes%20avances%20con%20emprendedores%2Fas&#038;body=https:\/\/radiorevelacionfm.cl\/?p=38151' aria-hidden='false' data-av_icon='\ue805' data-av_iconfont='entypo-fontello' title='' data-avia-related-tooltip='Compartir por correo'><span class='avia_hidden_link_text'>Compartir por correo<\/span><\/a><\/li><\/ul><\/div><\/div>\n<div  style='height:50px' class='hr hr-invisible   avia-builder-el-8  el_after_av_social_share  el_before_av_comments_list '><span class='hr-inner ' ><span class='hr-inner-style'><\/span><\/span><\/div>\n<div  class='av-buildercomment  av-blog-meta-html-info-disabled av-blog-meta-tag-disabled  '><\/div>\n","protected":false},"excerpt":{"rendered":"","protected":false},"author":1,"featured_media":38152,"comment_status":"closed","ping_status":"closed","sticky":false,"template":"","format":"standard","meta":{"footnotes":""},"categories":[37],"tags":[],"class_list":["post-38151","post","type-post","status-publish","format-standard","has-post-thumbnail","hentry","category-economia"],"jetpack_featured_media_url":"https:\/\/radiorevelacionfm.cl\/wp-content\/uploads\/2023\/12\/PRIMER-ANO-INCUBADORA-1-1-1.jpg","_links":{"self":[{"href":"https:\/\/radiorevelacionfm.cl\/index.php?rest_route=\/wp\/v2\/posts\/38151","targetHints":{"allow":["GET"]}}],"collection":[{"href":"https:\/\/radiorevelacionfm.cl\/index.php?rest_route=\/wp\/v2\/posts"}],"about":[{"href":"https:\/\/radiorevelacionfm.cl\/index.php?rest_route=\/wp\/v2\/types\/post"}],"author":[{"embeddable":true,"href":"https:\/\/radiorevelacionfm.cl\/index.php?rest_route=\/wp\/v2\/users\/1"}],"replies":[{"embeddable":true,"href":"https:\/\/radiorevelacionfm.cl\/index.php?rest_route=%2Fwp%2Fv2%2Fcomments&post=38151"}],"version-history":[{"count":1,"href":"https:\/\/radiorevelacionfm.cl\/index.php?rest_route=\/wp\/v2\/posts\/38151\/revisions"}],"predecessor-version":[{"id":38153,"href":"https:\/\/radiorevelacionfm.cl\/index.php?rest_route=\/wp\/v2\/posts\/38151\/revisions\/38153"}],"wp:featuredmedia":[{"embeddable":true,"href":"https:\/\/radiorevelacionfm.cl\/index.php?rest_route=\/wp\/v2\/media\/38152"}],"wp:attachment":[{"href":"https:\/\/radiorevelacionfm.cl\/index.php?rest_route=%2Fwp%2Fv2%2Fmedia&parent=38151"}],"wp:term":[{"taxonomy":"category","embeddable":true,"href":"https:\/\/radiorevelacionfm.cl\/index.php?rest_route=%2Fwp%2Fv2%2Fcategories&post=38151"},{"taxonomy":"post_tag","embeddable":true,"href":"https:\/\/radiorevelacionfm.cl\/index.php?rest_route=%2Fwp%2Fv2%2Ftags&post=38151"}],"curies":[{"name":"wp","href":"https:\/\/api.w.org\/{rel}","templated":true}]}}