{"id":38147,"date":"2023-12-19T15:24:04","date_gmt":"2023-12-19T18:24:04","guid":{"rendered":"https:\/\/radiorevelacionfm.cl\/?p=38147"},"modified":"2023-12-19T15:24:04","modified_gmt":"2023-12-19T18:24:04","slug":"parque-nacional-patagonia-contara-con-un-nuevo-sendero-inclusivo","status":"publish","type":"post","link":"https:\/\/radiorevelacionfm.cl\/?p=38147","title":{"rendered":"Parque Nacional Patagonia contar\u00e1 con un nuevo sendero inclusivo"},"content":{"rendered":"<div class=\"flex_column av_one_full  flex_column_div av-zero-column-padding first  avia-builder-el-0  el_before_av_one_full  avia-builder-el-first  \" style='border-radius:0px; '><div  class='avia-image-container  av-styling-    avia-builder-el-1  avia-builder-el-no-sibling  avia-align-center '  itemprop=\"image\" itemscope=\"itemscope\" itemtype=\"https:\/\/schema.org\/ImageObject\"  ><div class='avia-image-container-inner'><div class='avia-image-overlay-wrap'><img decoding=\"async\" class='wp-image-38148 avia-img-lazy-loading-not-38148 avia_image' src=\"https:\/\/radiorevelacionfm.cl\/wp-content\/uploads\/2023\/12\/Z9A9672-copy-1-1.jpg\" alt='' title='_Z9A9672 copy (1) (1)' height=\"600\" width=\"900\"  itemprop=\"thumbnailUrl\" srcset=\"https:\/\/radiorevelacionfm.cl\/wp-content\/uploads\/2023\/12\/Z9A9672-copy-1-1.jpg 900w, https:\/\/radiorevelacionfm.cl\/wp-content\/uploads\/2023\/12\/Z9A9672-copy-1-1-300x200.jpg 300w, https:\/\/radiorevelacionfm.cl\/wp-content\/uploads\/2023\/12\/Z9A9672-copy-1-1-768x512.jpg 768w, https:\/\/radiorevelacionfm.cl\/wp-content\/uploads\/2023\/12\/Z9A9672-copy-1-1-705x470.jpg 705w, https:\/\/radiorevelacionfm.cl\/wp-content\/uploads\/2023\/12\/Z9A9672-copy-1-1-450x300.jpg 450w, https:\/\/radiorevelacionfm.cl\/wp-content\/uploads\/2023\/12\/Z9A9672-copy-1-1-600x400.jpg 600w\" sizes=\"(max-width: 900px) 100vw, 900px\" \/><\/div><\/div><\/div><\/div><div class=\"flex_column av_one_full  flex_column_div av-zero-column-padding first  avia-builder-el-2  el_after_av_one_full  el_before_av_one_full  column-top-margin\" style='border-radius:0px; '><section class=\"av_textblock_section \"  itemscope=\"itemscope\" itemtype=\"https:\/\/schema.org\/BlogPosting\" itemprop=\"blogPost\" ><div class='avia_textblock  '   itemprop=\"text\" ><h2 class=\"title\" style=\"text-align: center;\"><b><span style=\"font-size: 18pt;\">Parque Nacional Patagonia contar\u00e1 con un nuevo sendero inclusivo<\/span>\u00a0<\/b><\/h2>\n<div id=\"gtx-trans\" style=\"position: absolute; left: -50px; top: 4.31534px;\">\n<div class=\"gtx-trans-icon\"><\/div>\n<\/div>\n<\/div><\/section><\/div><div class=\"flex_column av_one_full  flex_column_div av-zero-column-padding first  avia-builder-el-4  el_after_av_one_full  el_before_av_hr  column-top-margin\" style='border-radius:0px; '><section class=\"av_textblock_section \"  itemscope=\"itemscope\" itemtype=\"https:\/\/schema.org\/BlogPosting\" itemprop=\"blogPost\" ><div class='avia_textblock  '   itemprop=\"text\" ><p style=\"text-align: justify;\"><i>Las obras, financiadas por el Gobierno Regional de Ays\u00e9n y ejecutadas por\u00a0la Direcci\u00f3n de Arquitectura del MOP, ya cuentan con un 80% de avance. Contemplan miradores, puentes y elementos de protecci\u00f3n. \u00a0\u00a0<\/i><\/p>\n<p style=\"text-align: justify;\">Destacando la implementaci\u00f3n de infraestructura con foco en el turismo y la conservaci\u00f3n, adem\u00e1s del programa que permite la creaci\u00f3n de empleo, recuperaci\u00f3n de bosques y generaci\u00f3n de insumos para la comunidad de Chile Chico, la subsecretaria de Agricultura, Ignacia Fern\u00e1ndez, continu\u00f3 su recorrido por la regi\u00f3n de Ays\u00e9n.<\/p>\n<p style=\"text-align: justify;\">Durante esta jornada la autoridad se traslad\u00f3 hasta el sector Jeinimeni, en Chile Chico, donde se emplaza el Parque Nacional Patagonia, cuya superficie supera las 300 mil hect\u00e1reas. En el lugar, junto al delegado presidencial provincial de General Carrera, Crist\u00f3bal Barcel\u00f3, el seremi de Agricultura de Ays\u00e9n, Alan Espinoza y el director (i) de CONAF Ays\u00e9n, Ronald Valenzuela, recorri\u00f3 las obras de un sendero inclusivo de 8.7 kil\u00f3metros, que abarca las \u00e1reas de Piedra Clavada, Cueva de las Manos y Valle Lunar.<\/p>\n<p style=\"text-align: justify;\">Este proyecto, cuyo objetivo es potenciar el desarrollo tur\u00edstico, educativo y arqueol\u00f3gico de esta \u00c1rea Silvestre Protegida, es financiado con recursos del Gobierno Regional de Ays\u00e9n y se est\u00e1 ejecutando junto a la Direcci\u00f3n de Arquitectura del MOP.<\/p>\n<p style=\"text-align: justify;\">\u201cEstamos en una regi\u00f3n donde m\u00e1s del 50% del territorio son reservas naturales y hemos podido ver estas obras que permitir\u00e1n que el parque tenga un acceso m\u00e1s inclusivo\u201d, se\u00f1al\u00f3 la subsecretaria en el lugar. \u201cSe est\u00e1 avanzando en una primera etapa que tiene que ver con la construcci\u00f3n de un sendero, pero vienen otras obras. Estamos fuertemente preocupados por hacer accesible nuestras reservas para todas las personas nacionales y extranjeras, promocionando as\u00ed el turismo local, que es una actividad muy importante para esta zona del pa\u00eds\u201d, agreg\u00f3.<\/p>\n<p style=\"text-align: justify;\">Por su parte el Delegado Presidencial Provincial General Carrera, Crist\u00f3bal Barcel\u00f3, resalt\u00f3 la importancia de este proyecto para el \u00a0turismo y \u00a0la econom\u00eda local, a trav\u00e9s de un proyecto impulsado por el Ministerio de Agricultura y el MOP.<\/p>\n<p style=\"text-align: justify;\">\u201cQuienes han estado preocupados y pendientes de que se desarrolle esta nueva ruta, este mejoramiento de un sendero muy transitado que recibe miles de turistas por temporada. Por lo tanto mejorar esto significa mejorar las condiciones del turismo y las condiciones econ\u00f3micas\u201d, sotuvo.<\/p>\n<p style=\"text-align: justify;\">El director (i) de CONAF Ays\u00e9n, Ronald Valenzuela, en tanto, destac\u00f3 que \u201cparte de nuestra misi\u00f3n es conservar las \u00e1reas silvestres protegidas, pero m\u00e1s all\u00e1 de la conservaci\u00f3n propiamente tal, nos interesa acercar a la comunidad. Estructuras como las que estamos viendo ac\u00e1, sin duda, permite que las personas con capacidades diferentes puedas acceder a estas \u00e1reas. Antes les habr\u00eda sido casi imposible llegar a presenciar un paisaje como \u00e9ste, pero ahora cualquier persona que tenga el inter\u00e9s puede sentirse parte\u201d.<\/p>\n<p style=\"text-align: justify;\">Las obras del sendero, que ya cuentan con un 80% de avance, contemplan miradores, puentes y elementos de protecci\u00f3n y representan una inversi\u00f3n de $1.600 millones, de un total de $4.500 millones. Posterior a esto, se construir\u00e1 un centro de informaci\u00f3n ambiental y un \u00e1rea de servicios.<\/p>\n<\/div><\/section><\/div><div  style='height:50px' class='hr hr-invisible   avia-builder-el-6  el_after_av_one_full  el_before_av_social_share '><span class='hr-inner ' ><span class='hr-inner-style'><\/span><\/span><\/div><\/p>\n<div  class='av-social-sharing-box  avia-builder-el-7  el_after_av_hr  el_before_av_hr  '><div class='av-share-box'><h5 class='av-share-link-description av-no-toc '>Compartir esta noticia<\/h5><ul class='av-share-box-list noLightbox'><li class='av-share-link av-social-link-facebook' ><a target=\"_blank\" aria-label=\"Compartir en Facebook\" href='https:\/\/www.facebook.com\/sharer.php?u=https:\/\/radiorevelacionfm.cl\/?p=38147&#038;t=Parque%20Nacional%20Patagonia%20contar%C3%A1%20con%20un%20nuevo%20sendero%20inclusivo' aria-hidden='false' data-av_icon='\ue8f3' data-av_iconfont='entypo-fontello' title='' data-avia-related-tooltip='Compartir en Facebook' rel=\"noopener\"><span class='avia_hidden_link_text'>Compartir en Facebook<\/span><\/a><\/li><li class='av-share-link av-social-link-twitter' ><a target=\"_blank\" aria-label=\"Compartir en Twitter\" href='https:\/\/twitter.com\/share?text=Parque%20Nacional%20Patagonia%20contar%C3%A1%20con%20un%20nuevo%20sendero%20inclusivo&#038;url=https:\/\/radiorevelacionfm.cl\/?p=38147' aria-hidden='false' data-av_icon='\ue8f1' data-av_iconfont='entypo-fontello' title='' data-avia-related-tooltip='Compartir en Twitter' rel=\"noopener\"><span class='avia_hidden_link_text'>Compartir en Twitter<\/span><\/a><\/li><li class='av-share-link av-social-link-whatsapp' ><a target=\"_blank\" aria-label=\"Compartir en Whatsapp\" href='https:\/\/api.whatsapp.com\/send?text=https:\/\/radiorevelacionfm.cl\/?p=38147' aria-hidden='false' data-av_icon='\uf232' data-av_iconfont='entypo-fontello' title='' data-avia-related-tooltip='Compartir en Whatsapp' rel=\"noopener\"><span class='avia_hidden_link_text'>Compartir en Whatsapp<\/span><\/a><\/li><li class='av-share-link av-social-link-linkedin' ><a target=\"_blank\" aria-label=\"Compartir en LinkedIn\" href='https:\/\/linkedin.com\/shareArticle?mini=true&#038;title=Parque%20Nacional%20Patagonia%20contar%C3%A1%20con%20un%20nuevo%20sendero%20inclusivo&#038;url=https:\/\/radiorevelacionfm.cl\/?p=38147' aria-hidden='false' data-av_icon='\ue8fc' data-av_iconfont='entypo-fontello' title='' data-avia-related-tooltip='Compartir en LinkedIn' rel=\"noopener\"><span class='avia_hidden_link_text'>Compartir en LinkedIn<\/span><\/a><\/li><li class='av-share-link av-social-link-mail' ><a  aria-label=\"Compartir por correo\" href='mailto:?subject=Parque%20Nacional%20Patagonia%20contar%C3%A1%20con%20un%20nuevo%20sendero%20inclusivo&#038;body=https:\/\/radiorevelacionfm.cl\/?p=38147' aria-hidden='false' data-av_icon='\ue805' data-av_iconfont='entypo-fontello' title='' data-avia-related-tooltip='Compartir por correo'><span class='avia_hidden_link_text'>Compartir por correo<\/span><\/a><\/li><\/ul><\/div><\/div>\n<div  style='height:50px' class='hr hr-invisible   avia-builder-el-8  el_after_av_social_share  el_before_av_comments_list '><span class='hr-inner ' ><span class='hr-inner-style'><\/span><\/span><\/div>\n<div  class='av-buildercomment  av-blog-meta-html-info-disabled av-blog-meta-tag-disabled  '><\/div>\n","protected":false},"excerpt":{"rendered":"","protected":false},"author":1,"featured_media":38148,"comment_status":"open","ping_status":"open","sticky":false,"template":"","format":"standard","meta":{"footnotes":""},"categories":[66,54],"tags":[],"class_list":["post-38147","post","type-post","status-publish","format-standard","has-post-thumbnail","hentry","category-obras-publicas","category-turismo"],"jetpack_featured_media_url":"https:\/\/radiorevelacionfm.cl\/wp-content\/uploads\/2023\/12\/Z9A9672-copy-1-1.jpg","_links":{"self":[{"href":"https:\/\/radiorevelacionfm.cl\/index.php?rest_route=\/wp\/v2\/posts\/38147","targetHints":{"allow":["GET"]}}],"collection":[{"href":"https:\/\/radiorevelacionfm.cl\/index.php?rest_route=\/wp\/v2\/posts"}],"about":[{"href":"https:\/\/radiorevelacionfm.cl\/index.php?rest_route=\/wp\/v2\/types\/post"}],"author":[{"embeddable":true,"href":"https:\/\/radiorevelacionfm.cl\/index.php?rest_route=\/wp\/v2\/users\/1"}],"replies":[{"embeddable":true,"href":"https:\/\/radiorevelacionfm.cl\/index.php?rest_route=%2Fwp%2Fv2%2Fcomments&post=38147"}],"version-history":[{"count":1,"href":"https:\/\/radiorevelacionfm.cl\/index.php?rest_route=\/wp\/v2\/posts\/38147\/revisions"}],"predecessor-version":[{"id":38149,"href":"https:\/\/radiorevelacionfm.cl\/index.php?rest_route=\/wp\/v2\/posts\/38147\/revisions\/38149"}],"wp:featuredmedia":[{"embeddable":true,"href":"https:\/\/radiorevelacionfm.cl\/index.php?rest_route=\/wp\/v2\/media\/38148"}],"wp:attachment":[{"href":"https:\/\/radiorevelacionfm.cl\/index.php?rest_route=%2Fwp%2Fv2%2Fmedia&parent=38147"}],"wp:term":[{"taxonomy":"category","embeddable":true,"href":"https:\/\/radiorevelacionfm.cl\/index.php?rest_route=%2Fwp%2Fv2%2Fcategories&post=38147"},{"taxonomy":"post_tag","embeddable":true,"href":"https:\/\/radiorevelacionfm.cl\/index.php?rest_route=%2Fwp%2Fv2%2Ftags&post=38147"}],"curies":[{"name":"wp","href":"https:\/\/api.w.org\/{rel}","templated":true}]}}