{"id":38142,"date":"2023-12-19T12:38:40","date_gmt":"2023-12-19T15:38:40","guid":{"rendered":"https:\/\/radiorevelacionfm.cl\/?p=38142"},"modified":"2023-12-19T12:38:40","modified_gmt":"2023-12-19T15:38:40","slug":"temporada-de-cruceros-2023-2024-en-emporcha-continuara-con-2-nuevas-recaladas-durante-diciembre","status":"publish","type":"post","link":"https:\/\/radiorevelacionfm.cl\/?p=38142","title":{"rendered":"Temporada de Cruceros 2023-2024 en Emporcha continuar\u00e1 con 2 nuevas recaladas durante diciembre"},"content":{"rendered":"<div class=\"flex_column av_one_full  flex_column_div av-zero-column-padding first  avia-builder-el-0  el_before_av_one_full  avia-builder-el-first  \" style='border-radius:0px; '><div  class='avia-image-container  av-styling-    avia-builder-el-1  avia-builder-el-no-sibling  avia-align-center '  itemprop=\"image\" itemscope=\"itemscope\" itemtype=\"https:\/\/schema.org\/ImageObject\"  ><div class='avia-image-container-inner'><div class='avia-image-overlay-wrap'><img decoding=\"async\" class='wp-image-38143 avia-img-lazy-loading-not-38143 avia_image' src=\"https:\/\/radiorevelacionfm.cl\/wp-content\/uploads\/2023\/12\/Seven-Seas-Voyager-1-1-1.jpeg\" alt='' title='Seven Seas Voyager 1 (1) (1)' height=\"600\" width=\"800\"  itemprop=\"thumbnailUrl\" srcset=\"https:\/\/radiorevelacionfm.cl\/wp-content\/uploads\/2023\/12\/Seven-Seas-Voyager-1-1-1.jpeg 800w, https:\/\/radiorevelacionfm.cl\/wp-content\/uploads\/2023\/12\/Seven-Seas-Voyager-1-1-1-300x225.jpeg 300w, https:\/\/radiorevelacionfm.cl\/wp-content\/uploads\/2023\/12\/Seven-Seas-Voyager-1-1-1-768x576.jpeg 768w, https:\/\/radiorevelacionfm.cl\/wp-content\/uploads\/2023\/12\/Seven-Seas-Voyager-1-1-1-705x529.jpeg 705w, https:\/\/radiorevelacionfm.cl\/wp-content\/uploads\/2023\/12\/Seven-Seas-Voyager-1-1-1-450x338.jpeg 450w, https:\/\/radiorevelacionfm.cl\/wp-content\/uploads\/2023\/12\/Seven-Seas-Voyager-1-1-1-600x450.jpeg 600w\" sizes=\"(max-width: 800px) 100vw, 800px\" \/><\/div><\/div><\/div><\/div><div class=\"flex_column av_one_full  flex_column_div av-zero-column-padding first  avia-builder-el-2  el_after_av_one_full  el_before_av_one_full  column-top-margin\" style='border-radius:0px; '><section class=\"av_textblock_section \"  itemscope=\"itemscope\" itemtype=\"https:\/\/schema.org\/BlogPosting\" itemprop=\"blogPost\" ><div class='avia_textblock  '   itemprop=\"text\" ><h2 class=\"title\" style=\"text-align: center;\"><span style=\"font-size: 18pt;\"><b>Temporada de Cruceros 2023-2024 en Emporcha continuar\u00e1 con 2 nuevas recaladas durante diciembre<\/b><\/span><\/h2>\n<div id=\"gtx-trans\" style=\"position: absolute; left: -50px; top: 4.31534px;\">\n<div class=\"gtx-trans-icon\"><\/div>\n<\/div>\n<\/div><\/section><\/div><div class=\"flex_column av_one_full  flex_column_div av-zero-column-padding first  avia-builder-el-4  el_after_av_one_full  el_before_av_hr  column-top-margin\" style='border-radius:0px; '><section class=\"av_textblock_section \"  itemscope=\"itemscope\" itemtype=\"https:\/\/schema.org\/BlogPosting\" itemprop=\"blogPost\" ><div class='avia_textblock  '   itemprop=\"text\" ><p style=\"text-align: justify;\"><i>Naves \u201cMarina\u201d y \u201cSeven Seas Splendor\u201d arribar\u00e1n hacia fines del mes, con 2 mil visitantes a la regi\u00f3n de Ays\u00e9n.<\/i><\/p>\n<p style=\"text-align: justify;\">Con las recaladas del crucero \u201cMarina\u201d, el pr\u00f3ximo 26 de diciembre; y del \u201cSeven Seas Splendor\u201d, el 28 de este mes, se espera contin\u00fae la Temporada de Cruceros 2023-2024 de la Empresa Portuaria Chacabuco.<\/p>\n<p style=\"text-align: justify;\">Construido en 2011 por la l\u00ednea Oceania Cruise Line, el \u201cMarina\u201d es el buque gemelo del \u201cRiviera\u201d, tiene 239 metros de eslora y navega bajo bandera de las Islas Marshall. En su arribo a los muelles de Emporcha transporta 1.250 pasajeros -m\u00e1s una tripulaci\u00f3n de 800 personas- en sus 16 cubiertas.<\/p>\n<p style=\"text-align: justify;\">En tanto el \u201cSeven Seas Splendor\u201d, propiedad de Regent Seven Seas, construido en 2020 y de 224 metros de eslora, tambi\u00e9n llega bajo bandera de Islas Marshall, aunque con 750 pasajeros y una tripulaci\u00f3n de 550 personas aproximadamente.<\/p>\n<p style=\"text-align: justify;\">Se tratan de la segunda y tercera recalada de este ciclo tur\u00edstico que inici\u00f3 el 28 de octubre, con la llegada del buque \u201cL\u2019 Austral\u201d de la l\u00ednea Ponant, que trajo 169 pasajeros al terminal de cruceros de la compa\u00f1\u00eda estatal.<\/p>\n<p style=\"text-align: justify;\">Se espera que 13 naves de pasajeros lleguen a la infraestructura administrada por Emporcha durante este periodo, los cuales traer\u00e1n hasta las costas de Ays\u00e9n a poco m\u00e1s de 17 mil visitantes. Este ciclo se complementa con otros 10 arribos tur\u00edsticos que se producir\u00e1n en los muelles privados que opera Oxxean.<\/p>\n<p style=\"text-align: justify;\">Esta auspiciosa temporada, que en t\u00e9rminos concretos significa un crecimiento del 40% en las recaladas y de 45% en los pasajeros, en la comparativa con el periodo previo, implica una esperada normalizaci\u00f3n en los arribos al puerto aisenino, luego de una larga etapa de declive en el sector tur\u00edstico a nivel internacional a causa de la pandemia.<\/p>\n<p style=\"text-align: justify;\">\u201cEstaremos cerrando la primera parte de esta temporada con tres recaladas en 2023, para luego tener un intenso mes de enero con la llegada de siete naves, y cerrar con otras tres entre febrero y marzo. Es siempre una buena noticia recuperar la actividad de cruceros para una regi\u00f3n como Ays\u00e9n, que tiene tanto que ofrecer a los visitantes que llegan\u201d, indic\u00f3 Felipe Candia, gerente general de Emporcha, quien adem\u00e1s destac\u00f3 que el trabajo coordinado con autoridades, operadores tur\u00edsticos y gremios en materia de seguridad y promoci\u00f3n, ha permitido que los cruceristas recorran la zona y dejen recursos a la actividad local.<\/p>\n<p style=\"text-align: justify;\">La Temporada de Cruceros 2023-2024 de la Empresa Portuaria Chacabuco concluir\u00e1 el 20 de marzo de 2024, con la llegada del \u201cNorwegian Star\u201d, del gigante Norwegian Cruise Line, que llegar\u00e1 con m\u00e1s de 2.300 pasajeros.<\/p>\n<\/div><\/section><\/div><div  style='height:50px' class='hr hr-invisible   avia-builder-el-6  el_after_av_one_full  el_before_av_social_share '><span class='hr-inner ' ><span class='hr-inner-style'><\/span><\/span><\/div><\/p>\n<div  class='av-social-sharing-box  avia-builder-el-7  el_after_av_hr  el_before_av_hr  '><div class='av-share-box'><h5 class='av-share-link-description av-no-toc '>Compartir esta noticia<\/h5><ul class='av-share-box-list noLightbox'><li class='av-share-link av-social-link-facebook' ><a target=\"_blank\" aria-label=\"Compartir en Facebook\" href='https:\/\/www.facebook.com\/sharer.php?u=https:\/\/radiorevelacionfm.cl\/?p=38142&#038;t=Temporada%20de%20Cruceros%202023-2024%20en%20Emporcha%20continuar%C3%A1%20con%202%20nuevas%20recaladas%20durante%20diciembre' aria-hidden='false' data-av_icon='\ue8f3' data-av_iconfont='entypo-fontello' title='' data-avia-related-tooltip='Compartir en Facebook' rel=\"noopener\"><span class='avia_hidden_link_text'>Compartir en Facebook<\/span><\/a><\/li><li class='av-share-link av-social-link-twitter' ><a target=\"_blank\" aria-label=\"Compartir en Twitter\" href='https:\/\/twitter.com\/share?text=Temporada%20de%20Cruceros%202023-2024%20en%20Emporcha%20continuar%C3%A1%20con%202%20nuevas%20recaladas%20durante%20diciembre&#038;url=https:\/\/radiorevelacionfm.cl\/?p=38142' aria-hidden='false' data-av_icon='\ue8f1' data-av_iconfont='entypo-fontello' title='' data-avia-related-tooltip='Compartir en Twitter' rel=\"noopener\"><span class='avia_hidden_link_text'>Compartir en Twitter<\/span><\/a><\/li><li class='av-share-link av-social-link-whatsapp' ><a target=\"_blank\" aria-label=\"Compartir en Whatsapp\" href='https:\/\/api.whatsapp.com\/send?text=https:\/\/radiorevelacionfm.cl\/?p=38142' aria-hidden='false' data-av_icon='\uf232' data-av_iconfont='entypo-fontello' title='' data-avia-related-tooltip='Compartir en Whatsapp' rel=\"noopener\"><span class='avia_hidden_link_text'>Compartir en Whatsapp<\/span><\/a><\/li><li class='av-share-link av-social-link-linkedin' ><a target=\"_blank\" aria-label=\"Compartir en LinkedIn\" href='https:\/\/linkedin.com\/shareArticle?mini=true&#038;title=Temporada%20de%20Cruceros%202023-2024%20en%20Emporcha%20continuar%C3%A1%20con%202%20nuevas%20recaladas%20durante%20diciembre&#038;url=https:\/\/radiorevelacionfm.cl\/?p=38142' aria-hidden='false' data-av_icon='\ue8fc' data-av_iconfont='entypo-fontello' title='' data-avia-related-tooltip='Compartir en LinkedIn' rel=\"noopener\"><span class='avia_hidden_link_text'>Compartir en LinkedIn<\/span><\/a><\/li><li class='av-share-link av-social-link-mail' ><a  aria-label=\"Compartir por correo\" href='mailto:?subject=Temporada%20de%20Cruceros%202023-2024%20en%20Emporcha%20continuar%C3%A1%20con%202%20nuevas%20recaladas%20durante%20diciembre&#038;body=https:\/\/radiorevelacionfm.cl\/?p=38142' aria-hidden='false' data-av_icon='\ue805' data-av_iconfont='entypo-fontello' title='' data-avia-related-tooltip='Compartir por correo'><span class='avia_hidden_link_text'>Compartir por correo<\/span><\/a><\/li><\/ul><\/div><\/div>\n<div  style='height:50px' class='hr hr-invisible   avia-builder-el-8  el_after_av_social_share  el_before_av_comments_list '><span class='hr-inner ' ><span class='hr-inner-style'><\/span><\/span><\/div>\n<div  class='av-buildercomment  av-blog-meta-html-info-disabled av-blog-meta-tag-disabled  '><\/div>\n","protected":false},"excerpt":{"rendered":"","protected":false},"author":1,"featured_media":38143,"comment_status":"open","ping_status":"open","sticky":false,"template":"","format":"standard","meta":{"footnotes":""},"categories":[54],"tags":[],"class_list":["post-38142","post","type-post","status-publish","format-standard","has-post-thumbnail","hentry","category-turismo"],"jetpack_featured_media_url":"https:\/\/radiorevelacionfm.cl\/wp-content\/uploads\/2023\/12\/Seven-Seas-Voyager-1-1-1.jpeg","_links":{"self":[{"href":"https:\/\/radiorevelacionfm.cl\/index.php?rest_route=\/wp\/v2\/posts\/38142","targetHints":{"allow":["GET"]}}],"collection":[{"href":"https:\/\/radiorevelacionfm.cl\/index.php?rest_route=\/wp\/v2\/posts"}],"about":[{"href":"https:\/\/radiorevelacionfm.cl\/index.php?rest_route=\/wp\/v2\/types\/post"}],"author":[{"embeddable":true,"href":"https:\/\/radiorevelacionfm.cl\/index.php?rest_route=\/wp\/v2\/users\/1"}],"replies":[{"embeddable":true,"href":"https:\/\/radiorevelacionfm.cl\/index.php?rest_route=%2Fwp%2Fv2%2Fcomments&post=38142"}],"version-history":[{"count":1,"href":"https:\/\/radiorevelacionfm.cl\/index.php?rest_route=\/wp\/v2\/posts\/38142\/revisions"}],"predecessor-version":[{"id":38144,"href":"https:\/\/radiorevelacionfm.cl\/index.php?rest_route=\/wp\/v2\/posts\/38142\/revisions\/38144"}],"wp:featuredmedia":[{"embeddable":true,"href":"https:\/\/radiorevelacionfm.cl\/index.php?rest_route=\/wp\/v2\/media\/38143"}],"wp:attachment":[{"href":"https:\/\/radiorevelacionfm.cl\/index.php?rest_route=%2Fwp%2Fv2%2Fmedia&parent=38142"}],"wp:term":[{"taxonomy":"category","embeddable":true,"href":"https:\/\/radiorevelacionfm.cl\/index.php?rest_route=%2Fwp%2Fv2%2Fcategories&post=38142"},{"taxonomy":"post_tag","embeddable":true,"href":"https:\/\/radiorevelacionfm.cl\/index.php?rest_route=%2Fwp%2Fv2%2Ftags&post=38142"}],"curies":[{"name":"wp","href":"https:\/\/api.w.org\/{rel}","templated":true}]}}