{"id":38137,"date":"2023-12-19T15:02:27","date_gmt":"2023-12-19T18:02:27","guid":{"rendered":"https:\/\/radiorevelacionfm.cl\/?p=38137"},"modified":"2023-12-19T15:02:27","modified_gmt":"2023-12-19T18:02:27","slug":"el-sag-intensifica-fiscalizaciones-para-preservar-la-sanidad-agroalimentaria-en-aysen","status":"publish","type":"post","link":"https:\/\/radiorevelacionfm.cl\/?p=38137","title":{"rendered":"El SAG intensifica fiscalizaciones para preservar la sanidad agroalimentaria en Ays\u00e9n"},"content":{"rendered":"<div class=\"flex_column av_one_full  flex_column_div av-zero-column-padding first  avia-builder-el-0  el_before_av_one_full  avia-builder-el-first  \" style='border-radius:0px; '><div  class='avia-image-container  av-styling-    avia-builder-el-1  avia-builder-el-no-sibling  avia-align-center '  itemprop=\"image\" itemscope=\"itemscope\" itemtype=\"https:\/\/schema.org\/ImageObject\"  ><div class='avia-image-container-inner'><div class='avia-image-overlay-wrap'><img decoding=\"async\" class='wp-image-38140 avia-img-lazy-loading-not-38140 avia_image' src=\"https:\/\/radiorevelacionfm.cl\/wp-content\/uploads\/2023\/12\/WhatsApp-Image-2023-12-19-at-09.34.09-1-1-1.jpeg\" alt='' title='WhatsApp Image 2023-12-19 at 09.34.09 (1) (1)' height=\"600\" width=\"800\"  itemprop=\"thumbnailUrl\" srcset=\"https:\/\/radiorevelacionfm.cl\/wp-content\/uploads\/2023\/12\/WhatsApp-Image-2023-12-19-at-09.34.09-1-1-1.jpeg 800w, https:\/\/radiorevelacionfm.cl\/wp-content\/uploads\/2023\/12\/WhatsApp-Image-2023-12-19-at-09.34.09-1-1-1-300x225.jpeg 300w, https:\/\/radiorevelacionfm.cl\/wp-content\/uploads\/2023\/12\/WhatsApp-Image-2023-12-19-at-09.34.09-1-1-1-768x576.jpeg 768w, https:\/\/radiorevelacionfm.cl\/wp-content\/uploads\/2023\/12\/WhatsApp-Image-2023-12-19-at-09.34.09-1-1-1-705x529.jpeg 705w, https:\/\/radiorevelacionfm.cl\/wp-content\/uploads\/2023\/12\/WhatsApp-Image-2023-12-19-at-09.34.09-1-1-1-450x338.jpeg 450w, https:\/\/radiorevelacionfm.cl\/wp-content\/uploads\/2023\/12\/WhatsApp-Image-2023-12-19-at-09.34.09-1-1-1-600x450.jpeg 600w\" sizes=\"(max-width: 800px) 100vw, 800px\" \/><\/div><\/div><\/div><\/div><div class=\"flex_column av_one_full  flex_column_div av-zero-column-padding first  avia-builder-el-2  el_after_av_one_full  el_before_av_one_full  column-top-margin\" style='border-radius:0px; '><section class=\"av_textblock_section \"  itemscope=\"itemscope\" itemtype=\"https:\/\/schema.org\/BlogPosting\" itemprop=\"blogPost\" ><div class='avia_textblock  '   itemprop=\"text\" ><p style=\"text-align: center;\"><span style=\"font-size: 18pt;\"><strong>El SAG intensifica fiscalizaciones para preservar la sanidad agroalimentaria en Ays\u00e9n<\/strong><\/span><\/p>\n<div id=\"gtx-trans\" style=\"position: absolute; left: -50px; top: 4.31534px;\">\n<div class=\"gtx-trans-icon\"><\/div>\n<\/div>\n<\/div><\/section><\/div><\/p>\n<div class=\"flex_column av_one_full  flex_column_div av-zero-column-padding first  avia-builder-el-4  el_after_av_one_full  el_before_av_hr  column-top-margin\" style='border-radius:0px; '><section class=\"av_textblock_section \"  itemscope=\"itemscope\" itemtype=\"https:\/\/schema.org\/BlogPosting\" itemprop=\"blogPost\" ><div class='avia_textblock  '   itemprop=\"text\" ><p style=\"text-align: justify;\">El Servicio Agr\u00edcola y Ganadero (SAG) del Ministerio de Agricultura, en la regi\u00f3n de Ays\u00e9n, ha intensificado sus acciones de fiscalizaci\u00f3n con el objetivo de preservar la sanidad agroalimentaria y prevenir la entrada de plagas y enfermedades que puedan afectar la agricultura local. Esta medida incluye inspecciones en ferias, distribuidoras, supermercados, fruter\u00edas y controles carreteros, con un enfoque en garantizar el origen y la trazabilidad de la papa comercializada.<\/p>\n<p style=\"text-align: justify;\">En su rol fiscalizador, el SAG hace un llamado a los comerciantes de frutas y hortalizas para que se aseguren de adquirir productos con trazabilidad y origen conocido. Adem\u00e1s, refuerza el llamado a los consumidores para que prefieran el comercio establecido como medida preventiva.<\/p>\n<p style=\"text-align: justify;\">\u00abReforzamos el llamado realizado por el SAG en Ays\u00e9n a comerciantes y consumidores a ser parte activa en la preservaci\u00f3n de la sanidad agroalimentaria. En esta labor conjunta, reafirmamos la responsabilidad compartida para adquirir productos con trazabilidad y origen conocido, defendiendo as\u00ed nuestra agricultura, medio ambiente y la salud de la regi\u00f3n\u00bb, se\u00f1al\u00f3 el Seremi de Agricultura, Alan Espinoza Ortiz.<\/p>\n<p style=\"text-align: justify;\">Con el prop\u00f3sito de sensibilizar a los comerciantes sobre las plagas y enfermedades asociadas a productos que no cumplen con la normativa vigente, funcionarios\/as del SAG llevar\u00e1n a cabo visitas en la comuna de Coyhaique a los lugares de comercio y distribuci\u00f3n de papa.<\/p>\n<p style=\"text-align: justify;\">\u201cEsta iniciativa contribuir\u00e1 a evitar sanciones a los comerciantes regionales durante las fiscalizaciones, al mismo tiempo que proporcionar\u00e1 informaci\u00f3n vital sobre las plagas y enfermedades a las que podr\u00edamos estar expuestos,\u201d se\u00f1al\u00f3 Mart\u00edn Cumian S\u00e1nchez, Encargado de Protecci\u00f3n Agr\u00edcola, Forestal y Semillas SAG Ays\u00e9n.<\/p>\n<p style=\"text-align: justify;\">Desde el a\u00f1o 2016, la regi\u00f3n de Ays\u00e9n ostenta el estatus de zona libre de plagas cuarentenarias de la papa, seg\u00fan la resoluci\u00f3n exenta 3276\/2016, junto a las regiones de la Araucan\u00eda, Los R\u00edos, Los Lagos y Magallanes. Esto restringe el ingreso de tub\u00e9rculos \u00fanicamente a aquellos producidos al sur de la Provincia de Arauco.<\/p>\n<p style=\"text-align: justify;\">\u201cEs fundamental comprender que el ingreso de tub\u00e9rculos de origen no verificado, es decir, ilegal, constituye una amenaza significativa. Estos productos pueden albergar plagas que ponen en peligro nuestra agricultura y el medio ambiente. Adem\u00e1s, existe el riesgo de la presencia de residuos de plaguicidas prohibidos por el SAG, lo que representa una amenaza para la salud de los consumidores\u00bb, destac\u00f3 la Directora (s) SAG, Valeria Carrasco S\u00e1ez.<\/p>\n<p style=\"text-align: justify;\">Con estas acciones, el SAG reitera su compromiso con la preservaci\u00f3n de la sanidad agroalimentaria en la regi\u00f3n de Ays\u00e9n y la promoci\u00f3n de pr\u00e1cticas comerciales responsables.<\/p>\n<\/div><\/section><\/div>\n<div  style='height:50px' class='hr hr-invisible   avia-builder-el-6  el_after_av_one_full  el_before_av_social_share '><span class='hr-inner ' ><span class='hr-inner-style'><\/span><\/span><\/div>\n<div  class='av-social-sharing-box  avia-builder-el-7  el_after_av_hr  el_before_av_hr  '><div class='av-share-box'><h5 class='av-share-link-description av-no-toc '>Compartir esta noticia<\/h5><ul class='av-share-box-list noLightbox'><li class='av-share-link av-social-link-facebook' ><a target=\"_blank\" aria-label=\"Compartir en Facebook\" href='https:\/\/www.facebook.com\/sharer.php?u=https:\/\/radiorevelacionfm.cl\/?p=38137&#038;t=El%20SAG%20intensifica%20fiscalizaciones%20para%20preservar%20la%20sanidad%20agroalimentaria%20en%20Ays%C3%A9n' aria-hidden='false' data-av_icon='\ue8f3' data-av_iconfont='entypo-fontello' title='' data-avia-related-tooltip='Compartir en Facebook' rel=\"noopener\"><span class='avia_hidden_link_text'>Compartir en Facebook<\/span><\/a><\/li><li class='av-share-link av-social-link-twitter' ><a target=\"_blank\" aria-label=\"Compartir en Twitter\" href='https:\/\/twitter.com\/share?text=El%20SAG%20intensifica%20fiscalizaciones%20para%20preservar%20la%20sanidad%20agroalimentaria%20en%20Ays%C3%A9n&#038;url=https:\/\/radiorevelacionfm.cl\/?p=38137' aria-hidden='false' data-av_icon='\ue8f1' data-av_iconfont='entypo-fontello' title='' data-avia-related-tooltip='Compartir en Twitter' rel=\"noopener\"><span class='avia_hidden_link_text'>Compartir en Twitter<\/span><\/a><\/li><li class='av-share-link av-social-link-whatsapp' ><a target=\"_blank\" aria-label=\"Compartir en Whatsapp\" href='https:\/\/api.whatsapp.com\/send?text=https:\/\/radiorevelacionfm.cl\/?p=38137' aria-hidden='false' data-av_icon='\uf232' data-av_iconfont='entypo-fontello' title='' data-avia-related-tooltip='Compartir en Whatsapp' rel=\"noopener\"><span class='avia_hidden_link_text'>Compartir en Whatsapp<\/span><\/a><\/li><li class='av-share-link av-social-link-linkedin' ><a target=\"_blank\" aria-label=\"Compartir en LinkedIn\" href='https:\/\/linkedin.com\/shareArticle?mini=true&#038;title=El%20SAG%20intensifica%20fiscalizaciones%20para%20preservar%20la%20sanidad%20agroalimentaria%20en%20Ays%C3%A9n&#038;url=https:\/\/radiorevelacionfm.cl\/?p=38137' aria-hidden='false' data-av_icon='\ue8fc' data-av_iconfont='entypo-fontello' title='' data-avia-related-tooltip='Compartir en LinkedIn' rel=\"noopener\"><span class='avia_hidden_link_text'>Compartir en LinkedIn<\/span><\/a><\/li><li class='av-share-link av-social-link-mail' ><a  aria-label=\"Compartir por correo\" href='mailto:?subject=El%20SAG%20intensifica%20fiscalizaciones%20para%20preservar%20la%20sanidad%20agroalimentaria%20en%20Ays%C3%A9n&#038;body=https:\/\/radiorevelacionfm.cl\/?p=38137' aria-hidden='false' data-av_icon='\ue805' data-av_iconfont='entypo-fontello' title='' data-avia-related-tooltip='Compartir por correo'><span class='avia_hidden_link_text'>Compartir por correo<\/span><\/a><\/li><\/ul><\/div><\/div>\n<div  style='height:50px' class='hr hr-invisible   avia-builder-el-8  el_after_av_social_share  el_before_av_comments_list '><span class='hr-inner ' ><span class='hr-inner-style'><\/span><\/span><\/div>\n<div  class='av-buildercomment  av-blog-meta-html-info-disabled av-blog-meta-tag-disabled  '><\/div>\n","protected":false},"excerpt":{"rendered":"","protected":false},"author":1,"featured_media":38140,"comment_status":"open","ping_status":"open","sticky":false,"template":"","format":"standard","meta":{"footnotes":""},"categories":[1],"tags":[],"class_list":["post-38137","post","type-post","status-publish","format-standard","has-post-thumbnail","hentry","category-sin-categoria"],"jetpack_featured_media_url":"https:\/\/radiorevelacionfm.cl\/wp-content\/uploads\/2023\/12\/WhatsApp-Image-2023-12-19-at-09.34.09-1-1-1.jpeg","_links":{"self":[{"href":"https:\/\/radiorevelacionfm.cl\/index.php?rest_route=\/wp\/v2\/posts\/38137","targetHints":{"allow":["GET"]}}],"collection":[{"href":"https:\/\/radiorevelacionfm.cl\/index.php?rest_route=\/wp\/v2\/posts"}],"about":[{"href":"https:\/\/radiorevelacionfm.cl\/index.php?rest_route=\/wp\/v2\/types\/post"}],"author":[{"embeddable":true,"href":"https:\/\/radiorevelacionfm.cl\/index.php?rest_route=\/wp\/v2\/users\/1"}],"replies":[{"embeddable":true,"href":"https:\/\/radiorevelacionfm.cl\/index.php?rest_route=%2Fwp%2Fv2%2Fcomments&post=38137"}],"version-history":[{"count":1,"href":"https:\/\/radiorevelacionfm.cl\/index.php?rest_route=\/wp\/v2\/posts\/38137\/revisions"}],"predecessor-version":[{"id":38141,"href":"https:\/\/radiorevelacionfm.cl\/index.php?rest_route=\/wp\/v2\/posts\/38137\/revisions\/38141"}],"wp:featuredmedia":[{"embeddable":true,"href":"https:\/\/radiorevelacionfm.cl\/index.php?rest_route=\/wp\/v2\/media\/38140"}],"wp:attachment":[{"href":"https:\/\/radiorevelacionfm.cl\/index.php?rest_route=%2Fwp%2Fv2%2Fmedia&parent=38137"}],"wp:term":[{"taxonomy":"category","embeddable":true,"href":"https:\/\/radiorevelacionfm.cl\/index.php?rest_route=%2Fwp%2Fv2%2Fcategories&post=38137"},{"taxonomy":"post_tag","embeddable":true,"href":"https:\/\/radiorevelacionfm.cl\/index.php?rest_route=%2Fwp%2Fv2%2Ftags&post=38137"}],"curies":[{"name":"wp","href":"https:\/\/api.w.org\/{rel}","templated":true}]}}