{"id":38132,"date":"2023-12-19T11:58:11","date_gmt":"2023-12-19T14:58:11","guid":{"rendered":"https:\/\/radiorevelacionfm.cl\/?p=38132"},"modified":"2023-12-19T11:58:11","modified_gmt":"2023-12-19T14:58:11","slug":"agrupaysen-lidera-dialogo-estrategico-sobre-desafios-ambientales-con-la-ministra-del-medio-ambiente-en-santiago","status":"publish","type":"post","link":"https:\/\/radiorevelacionfm.cl\/?p=38132","title":{"rendered":"AGRUPAYSEN Lidera Di\u00e1logo Estrat\u00e9gico sobre Desaf\u00edos Ambientales con la Ministra del Medio Ambiente en Santiago"},"content":{"rendered":"<div class=\"flex_column av_one_full  flex_column_div av-zero-column-padding first  avia-builder-el-0  el_before_av_one_full  avia-builder-el-first  \" style='border-radius:0px; '><div  class='avia-image-container  av-styling-    avia-builder-el-1  avia-builder-el-no-sibling  avia-align-center '  itemprop=\"image\" itemscope=\"itemscope\" itemtype=\"https:\/\/schema.org\/ImageObject\"  ><div class='avia-image-container-inner'><div class='avia-image-overlay-wrap'><img decoding=\"async\" class='wp-image-38133 avia-img-lazy-loading-not-38133 avia_image' src=\"https:\/\/radiorevelacionfm.cl\/wp-content\/uploads\/2023\/12\/02-2-1-1.jpeg\" alt='' title='02 (2) (1) (1)' height=\"600\" width=\"900\"  itemprop=\"thumbnailUrl\" srcset=\"https:\/\/radiorevelacionfm.cl\/wp-content\/uploads\/2023\/12\/02-2-1-1.jpeg 900w, https:\/\/radiorevelacionfm.cl\/wp-content\/uploads\/2023\/12\/02-2-1-1-300x200.jpeg 300w, https:\/\/radiorevelacionfm.cl\/wp-content\/uploads\/2023\/12\/02-2-1-1-768x512.jpeg 768w, https:\/\/radiorevelacionfm.cl\/wp-content\/uploads\/2023\/12\/02-2-1-1-705x470.jpeg 705w, https:\/\/radiorevelacionfm.cl\/wp-content\/uploads\/2023\/12\/02-2-1-1-450x300.jpeg 450w, https:\/\/radiorevelacionfm.cl\/wp-content\/uploads\/2023\/12\/02-2-1-1-600x400.jpeg 600w\" sizes=\"(max-width: 900px) 100vw, 900px\" \/><\/div><\/div><\/div><\/div><div class=\"flex_column av_one_full  flex_column_div av-zero-column-padding first  avia-builder-el-2  el_after_av_one_full  el_before_av_one_full  column-top-margin\" style='border-radius:0px; '><section class=\"av_textblock_section \"  itemscope=\"itemscope\" itemtype=\"https:\/\/schema.org\/BlogPosting\" itemprop=\"blogPost\" ><div class='avia_textblock  '   itemprop=\"text\" ><p style=\"text-align: center;\"><span style=\"font-size: 18pt;\"><strong>AGRUPAYSEN Lidera Di\u00e1logo Estrat\u00e9gico sobre Desaf\u00edos Ambientales con la Ministra del Medio Ambiente en Santiago<\/strong><\/span><\/p>\n<div id=\"gtx-trans\" style=\"position: absolute; left: -50px; top: 4.31534px;\">\n<div class=\"gtx-trans-icon\"><\/div>\n<\/div>\n<\/div><\/section><\/div><\/p>\n<div class=\"flex_column av_one_full  flex_column_div av-zero-column-padding first  avia-builder-el-4  el_after_av_one_full  el_before_av_hr  column-top-margin\" style='border-radius:0px; '><section class=\"av_textblock_section \"  itemscope=\"itemscope\" itemtype=\"https:\/\/schema.org\/BlogPosting\" itemprop=\"blogPost\" ><div class='avia_textblock  '   itemprop=\"text\" ><p style=\"text-align: justify;\">AGRUPAYSEN, el gremio representativo de la industria salmonera, pesca artesanal y prestadores de servicios del centro sur y sur austral del pa\u00eds, destac\u00f3 en una reuni\u00f3n en Santiago con la Ministra del Medio Ambiente, Mar\u00eda Rojas. Este encuentro, gestionado por el Diputado de la regi\u00f3n de Ays\u00e9n, Miguel \u00c1ngel Calixto, se centr\u00f3 en abordar desaf\u00edos ambientales cruciales para la regi\u00f3n.<\/p>\n<p style=\"text-align: justify;\">La delegaci\u00f3n de AGRUPAYSEN entreg\u00f3 una carta detallada a la Ministra, expresando la importancia de contar con su presencia y la de sus equipos de trabajo en la regi\u00f3n. En la carta, se destacaron tres ejes fundamentales que fueron abordados en dicho encuentro:<\/p>\n<ol style=\"text-align: justify;\">\n<li>*\u00c1reas Protegidas:* Abordaje de la gesti\u00f3n y elaboraci\u00f3n de planes de manejo en \u00e1reas protegidas, incluyendo la creaci\u00f3n de nuevas \u00c1reas Aptas para la Acuicultura (AAA) y relocalizaciones.<\/li>\n<li>*Ley Espacios Costeros Marinos de Pueblos Originarios (ECMPO):* Revisi\u00f3n de solicitudes que otorgan derechos a comunidades ind\u00edgenas, asegurando coherencia y sensatez en la aplicaci\u00f3n de la ley.<\/li>\n<li>*Superintendencia de Medio Ambiente (SMA) en Ays\u00e9n:* Preocupaci\u00f3n por interpretaciones de proyectos que obstaculizan el desarrollo, afectando a peque\u00f1as y microempresas en la regi\u00f3n.<\/li>\n<\/ol>\n<p style=\"text-align: justify;\">Como parte del proceso de mantener relaciones positivas con la regi\u00f3n y actores Pymes, AGRUPAYSEN solicit\u00f3 la paralizaci\u00f3n de procesos decisionales relacionados con estos temas.<\/p>\n<p style=\"text-align: justify;\">Misael Ruiz, Presidente de AGRUPAYSEN, se\u00f1al\u00f3 \u201ceste primer encuentro con la Ministra Rojas marca un hito significativo para AGRUPAYSEN. Agradecemos la disposici\u00f3n de la Ministra y su equipo para abordar los desaf\u00edos ambientales que enfrentamos en nuestra regi\u00f3n. Sin embargo, este encuentro es s\u00f3lo el comienzo.<\/p>\n<p style=\"text-align: justify;\">Esperamos que este di\u00e1logo inicial se traduzca en la creaci\u00f3n de una mesa de trabajo en la regi\u00f3n de Ays\u00e9n. Queremos ser protagonistas activos en la toma de decisiones que afectan a nuestro territorio. Buscamos un espacio inclusivo y participativo que permita a todos los actores, desde la industria hasta las comunidades locales, contribuir a un desarrollo sostenible y equitativo\u201d.<\/p>\n<p style=\"text-align: justify;\">La reuni\u00f3n concluy\u00f3 con optimismo y confianza en que las propuestas presentadas ser\u00e1n consideradas para avanzar hacia un desarrollo m\u00e1s equitativo y sostenible en la regi\u00f3n de Ays\u00e9n.<\/p>\n<\/div><\/section><\/div>\n<div  style='height:50px' class='hr hr-invisible   avia-builder-el-6  el_after_av_one_full  el_before_av_social_share '><span class='hr-inner ' ><span class='hr-inner-style'><\/span><\/span><\/div>\n<div  class='av-social-sharing-box  avia-builder-el-7  el_after_av_hr  el_before_av_hr  '><div class='av-share-box'><h5 class='av-share-link-description av-no-toc '>Compartir esta noticia<\/h5><ul class='av-share-box-list noLightbox'><li class='av-share-link av-social-link-facebook' ><a target=\"_blank\" aria-label=\"Compartir en Facebook\" href='https:\/\/www.facebook.com\/sharer.php?u=https:\/\/radiorevelacionfm.cl\/?p=38132&#038;t=AGRUPAYSEN%20Lidera%20Di%C3%A1logo%20Estrat%C3%A9gico%20sobre%20Desaf%C3%ADos%20Ambientales%20con%20la%20Ministra%20del%20Medio%20Ambiente%20en%20Santiago' aria-hidden='false' data-av_icon='\ue8f3' data-av_iconfont='entypo-fontello' title='' data-avia-related-tooltip='Compartir en Facebook' rel=\"noopener\"><span class='avia_hidden_link_text'>Compartir en Facebook<\/span><\/a><\/li><li class='av-share-link av-social-link-twitter' ><a target=\"_blank\" aria-label=\"Compartir en Twitter\" href='https:\/\/twitter.com\/share?text=AGRUPAYSEN%20Lidera%20Di%C3%A1logo%20Estrat%C3%A9gico%20sobre%20Desaf%C3%ADos%20Ambientales%20con%20la%20Ministra%20del%20Medio%20Ambiente%20en%20Santiago&#038;url=https:\/\/radiorevelacionfm.cl\/?p=38132' aria-hidden='false' data-av_icon='\ue8f1' data-av_iconfont='entypo-fontello' title='' data-avia-related-tooltip='Compartir en Twitter' rel=\"noopener\"><span class='avia_hidden_link_text'>Compartir en Twitter<\/span><\/a><\/li><li class='av-share-link av-social-link-whatsapp' ><a target=\"_blank\" aria-label=\"Compartir en Whatsapp\" href='https:\/\/api.whatsapp.com\/send?text=https:\/\/radiorevelacionfm.cl\/?p=38132' aria-hidden='false' data-av_icon='\uf232' data-av_iconfont='entypo-fontello' title='' data-avia-related-tooltip='Compartir en Whatsapp' rel=\"noopener\"><span class='avia_hidden_link_text'>Compartir en Whatsapp<\/span><\/a><\/li><li class='av-share-link av-social-link-linkedin' ><a target=\"_blank\" aria-label=\"Compartir en LinkedIn\" href='https:\/\/linkedin.com\/shareArticle?mini=true&#038;title=AGRUPAYSEN%20Lidera%20Di%C3%A1logo%20Estrat%C3%A9gico%20sobre%20Desaf%C3%ADos%20Ambientales%20con%20la%20Ministra%20del%20Medio%20Ambiente%20en%20Santiago&#038;url=https:\/\/radiorevelacionfm.cl\/?p=38132' aria-hidden='false' data-av_icon='\ue8fc' data-av_iconfont='entypo-fontello' title='' data-avia-related-tooltip='Compartir en LinkedIn' rel=\"noopener\"><span class='avia_hidden_link_text'>Compartir en LinkedIn<\/span><\/a><\/li><li class='av-share-link av-social-link-mail' ><a  aria-label=\"Compartir por correo\" href='mailto:?subject=AGRUPAYSEN%20Lidera%20Di%C3%A1logo%20Estrat%C3%A9gico%20sobre%20Desaf%C3%ADos%20Ambientales%20con%20la%20Ministra%20del%20Medio%20Ambiente%20en%20Santiago&#038;body=https:\/\/radiorevelacionfm.cl\/?p=38132' aria-hidden='false' data-av_icon='\ue805' data-av_iconfont='entypo-fontello' title='' data-avia-related-tooltip='Compartir por correo'><span class='avia_hidden_link_text'>Compartir por correo<\/span><\/a><\/li><\/ul><\/div><\/div>\n<div  style='height:50px' class='hr hr-invisible   avia-builder-el-8  el_after_av_social_share  el_before_av_comments_list '><span class='hr-inner ' ><span class='hr-inner-style'><\/span><\/span><\/div>\n<div  class='av-buildercomment  av-blog-meta-html-info-disabled av-blog-meta-tag-disabled  '><\/div>\n","protected":false},"excerpt":{"rendered":"","protected":false},"author":1,"featured_media":38135,"comment_status":"open","ping_status":"open","sticky":false,"template":"","format":"standard","meta":{"footnotes":""},"categories":[39],"tags":[],"class_list":["post-38132","post","type-post","status-publish","format-standard","has-post-thumbnail","hentry","category-medio-ambiente"],"jetpack_featured_media_url":"https:\/\/radiorevelacionfm.cl\/wp-content\/uploads\/2023\/12\/02-3-1-1.jpeg","_links":{"self":[{"href":"https:\/\/radiorevelacionfm.cl\/index.php?rest_route=\/wp\/v2\/posts\/38132","targetHints":{"allow":["GET"]}}],"collection":[{"href":"https:\/\/radiorevelacionfm.cl\/index.php?rest_route=\/wp\/v2\/posts"}],"about":[{"href":"https:\/\/radiorevelacionfm.cl\/index.php?rest_route=\/wp\/v2\/types\/post"}],"author":[{"embeddable":true,"href":"https:\/\/radiorevelacionfm.cl\/index.php?rest_route=\/wp\/v2\/users\/1"}],"replies":[{"embeddable":true,"href":"https:\/\/radiorevelacionfm.cl\/index.php?rest_route=%2Fwp%2Fv2%2Fcomments&post=38132"}],"version-history":[{"count":1,"href":"https:\/\/radiorevelacionfm.cl\/index.php?rest_route=\/wp\/v2\/posts\/38132\/revisions"}],"predecessor-version":[{"id":38136,"href":"https:\/\/radiorevelacionfm.cl\/index.php?rest_route=\/wp\/v2\/posts\/38132\/revisions\/38136"}],"wp:featuredmedia":[{"embeddable":true,"href":"https:\/\/radiorevelacionfm.cl\/index.php?rest_route=\/wp\/v2\/media\/38135"}],"wp:attachment":[{"href":"https:\/\/radiorevelacionfm.cl\/index.php?rest_route=%2Fwp%2Fv2%2Fmedia&parent=38132"}],"wp:term":[{"taxonomy":"category","embeddable":true,"href":"https:\/\/radiorevelacionfm.cl\/index.php?rest_route=%2Fwp%2Fv2%2Fcategories&post=38132"},{"taxonomy":"post_tag","embeddable":true,"href":"https:\/\/radiorevelacionfm.cl\/index.php?rest_route=%2Fwp%2Fv2%2Ftags&post=38132"}],"curies":[{"name":"wp","href":"https:\/\/api.w.org\/{rel}","templated":true}]}}