{"id":38129,"date":"2023-12-19T11:32:50","date_gmt":"2023-12-19T14:32:50","guid":{"rendered":"https:\/\/radiorevelacionfm.cl\/?p=38129"},"modified":"2023-12-19T11:32:50","modified_gmt":"2023-12-19T14:32:50","slug":"reuniones-con-organizaciones-y-productores-as-marco-la-agenda-de-trabajo-de-la-subsecretaria-de-agricultura-en-aysen","status":"publish","type":"post","link":"https:\/\/radiorevelacionfm.cl\/?p=38129","title":{"rendered":"Reuniones con organizaciones y productores\/as marc\u00f3 la agenda de trabajo de la Subsecretar\u00eda de Agricultura en Ays\u00e9n"},"content":{"rendered":"<div class=\"flex_column av_one_full  flex_column_div av-zero-column-padding first  avia-builder-el-0  el_before_av_one_full  avia-builder-el-first  \" style='border-radius:0px; '><div  class='avia-image-container  av-styling-    avia-builder-el-1  avia-builder-el-no-sibling  avia-align-center '  itemprop=\"image\" itemscope=\"itemscope\" itemtype=\"https:\/\/schema.org\/ImageObject\"  ><div class='avia-image-container-inner'><div class='avia-image-overlay-wrap'><img decoding=\"async\" class='wp-image-38130 avia-img-lazy-loading-not-38130 avia_image' src=\"https:\/\/radiorevelacionfm.cl\/wp-content\/uploads\/2023\/12\/1z9a0031-1_optimized.jpg\" alt='' title='1z9a0031-(1)_optimized' height=\"600\" width=\"924\"  itemprop=\"thumbnailUrl\" srcset=\"https:\/\/radiorevelacionfm.cl\/wp-content\/uploads\/2023\/12\/1z9a0031-1_optimized.jpg 924w, https:\/\/radiorevelacionfm.cl\/wp-content\/uploads\/2023\/12\/1z9a0031-1_optimized-300x195.jpg 300w, https:\/\/radiorevelacionfm.cl\/wp-content\/uploads\/2023\/12\/1z9a0031-1_optimized-768x499.jpg 768w, https:\/\/radiorevelacionfm.cl\/wp-content\/uploads\/2023\/12\/1z9a0031-1_optimized-705x458.jpg 705w, https:\/\/radiorevelacionfm.cl\/wp-content\/uploads\/2023\/12\/1z9a0031-1_optimized-450x292.jpg 450w, https:\/\/radiorevelacionfm.cl\/wp-content\/uploads\/2023\/12\/1z9a0031-1_optimized-600x390.jpg 600w\" sizes=\"(max-width: 924px) 100vw, 924px\" \/><\/div><\/div><\/div><\/div><div class=\"flex_column av_one_full  flex_column_div av-zero-column-padding first  avia-builder-el-2  el_after_av_one_full  el_before_av_one_full  column-top-margin\" style='border-radius:0px; '><section class=\"av_textblock_section \"  itemscope=\"itemscope\" itemtype=\"https:\/\/schema.org\/BlogPosting\" itemprop=\"blogPost\" ><div class='avia_textblock  '   itemprop=\"text\" ><h2 class=\"title\" style=\"text-align: center;\"><strong><span style=\"font-size: 18pt;\">Reuniones con organizaciones y productores\/as marc\u00f3 la agenda de trabajo de la Subsecretar\u00eda de Agricultura en Ays\u00e9n<\/span><\/strong><\/h2>\n<div id=\"gtx-trans\" style=\"position: absolute; left: -50px; top: 4.31534px;\">\n<div class=\"gtx-trans-icon\"><\/div>\n<\/div>\n<\/div><\/section><\/div><div class=\"flex_column av_one_full  flex_column_div av-zero-column-padding first  avia-builder-el-4  el_after_av_one_full  el_before_av_hr  column-top-margin\" style='border-radius:0px; '><section class=\"av_textblock_section \"  itemscope=\"itemscope\" itemtype=\"https:\/\/schema.org\/BlogPosting\" itemprop=\"blogPost\" ><div class='avia_textblock  '   itemprop=\"text\" ><p style=\"text-align: justify;\">La Subsecretaria de Agricultura, Ignacia Fern\u00e1ndez Gatica, ha concluido una serie de encuentros con representantes de organizaciones campesinas en las comunas de Coyhaique, Ays\u00e9n, Chile Chico y R\u00edo Ib\u00e1\u00f1ez,<br \/>\nconsolidando la agenda de trabajo del Ministerio de Agricultura en Ays\u00e9n.<br \/>\n\u201cEl objetivo principal de estas reuniones fue fortalecer la vinculaci\u00f3n con los actores del sector silvoagropecuario y abordar diversas iniciativas y programas\u201d, subray\u00f3 la subsecretaria.<br \/>\nLas actividades se iniciaron el mi\u00e9rcoles en Coyhaique, donde la Subsecretaria de Agricultura, acompa\u00f1ada por el Director Nacional de la Comisi\u00f3n Nacional de Riego, Wilson Ureta, el Seremi de la cartera, Alan Espinoza Ortiz, as\u00ed como directoras y directores del agro, se reunieron con representantes de organizaciones campesinas. Encuentros donde se entreg\u00f3 informaci\u00f3n detallada sobre programas financiados a trav\u00e9s del Gobierno Regional y su Consejo, destacando el Programa Regional para la Sustentabilidad Agroambiental y el Programa Caprino.<br \/>\nEn Chile Chico, la representante ministerial sostuvo una reuni\u00f3n con el Comit\u00e9 Lanero El Ceballo para abordar la situaci\u00f3n de la producci\u00f3n lanera, afectada en las \u00faltimas temporadas por la falta de poder comprador. Reuni\u00f3n donde adem\u00e1s de los servicios del agro, estuvo presente el Delegado Presidencial Provincial, Crist\u00f3bal Barcel\u00f3 y la Consejera Regional Paulina Hern\u00e1ndez.<br \/>\nLa vicepresidenta del Comit\u00e9 Lanero El Ceballos, Carolina Navarro, expres\u00f3 su optimismo respecto a la colaboraci\u00f3n entre los servicios gubernamentales y el comit\u00e9 para superar la compleja situaci\u00f3n que enfrentan los productores ovinos.<br \/>\n\u00abEntrelazar un trabajo conjunto entre los servicios y el comit\u00e9 nos llena de satisfacci\u00f3n. Sentimos el apoyo y respaldo de diversas instituciones dispuestas a ayudarnos a superar la compleja situaci\u00f3n que enfrentan todos los productores ovinos. Esperamos que las propuestas presentadas y el esfuerzo invertido den frutos a corto plazo\u201d, se\u00f1al\u00f3 .<br \/>\nPosteriormente, Ignacia Fern\u00e1ndez se reuni\u00f3 con la Asociaci\u00f3n Gremial de Chacareros Lago General Carrera, una organizaci\u00f3n que re\u00fane a productoras\/es hortofrut\u00edcolas y peque\u00f1os ganaderos de la cuenca del Lago General Carrera. La presidenta de la organizaci\u00f3n, Yamilet Cadag\u00e1n, destac\u00f3 la importancia de la visita de la Subsecretaria para visibilizar el trabajo de las mujeres rurales y agricultoras en la regi\u00f3n.<br \/>\n\u201cValorar la importancia de que la Subsecretaria est\u00e9 presente en el terreno, en nuestro entorno, porque es una manera de saber c\u00f3mo nosotras, como mujeres y como agricultoras, trabajamos y el valor que significa de que la subsecretaria est\u00e9\u00a0 en nuestro lugar, que sepa que hay mujeres muy, pero muy empoderadas, en trabajar y en seguir haciendo patria en este lugar\u201d, se\u00f1al\u00f3 la presidenta de la organizaci\u00f3n<br \/>\nFinalmente, la Subsecretaria particip\u00f3 en una reuni\u00f3n con el Comit\u00e9 Caprino, conformado en 2018 y compuesto por 35 socios.<br \/>\nEn este encuentro se detallaron los aspectos del Programa Caprino, el cual cuenta con una asignaci\u00f3n de recursos por parte del Gobierno Regional de Ays\u00e9n para fortalecer el sector caprino en la agricultura familiar campesina. En un encuentro donde adem\u00e1s particip\u00f3 el alcalde de R\u00edo Ib\u00e1\u00f1ez, Juan Saldivia.<br \/>\nJuan Mu\u00f1oz, Secretario del Comit\u00e9, resalt\u00f3 la importancia de dar a conocer las virtudes de la carne caprina a nivel regional y nacional.<br \/>\n\u201clo importante es que logremos lo que se, lo que se proponen o digamos sacarle subproductos a la carne de chivo y que tambi\u00e9n la gente conozca de la carne, de las bondades de la carne, porque hoy igual todav\u00eda desconocimiento, digamos a nivel regional, nacional\u00a0 \u00a0y con respecto a la virtudes del chivo, que es un animal que es muy sano, que tiene muy pocas materias, grasa\u201d, se\u00f1al\u00f3 Juan Mu\u00f1oz Secretario del Comit\u00e9.<br \/>\nEn el marco de estas reuniones, se subray\u00f3 el compromiso de la Subsecretar\u00eda de Agricultura con el desarrollo sostenible del sector agropecuario en la Regi\u00f3n de Ays\u00e9n, buscando soluciones conjuntas y promoviendo la participaci\u00f3n activa de los productores en la toma de decisiones.<\/p>\n<\/div><\/section><\/div><div  style='height:50px' class='hr hr-invisible   avia-builder-el-6  el_after_av_one_full  el_before_av_social_share '><span class='hr-inner ' ><span class='hr-inner-style'><\/span><\/span><\/div><\/p>\n<div  class='av-social-sharing-box  avia-builder-el-7  el_after_av_hr  el_before_av_hr  '><div class='av-share-box'><h5 class='av-share-link-description av-no-toc '>Compartir esta noticia<\/h5><ul class='av-share-box-list noLightbox'><li class='av-share-link av-social-link-facebook' ><a target=\"_blank\" aria-label=\"Compartir en Facebook\" href='https:\/\/www.facebook.com\/sharer.php?u=https:\/\/radiorevelacionfm.cl\/?p=38129&#038;t=Reuniones%20con%20organizaciones%20y%20productores%2Fas%20marc%C3%B3%20la%20agenda%20de%20trabajo%20de%20la%20Subsecretar%C3%ADa%20de%20Agricultura%20en%20Ays%C3%A9n' aria-hidden='false' data-av_icon='\ue8f3' data-av_iconfont='entypo-fontello' title='' data-avia-related-tooltip='Compartir en Facebook' rel=\"noopener\"><span class='avia_hidden_link_text'>Compartir en Facebook<\/span><\/a><\/li><li class='av-share-link av-social-link-twitter' ><a target=\"_blank\" aria-label=\"Compartir en Twitter\" href='https:\/\/twitter.com\/share?text=Reuniones%20con%20organizaciones%20y%20productores%2Fas%20marc%C3%B3%20la%20agenda%20de%20trabajo%20de%20la%20Subsecretar%C3%ADa%20de%20Agricultura%20en%20Ays%C3%A9n&#038;url=https:\/\/radiorevelacionfm.cl\/?p=38129' aria-hidden='false' data-av_icon='\ue8f1' data-av_iconfont='entypo-fontello' title='' data-avia-related-tooltip='Compartir en Twitter' rel=\"noopener\"><span class='avia_hidden_link_text'>Compartir en Twitter<\/span><\/a><\/li><li class='av-share-link av-social-link-whatsapp' ><a target=\"_blank\" aria-label=\"Compartir en Whatsapp\" href='https:\/\/api.whatsapp.com\/send?text=https:\/\/radiorevelacionfm.cl\/?p=38129' aria-hidden='false' data-av_icon='\uf232' data-av_iconfont='entypo-fontello' title='' data-avia-related-tooltip='Compartir en Whatsapp' rel=\"noopener\"><span class='avia_hidden_link_text'>Compartir en Whatsapp<\/span><\/a><\/li><li class='av-share-link av-social-link-linkedin' ><a target=\"_blank\" aria-label=\"Compartir en LinkedIn\" href='https:\/\/linkedin.com\/shareArticle?mini=true&#038;title=Reuniones%20con%20organizaciones%20y%20productores%2Fas%20marc%C3%B3%20la%20agenda%20de%20trabajo%20de%20la%20Subsecretar%C3%ADa%20de%20Agricultura%20en%20Ays%C3%A9n&#038;url=https:\/\/radiorevelacionfm.cl\/?p=38129' aria-hidden='false' data-av_icon='\ue8fc' data-av_iconfont='entypo-fontello' title='' data-avia-related-tooltip='Compartir en LinkedIn' rel=\"noopener\"><span class='avia_hidden_link_text'>Compartir en LinkedIn<\/span><\/a><\/li><li class='av-share-link av-social-link-mail' ><a  aria-label=\"Compartir por correo\" href='mailto:?subject=Reuniones%20con%20organizaciones%20y%20productores%2Fas%20marc%C3%B3%20la%20agenda%20de%20trabajo%20de%20la%20Subsecretar%C3%ADa%20de%20Agricultura%20en%20Ays%C3%A9n&#038;body=https:\/\/radiorevelacionfm.cl\/?p=38129' aria-hidden='false' data-av_icon='\ue805' data-av_iconfont='entypo-fontello' title='' data-avia-related-tooltip='Compartir por correo'><span class='avia_hidden_link_text'>Compartir por correo<\/span><\/a><\/li><\/ul><\/div><\/div>\n<div  style='height:50px' class='hr hr-invisible   avia-builder-el-8  el_after_av_social_share  el_before_av_comments_list '><span class='hr-inner ' ><span class='hr-inner-style'><\/span><\/span><\/div>\n<div  class='av-buildercomment  av-blog-meta-html-info-disabled av-blog-meta-tag-disabled  '><\/div>\n","protected":false},"excerpt":{"rendered":"","protected":false},"author":1,"featured_media":38130,"comment_status":"open","ping_status":"open","sticky":false,"template":"","format":"standard","meta":{"footnotes":""},"categories":[1],"tags":[],"class_list":["post-38129","post","type-post","status-publish","format-standard","has-post-thumbnail","hentry","category-sin-categoria"],"jetpack_featured_media_url":"https:\/\/radiorevelacionfm.cl\/wp-content\/uploads\/2023\/12\/1z9a0031-1_optimized.jpg","_links":{"self":[{"href":"https:\/\/radiorevelacionfm.cl\/index.php?rest_route=\/wp\/v2\/posts\/38129","targetHints":{"allow":["GET"]}}],"collection":[{"href":"https:\/\/radiorevelacionfm.cl\/index.php?rest_route=\/wp\/v2\/posts"}],"about":[{"href":"https:\/\/radiorevelacionfm.cl\/index.php?rest_route=\/wp\/v2\/types\/post"}],"author":[{"embeddable":true,"href":"https:\/\/radiorevelacionfm.cl\/index.php?rest_route=\/wp\/v2\/users\/1"}],"replies":[{"embeddable":true,"href":"https:\/\/radiorevelacionfm.cl\/index.php?rest_route=%2Fwp%2Fv2%2Fcomments&post=38129"}],"version-history":[{"count":2,"href":"https:\/\/radiorevelacionfm.cl\/index.php?rest_route=\/wp\/v2\/posts\/38129\/revisions"}],"predecessor-version":[{"id":38150,"href":"https:\/\/radiorevelacionfm.cl\/index.php?rest_route=\/wp\/v2\/posts\/38129\/revisions\/38150"}],"wp:featuredmedia":[{"embeddable":true,"href":"https:\/\/radiorevelacionfm.cl\/index.php?rest_route=\/wp\/v2\/media\/38130"}],"wp:attachment":[{"href":"https:\/\/radiorevelacionfm.cl\/index.php?rest_route=%2Fwp%2Fv2%2Fmedia&parent=38129"}],"wp:term":[{"taxonomy":"category","embeddable":true,"href":"https:\/\/radiorevelacionfm.cl\/index.php?rest_route=%2Fwp%2Fv2%2Fcategories&post=38129"},{"taxonomy":"post_tag","embeddable":true,"href":"https:\/\/radiorevelacionfm.cl\/index.php?rest_route=%2Fwp%2Fv2%2Ftags&post=38129"}],"curies":[{"name":"wp","href":"https:\/\/api.w.org\/{rel}","templated":true}]}}