{"id":38125,"date":"2023-12-19T10:40:48","date_gmt":"2023-12-19T13:40:48","guid":{"rendered":"https:\/\/radiorevelacionfm.cl\/?p=38125"},"modified":"2023-12-19T10:40:48","modified_gmt":"2023-12-19T13:40:48","slug":"ministra-del-medio-ambiente-y-trabajadores-de-la-industria-acuicola-acercan-posturas-y-acuerdan-un-nuevo-trato","status":"publish","type":"post","link":"https:\/\/radiorevelacionfm.cl\/?p=38125","title":{"rendered":"Ministra del Medio Ambiente y trabajadores de la industria acu\u00edcola acercan posturas y acuerdan un nuevo trato"},"content":{"rendered":"<div class=\"flex_column av_one_full  flex_column_div av-zero-column-padding first  avia-builder-el-0  el_before_av_one_full  avia-builder-el-first  \" style='border-radius:0px; '><div  class='avia-image-container  av-styling-    avia-builder-el-1  avia-builder-el-no-sibling  avia-align-center '  itemprop=\"image\" itemscope=\"itemscope\" itemtype=\"https:\/\/schema.org\/ImageObject\"  ><div class='avia-image-container-inner'><div class='avia-image-overlay-wrap'><img decoding=\"async\" class='wp-image-38126 avia-img-lazy-loading-not-38126 avia_image' src=\"https:\/\/radiorevelacionfm.cl\/wp-content\/uploads\/2023\/12\/FOTO-REUNION-MINISTRA-1-1.jpeg\" alt='' title='FOTO REUNI\u00d3N MINISTRA (1) (1)' height=\"600\" width=\"800\"  itemprop=\"thumbnailUrl\" srcset=\"https:\/\/radiorevelacionfm.cl\/wp-content\/uploads\/2023\/12\/FOTO-REUNION-MINISTRA-1-1.jpeg 800w, https:\/\/radiorevelacionfm.cl\/wp-content\/uploads\/2023\/12\/FOTO-REUNION-MINISTRA-1-1-300x225.jpeg 300w, https:\/\/radiorevelacionfm.cl\/wp-content\/uploads\/2023\/12\/FOTO-REUNION-MINISTRA-1-1-768x576.jpeg 768w, https:\/\/radiorevelacionfm.cl\/wp-content\/uploads\/2023\/12\/FOTO-REUNION-MINISTRA-1-1-705x529.jpeg 705w, https:\/\/radiorevelacionfm.cl\/wp-content\/uploads\/2023\/12\/FOTO-REUNION-MINISTRA-1-1-450x338.jpeg 450w, https:\/\/radiorevelacionfm.cl\/wp-content\/uploads\/2023\/12\/FOTO-REUNION-MINISTRA-1-1-600x450.jpeg 600w\" sizes=\"(max-width: 800px) 100vw, 800px\" \/><\/div><\/div><\/div><\/div><div class=\"flex_column av_one_full  flex_column_div av-zero-column-padding first  avia-builder-el-2  el_after_av_one_full  el_before_av_one_full  column-top-margin\" style='border-radius:0px; '><section class=\"av_textblock_section \"  itemscope=\"itemscope\" itemtype=\"https:\/\/schema.org\/BlogPosting\" itemprop=\"blogPost\" ><div class='avia_textblock  '   itemprop=\"text\" ><h2 class=\"title\" style=\"text-align: center;\"><span style=\"font-size: 18pt;\"><b><span lang=\"ES\">Ministra del Medio Ambiente y trabajadores de la industria acu\u00edcola acercan posturas y acuerdan un nuevo trato\u00a0<\/span><\/b><\/span><\/h2>\n<div id=\"gtx-trans\" style=\"position: absolute; left: -50px; top: 4.31534px;\">\n<div class=\"gtx-trans-icon\"><\/div>\n<\/div>\n<\/div><\/section><\/div><div class=\"flex_column av_one_full  flex_column_div av-zero-column-padding first  avia-builder-el-4  el_after_av_one_full  el_before_av_hr  column-top-margin\" style='border-radius:0px; '><section class=\"av_textblock_section \"  itemscope=\"itemscope\" itemtype=\"https:\/\/schema.org\/BlogPosting\" itemprop=\"blogPost\" ><div class='avia_textblock  '   itemprop=\"text\" ><p style=\"font-weight: 400; text-align: justify;\"><em>En reuni\u00f3n gestionada por el diputado Miguel \u00c1ngel Calisto<\/em><\/p>\n<p style=\"font-weight: 400; text-align: justify;\"><em>La reuni\u00f3n se realiza luego que en septiembre en una actividad en la regi\u00f3n de Ays\u00e9n, dichos de la Ministra generaron preocupaci\u00f3n en el mundo acu\u00edcola.<\/em><\/p>\n<p style=\"font-weight: 400; text-align: justify;\">En una masiva reuni\u00f3n que se realiz\u00f3 este lunes en dependencias del Ministerio, y que fue organizada por el diputado Miguel \u00c1ngel Calisto, se produjo un primer acercamiento entre los representantes de los trabajadores y los prestadores de servicio de la industria acu\u00edcola de Los Lagos, Ays\u00e9n y Magallanes con la Ministra de Medio Ambiente, Maisa Rojas, esto luego que la titular del ramo generara preocupaci\u00f3n por sus dichos criticando a la industria salmonera.<\/p>\n<p style=\"font-weight: 400; text-align: justify;\">Esto sucedi\u00f3 en septiembre pasado, donde la autoridad sectorial critic\u00f3 la presencia de cultivos de salmones en \u00e1reas protegidas, aludiendo que se trata de una especie ex\u00f3tica, palabras que tienen directa relaci\u00f3n con una indicaci\u00f3n que fue rechazada en el marco de la discusi\u00f3n de la ley de SBAP.<\/p>\n<p style=\"font-weight: 400; text-align: justify;\">Sin embargo, la realidad ahora es distinta, y todos los participantes en la reuni\u00f3n resaltaron este primer acercamiento.<\/p>\n<p style=\"font-weight: 400; text-align: justify;\">Seg\u00fan el diputado Calisto \u201cpara nosotros es muy importante fortalecer el v\u00ednculo entre el gobierno y las organizaciones de trabajadores, como as\u00ed con la cadena econ\u00f3mica y comercial de la exportaci\u00f3n del salm\u00f3n, que es nuestro principal producto de la zona sur austral, y que adem\u00e1s hoy en d\u00eda representa una de las principales actividades econ\u00f3micas del pa\u00eds\u201d.<\/p>\n<p style=\"font-weight: 400; text-align: justify;\">\u201cEs muy importante que esta conversaci\u00f3n se d\u00e9 para que las pol\u00edticas p\u00fablicas, particularmente las que tienen que ver con protecci\u00f3n del medio ambiente, como el SBAP, o la ley de acuicultura, u otras propuestas que va a plantear el Gobierno, est\u00e9n bien focalizadas y no se cometan errores que atenten contra el desarrollo productivo de los territorios\u201d, se\u00f1al\u00f3.<\/p>\n<p style=\"font-weight: 400; text-align: justify;\">El legislador agreg\u00f3 que \u201cpara nosotros es fundamental que el Gobierno entienda que los cambios, transformaciones que se hagan, se tienen que hacer con los territorios, con los dirigentes y la gente. Por eso hemos instalado esta mesa que ya ha sesionado en dos oportunidades, primero fue con el Ministro de Econom\u00eda, ahora con la Ministra de Medio Ambiente y esperamos prontamente tambi\u00e9n con la Ministra del Trabajo\u201d.<\/p>\n<p style=\"font-weight: 400; text-align: justify;\">Por su parte, Katia Inostroza, presidenta de la Asociaci\u00f3n Gremial de Proveedores de la Industria Acuicola de Ays\u00e9n, Acuiprov, asegur\u00f3 que \u201cnosotros vinimos bien esperanzados, esto es como una reconciliaci\u00f3n, porque tuvimos un encuentro desafortunado con la Ministra en su visita a la regi\u00f3n. Nos llevamos una buena impresi\u00f3n. Vinimos a plantear diferentes temas fundamentales para la industria acu\u00edcola. Ella nos entendi\u00f3, se comprometi\u00f3 a estar en el territorio con nosotros, as\u00ed que esperamos que este sea el inicio de futuras conversaciones que nos van a dar certezas a los trabajadores de la macro zona sur\u201d.<\/p>\n<p style=\"font-weight: 400; text-align: justify;\">Seg\u00fan Rodrigo Valencia, secretario del Sindicato Nova Austral de Magallanes, \u201cdespu\u00e9s de distintas reuniones con Ministerios, hoy en d\u00eda se puede ver una diferente visi\u00f3n de parte de Medio Ambiente, tambi\u00e9n visualizando puntualmente lo que significa la continuidad laboral en los centros de cultivo. Nos vamos conformes, en el sentido que hay un mejor manejo, ha servido mucho juntar a las regiones, para que se den cuenta que el fin es com\u00fan\u201d.<\/p>\n<p style=\"font-weight: 400; text-align: justify;\">Finalmente, Hern\u00e1n Rebolledo, Presidente de la Corporaci\u00f3n de Desarrollo Productivo del Litoral de Ays\u00e9n \u201cla reuni\u00f3n fue bastante buena, que hayan participado las tres regiones es muy importante. Plantamos inquietudes, primero materializar una mesa de trabajo que se hab\u00eda comprometido, y nosotros ser part\u00edcipes de esta mesa para ver el tema de los planes de manejo de las \u00e1reas protegidas, a prop\u00f3sito de los SBAP que se est\u00e1n implementando, revisar tambi\u00e9n el tema de la ley Lafquenche, espec\u00edficamente con dos solicitudes de espacios costeros en Ays\u00e9n, entre otros\u201d.<\/p>\n<\/div><\/section><\/div><div  style='height:50px' class='hr hr-invisible   avia-builder-el-6  el_after_av_one_full  el_before_av_social_share '><span class='hr-inner ' ><span class='hr-inner-style'><\/span><\/span><\/div><\/p>\n<div  class='av-social-sharing-box  avia-builder-el-7  el_after_av_hr  el_before_av_hr  '><div class='av-share-box'><h5 class='av-share-link-description av-no-toc '>Compartir esta noticia<\/h5><ul class='av-share-box-list noLightbox'><li class='av-share-link av-social-link-facebook' ><a target=\"_blank\" aria-label=\"Compartir en Facebook\" href='https:\/\/www.facebook.com\/sharer.php?u=https:\/\/radiorevelacionfm.cl\/?p=38125&#038;t=Ministra%20del%20Medio%20Ambiente%20y%20trabajadores%20de%20la%20industria%20acu%C3%ADcola%20acercan%20posturas%20y%20acuerdan%20un%20nuevo%20trato' aria-hidden='false' data-av_icon='\ue8f3' data-av_iconfont='entypo-fontello' title='' data-avia-related-tooltip='Compartir en Facebook' rel=\"noopener\"><span class='avia_hidden_link_text'>Compartir en Facebook<\/span><\/a><\/li><li class='av-share-link av-social-link-twitter' ><a target=\"_blank\" aria-label=\"Compartir en Twitter\" href='https:\/\/twitter.com\/share?text=Ministra%20del%20Medio%20Ambiente%20y%20trabajadores%20de%20la%20industria%20acu%C3%ADcola%20acercan%20posturas%20y%20acuerdan%20un%20nuevo%20trato&#038;url=https:\/\/radiorevelacionfm.cl\/?p=38125' aria-hidden='false' data-av_icon='\ue8f1' data-av_iconfont='entypo-fontello' title='' data-avia-related-tooltip='Compartir en Twitter' rel=\"noopener\"><span class='avia_hidden_link_text'>Compartir en Twitter<\/span><\/a><\/li><li class='av-share-link av-social-link-whatsapp' ><a target=\"_blank\" aria-label=\"Compartir en Whatsapp\" href='https:\/\/api.whatsapp.com\/send?text=https:\/\/radiorevelacionfm.cl\/?p=38125' aria-hidden='false' data-av_icon='\uf232' data-av_iconfont='entypo-fontello' title='' data-avia-related-tooltip='Compartir en Whatsapp' rel=\"noopener\"><span class='avia_hidden_link_text'>Compartir en Whatsapp<\/span><\/a><\/li><li class='av-share-link av-social-link-linkedin' ><a target=\"_blank\" aria-label=\"Compartir en LinkedIn\" href='https:\/\/linkedin.com\/shareArticle?mini=true&#038;title=Ministra%20del%20Medio%20Ambiente%20y%20trabajadores%20de%20la%20industria%20acu%C3%ADcola%20acercan%20posturas%20y%20acuerdan%20un%20nuevo%20trato&#038;url=https:\/\/radiorevelacionfm.cl\/?p=38125' aria-hidden='false' data-av_icon='\ue8fc' data-av_iconfont='entypo-fontello' title='' data-avia-related-tooltip='Compartir en LinkedIn' rel=\"noopener\"><span class='avia_hidden_link_text'>Compartir en LinkedIn<\/span><\/a><\/li><li class='av-share-link av-social-link-mail' ><a  aria-label=\"Compartir por correo\" href='mailto:?subject=Ministra%20del%20Medio%20Ambiente%20y%20trabajadores%20de%20la%20industria%20acu%C3%ADcola%20acercan%20posturas%20y%20acuerdan%20un%20nuevo%20trato&#038;body=https:\/\/radiorevelacionfm.cl\/?p=38125' aria-hidden='false' data-av_icon='\ue805' data-av_iconfont='entypo-fontello' title='' data-avia-related-tooltip='Compartir por correo'><span class='avia_hidden_link_text'>Compartir por correo<\/span><\/a><\/li><\/ul><\/div><\/div>\n<div  style='height:50px' class='hr hr-invisible   avia-builder-el-8  el_after_av_social_share  el_before_av_comments_list '><span class='hr-inner ' ><span class='hr-inner-style'><\/span><\/span><\/div>\n<div  class='av-buildercomment  av-blog-meta-html-info-disabled av-blog-meta-tag-disabled  '><\/div>\n","protected":false},"excerpt":{"rendered":"","protected":false},"author":1,"featured_media":38126,"comment_status":"open","ping_status":"open","sticky":false,"template":"","format":"standard","meta":{"footnotes":""},"categories":[39],"tags":[],"class_list":["post-38125","post","type-post","status-publish","format-standard","has-post-thumbnail","hentry","category-medio-ambiente"],"jetpack_featured_media_url":"https:\/\/radiorevelacionfm.cl\/wp-content\/uploads\/2023\/12\/FOTO-REUNION-MINISTRA-1-1.jpeg","_links":{"self":[{"href":"https:\/\/radiorevelacionfm.cl\/index.php?rest_route=\/wp\/v2\/posts\/38125","targetHints":{"allow":["GET"]}}],"collection":[{"href":"https:\/\/radiorevelacionfm.cl\/index.php?rest_route=\/wp\/v2\/posts"}],"about":[{"href":"https:\/\/radiorevelacionfm.cl\/index.php?rest_route=\/wp\/v2\/types\/post"}],"author":[{"embeddable":true,"href":"https:\/\/radiorevelacionfm.cl\/index.php?rest_route=\/wp\/v2\/users\/1"}],"replies":[{"embeddable":true,"href":"https:\/\/radiorevelacionfm.cl\/index.php?rest_route=%2Fwp%2Fv2%2Fcomments&post=38125"}],"version-history":[{"count":1,"href":"https:\/\/radiorevelacionfm.cl\/index.php?rest_route=\/wp\/v2\/posts\/38125\/revisions"}],"predecessor-version":[{"id":38127,"href":"https:\/\/radiorevelacionfm.cl\/index.php?rest_route=\/wp\/v2\/posts\/38125\/revisions\/38127"}],"wp:featuredmedia":[{"embeddable":true,"href":"https:\/\/radiorevelacionfm.cl\/index.php?rest_route=\/wp\/v2\/media\/38126"}],"wp:attachment":[{"href":"https:\/\/radiorevelacionfm.cl\/index.php?rest_route=%2Fwp%2Fv2%2Fmedia&parent=38125"}],"wp:term":[{"taxonomy":"category","embeddable":true,"href":"https:\/\/radiorevelacionfm.cl\/index.php?rest_route=%2Fwp%2Fv2%2Fcategories&post=38125"},{"taxonomy":"post_tag","embeddable":true,"href":"https:\/\/radiorevelacionfm.cl\/index.php?rest_route=%2Fwp%2Fv2%2Ftags&post=38125"}],"curies":[{"name":"wp","href":"https:\/\/api.w.org\/{rel}","templated":true}]}}