{"id":38122,"date":"2023-12-19T09:10:36","date_gmt":"2023-12-19T12:10:36","guid":{"rendered":"https:\/\/radiorevelacionfm.cl\/?p=38122"},"modified":"2023-12-19T09:10:46","modified_gmt":"2023-12-19T12:10:46","slug":"12-emprendedores-as-de-aysen-participan-en-la-vitrina-digital-cyberfosis-navidad","status":"publish","type":"post","link":"https:\/\/radiorevelacionfm.cl\/?p=38122","title":{"rendered":"12 emprendedores\/as de Ays\u00e9n participan en la vitrina digital CyberFOSIS Navidad"},"content":{"rendered":"<div class=\"flex_column av_one_full  flex_column_div av-zero-column-padding first  avia-builder-el-0  el_before_av_one_full  avia-builder-el-first  \" style='border-radius:0px; '><div  class='avia-image-container  av-styling-    avia-builder-el-1  avia-builder-el-no-sibling  avia-align-center '  itemprop=\"image\" itemscope=\"itemscope\" itemtype=\"https:\/\/schema.org\/ImageObject\"  ><div class='avia-image-container-inner'><div class='avia-image-overlay-wrap'><img decoding=\"async\" class='wp-image-38123 avia-img-lazy-loading-not-38123 avia_image' src=\"https:\/\/radiorevelacionfm.cl\/wp-content\/uploads\/2023\/12\/CFN-1-1.png\" alt='' title='CFN (1) (1)' height=\"600\" width=\"600\"  itemprop=\"thumbnailUrl\" srcset=\"https:\/\/radiorevelacionfm.cl\/wp-content\/uploads\/2023\/12\/CFN-1-1.png 600w, https:\/\/radiorevelacionfm.cl\/wp-content\/uploads\/2023\/12\/CFN-1-1-300x300.png 300w, https:\/\/radiorevelacionfm.cl\/wp-content\/uploads\/2023\/12\/CFN-1-1-80x80.png 80w, https:\/\/radiorevelacionfm.cl\/wp-content\/uploads\/2023\/12\/CFN-1-1-36x36.png 36w, https:\/\/radiorevelacionfm.cl\/wp-content\/uploads\/2023\/12\/CFN-1-1-180x180.png 180w, https:\/\/radiorevelacionfm.cl\/wp-content\/uploads\/2023\/12\/CFN-1-1-120x120.png 120w, https:\/\/radiorevelacionfm.cl\/wp-content\/uploads\/2023\/12\/CFN-1-1-450x450.png 450w, https:\/\/radiorevelacionfm.cl\/wp-content\/uploads\/2023\/12\/CFN-1-1-100x100.png 100w\" sizes=\"(max-width: 600px) 100vw, 600px\" \/><\/div><\/div><\/div><\/div><div class=\"flex_column av_one_full  flex_column_div av-zero-column-padding first  avia-builder-el-2  el_after_av_one_full  el_before_av_one_full  column-top-margin\" style='border-radius:0px; '><section class=\"av_textblock_section \"  itemscope=\"itemscope\" itemtype=\"https:\/\/schema.org\/BlogPosting\" itemprop=\"blogPost\" ><div class='avia_textblock  '   itemprop=\"text\" ><p style=\"text-align: center;\"><span style=\"font-size: 18pt;\"><strong>12 emprendedores\/as de Ays\u00e9n participan en la vitrina digital CyberFOSIS Navidad <\/strong><\/span><\/p>\n<div id=\"gtx-trans\" style=\"position: absolute; left: -50px; top: 4.31534px;\">\n<div class=\"gtx-trans-icon\"><\/div>\n<\/div>\n<\/div><\/section><\/div><div class=\"flex_column av_one_full  flex_column_div av-zero-column-padding first  avia-builder-el-4  el_after_av_one_full  el_before_av_hr  column-top-margin\" style='border-radius:0px; '><section class=\"av_textblock_section \"  itemscope=\"itemscope\" itemtype=\"https:\/\/schema.org\/BlogPosting\" itemprop=\"blogPost\" ><div class='avia_textblock  '   itemprop=\"text\" ><p style=\"text-align: justify;\"><em>Variedad de productos para regalos navide\u00f1os, organizados en categor\u00edas como accesorios y regalos; artesan\u00eda y manualidades; belleza y salud; comida; hogar; mundo infantil; servicios; y vestuario y calzado.<\/em><\/p>\n<p style=\"text-align: justify;\">Una gran oportunidad para hacer un regalo especial en esta Navidad abri\u00f3 el Fondo de Solidaridad de Inversi\u00f3n Social (FOSIS) con una versi\u00f3n especial navide\u00f1a de vitrina digital: Cyber Fosis. Para ello, el Servicio habilit\u00f3 una completa muestra de productos, servicios y regalos que ofrecen emprendimientos apoyados por el FOSIS, a lo largo de todo el pa\u00eds.<\/p>\n<p style=\"text-align: justify;\">El sitio re\u00fane a m\u00e1s de 200 emprendimientos, en donde se podr\u00e1n revisar una gran variedad de productos, organizados en diferentes categor\u00edas como: accesorios y regalos; artesan\u00eda y manualidades; belleza y salud; comida; hogar; mundo infantil; servicios; y vestuario y calzado.<\/p>\n<p style=\"text-align: justify;\">Esta iniciativa es parte de una iniciativa impulsada por el Servicio P\u00fablico para dar a conocer el trabajo de centenares de emprendedores que han participado en alg\u00fan programa del FOSIS y que tengan un negocio en funcionamiento con redes sociales activas y pertenezcan al 60% m\u00e1s vulnerable, seg\u00fan el Registro Social de Hogares.<\/p>\n<p style=\"text-align: justify;\">La Directora Regional del FOSIS en Ays\u00e9n, Fernanda Leiva, destac\u00f3 que \u201cinvitamos a conocer esta vitrina digital llamada CyberFOSIS Navidad, donde podr\u00e1n encontrar muchas opciones para regalar con especial sentido esta navidad a sus seres queridos. Son 12 emprendedores y emprendedoras de la regi\u00f3n de Ays\u00e9n que est\u00e1n participando en esta oportunidad y el llamado en estas fiestas es a seguir prefiriendo nuestros productos y servicios locales, para seguir apoyando el desarrollo del emprendimiento regional\u201d.<\/p>\n<p style=\"text-align: justify;\">Dentro de los productos que ofrece este CyberFOSIS Navidad se encuentran accesorios, artesan\u00eda, salud y belleza, art\u00edculos de hogar, mundo infantil, vestuario y calzado y gourmet. Algunos de estos productos cuentan con despacho a todo Chile; mientras que otros tienen el servicio en sus respectivas regiones.<\/p>\n<p style=\"text-align: justify;\">Todos los emprendimientos de CyberFOSIS Navidad se encuentran disponibles en <a href=\"http:\/\/www.fosis.gob.cl\">www.fosis.gob.cl<\/a> o en <a href=\"http:\/\/www.cyberfosis.cl\">www.cyberfosis.cl<\/a> hasta el lunes 25 de diciembre.<\/p>\n<\/div><\/section><\/div><div  style='height:50px' class='hr hr-invisible   avia-builder-el-6  el_after_av_one_full  el_before_av_social_share '><span class='hr-inner ' ><span class='hr-inner-style'><\/span><\/span><\/div><\/p>\n<div  class='av-social-sharing-box  avia-builder-el-7  el_after_av_hr  el_before_av_hr  '><div class='av-share-box'><h5 class='av-share-link-description av-no-toc '>Compartir esta noticia<\/h5><ul class='av-share-box-list noLightbox'><li class='av-share-link av-social-link-facebook' ><a target=\"_blank\" aria-label=\"Compartir en Facebook\" href='https:\/\/www.facebook.com\/sharer.php?u=https:\/\/radiorevelacionfm.cl\/?p=38122&#038;t=12%20emprendedores%2Fas%20de%20Ays%C3%A9n%20participan%20en%20la%20vitrina%20digital%20CyberFOSIS%20Navidad' aria-hidden='false' data-av_icon='\ue8f3' data-av_iconfont='entypo-fontello' title='' data-avia-related-tooltip='Compartir en Facebook' rel=\"noopener\"><span class='avia_hidden_link_text'>Compartir en Facebook<\/span><\/a><\/li><li class='av-share-link av-social-link-twitter' ><a target=\"_blank\" aria-label=\"Compartir en Twitter\" href='https:\/\/twitter.com\/share?text=12%20emprendedores%2Fas%20de%20Ays%C3%A9n%20participan%20en%20la%20vitrina%20digital%20CyberFOSIS%20Navidad&#038;url=https:\/\/radiorevelacionfm.cl\/?p=38122' aria-hidden='false' data-av_icon='\ue8f1' data-av_iconfont='entypo-fontello' title='' data-avia-related-tooltip='Compartir en Twitter' rel=\"noopener\"><span class='avia_hidden_link_text'>Compartir en Twitter<\/span><\/a><\/li><li class='av-share-link av-social-link-whatsapp' ><a target=\"_blank\" aria-label=\"Compartir en Whatsapp\" href='https:\/\/api.whatsapp.com\/send?text=https:\/\/radiorevelacionfm.cl\/?p=38122' aria-hidden='false' data-av_icon='\uf232' data-av_iconfont='entypo-fontello' title='' data-avia-related-tooltip='Compartir en Whatsapp' rel=\"noopener\"><span class='avia_hidden_link_text'>Compartir en Whatsapp<\/span><\/a><\/li><li class='av-share-link av-social-link-linkedin' ><a target=\"_blank\" aria-label=\"Compartir en LinkedIn\" href='https:\/\/linkedin.com\/shareArticle?mini=true&#038;title=12%20emprendedores%2Fas%20de%20Ays%C3%A9n%20participan%20en%20la%20vitrina%20digital%20CyberFOSIS%20Navidad&#038;url=https:\/\/radiorevelacionfm.cl\/?p=38122' aria-hidden='false' data-av_icon='\ue8fc' data-av_iconfont='entypo-fontello' title='' data-avia-related-tooltip='Compartir en LinkedIn' rel=\"noopener\"><span class='avia_hidden_link_text'>Compartir en LinkedIn<\/span><\/a><\/li><li class='av-share-link av-social-link-mail' ><a  aria-label=\"Compartir por correo\" href='mailto:?subject=12%20emprendedores%2Fas%20de%20Ays%C3%A9n%20participan%20en%20la%20vitrina%20digital%20CyberFOSIS%20Navidad&#038;body=https:\/\/radiorevelacionfm.cl\/?p=38122' aria-hidden='false' data-av_icon='\ue805' data-av_iconfont='entypo-fontello' title='' data-avia-related-tooltip='Compartir por correo'><span class='avia_hidden_link_text'>Compartir por correo<\/span><\/a><\/li><\/ul><\/div><\/div>\n<div  style='height:50px' class='hr hr-invisible   avia-builder-el-8  el_after_av_social_share  el_before_av_comments_list '><span class='hr-inner ' ><span class='hr-inner-style'><\/span><\/span><\/div>\n<div  class='av-buildercomment  av-blog-meta-html-info-disabled av-blog-meta-tag-disabled  '><\/div>\n","protected":false},"excerpt":{"rendered":"","protected":false},"author":1,"featured_media":38123,"comment_status":"closed","ping_status":"closed","sticky":false,"template":"","format":"standard","meta":{"footnotes":""},"categories":[37,38],"tags":[],"class_list":["post-38122","post","type-post","status-publish","format-standard","has-post-thumbnail","hentry","category-economia","category-regional"],"jetpack_featured_media_url":"https:\/\/radiorevelacionfm.cl\/wp-content\/uploads\/2023\/12\/CFN-1-1.png","_links":{"self":[{"href":"https:\/\/radiorevelacionfm.cl\/index.php?rest_route=\/wp\/v2\/posts\/38122","targetHints":{"allow":["GET"]}}],"collection":[{"href":"https:\/\/radiorevelacionfm.cl\/index.php?rest_route=\/wp\/v2\/posts"}],"about":[{"href":"https:\/\/radiorevelacionfm.cl\/index.php?rest_route=\/wp\/v2\/types\/post"}],"author":[{"embeddable":true,"href":"https:\/\/radiorevelacionfm.cl\/index.php?rest_route=\/wp\/v2\/users\/1"}],"replies":[{"embeddable":true,"href":"https:\/\/radiorevelacionfm.cl\/index.php?rest_route=%2Fwp%2Fv2%2Fcomments&post=38122"}],"version-history":[{"count":1,"href":"https:\/\/radiorevelacionfm.cl\/index.php?rest_route=\/wp\/v2\/posts\/38122\/revisions"}],"predecessor-version":[{"id":38124,"href":"https:\/\/radiorevelacionfm.cl\/index.php?rest_route=\/wp\/v2\/posts\/38122\/revisions\/38124"}],"wp:featuredmedia":[{"embeddable":true,"href":"https:\/\/radiorevelacionfm.cl\/index.php?rest_route=\/wp\/v2\/media\/38123"}],"wp:attachment":[{"href":"https:\/\/radiorevelacionfm.cl\/index.php?rest_route=%2Fwp%2Fv2%2Fmedia&parent=38122"}],"wp:term":[{"taxonomy":"category","embeddable":true,"href":"https:\/\/radiorevelacionfm.cl\/index.php?rest_route=%2Fwp%2Fv2%2Fcategories&post=38122"},{"taxonomy":"post_tag","embeddable":true,"href":"https:\/\/radiorevelacionfm.cl\/index.php?rest_route=%2Fwp%2Fv2%2Ftags&post=38122"}],"curies":[{"name":"wp","href":"https:\/\/api.w.org\/{rel}","templated":true}]}}