{"id":38110,"date":"2023-12-18T17:30:10","date_gmt":"2023-12-18T20:30:10","guid":{"rendered":"https:\/\/radiorevelacionfm.cl\/?p=38110"},"modified":"2023-12-18T17:30:10","modified_gmt":"2023-12-18T20:30:10","slug":"incautan-mas-de-un-kilo-de-cannabis-tras-procedimiento-en-empresa-de-encomiendas-en-coyhaique","status":"publish","type":"post","link":"https:\/\/radiorevelacionfm.cl\/?p=38110","title":{"rendered":"Incautan m\u00e1s de un kilo de cannabis tras procedimiento en empresa de encomiendas en Coyhaique"},"content":{"rendered":"<div class=\"flex_column av_one_full  flex_column_div av-zero-column-padding first  avia-builder-el-0  el_before_av_one_full  avia-builder-el-first  \" style='border-radius:0px; '><div  class='avia-image-container  av-styling-    avia-builder-el-1  avia-builder-el-no-sibling  avia-align-center '  itemprop=\"image\" itemscope=\"itemscope\" itemtype=\"https:\/\/schema.org\/ImageObject\"  ><div class='avia-image-container-inner'><div class='avia-image-overlay-wrap'><img decoding=\"async\" class='wp-image-16354 avia-img-lazy-loading-not-16354 avia_image' src=\"https:\/\/radiorevelacionfm.cl\/wp-content\/uploads\/2022\/04\/PDI-Imagen-referencial-1-1.jpg\" alt='' title='PDI Imagen referencial (1) (1)' height=\"600\" width=\"900\"  itemprop=\"thumbnailUrl\" srcset=\"https:\/\/radiorevelacionfm.cl\/wp-content\/uploads\/2022\/04\/PDI-Imagen-referencial-1-1.jpg 900w, https:\/\/radiorevelacionfm.cl\/wp-content\/uploads\/2022\/04\/PDI-Imagen-referencial-1-1-300x200.jpg 300w, https:\/\/radiorevelacionfm.cl\/wp-content\/uploads\/2022\/04\/PDI-Imagen-referencial-1-1-768x512.jpg 768w, https:\/\/radiorevelacionfm.cl\/wp-content\/uploads\/2022\/04\/PDI-Imagen-referencial-1-1-705x470.jpg 705w, https:\/\/radiorevelacionfm.cl\/wp-content\/uploads\/2022\/04\/PDI-Imagen-referencial-1-1-600x400.jpg 600w\" sizes=\"(max-width: 900px) 100vw, 900px\" \/><\/div><\/div><\/div><\/div><div class=\"flex_column av_one_full  flex_column_div av-zero-column-padding first  avia-builder-el-2  el_after_av_one_full  el_before_av_one_full  column-top-margin\" style='border-radius:0px; '><section class=\"av_textblock_section \"  itemscope=\"itemscope\" itemtype=\"https:\/\/schema.org\/BlogPosting\" itemprop=\"blogPost\" ><div class='avia_textblock  '   itemprop=\"text\" ><p style=\"text-align: center;\"><span style=\"font-size: 18pt;\"><strong>Incautan m\u00e1s de un kilo de cannabis tras procedimiento en empresa de encomiendas en Coyhaique<\/strong><\/span><\/p>\n<div id=\"gtx-trans\" style=\"position: absolute; left: -50px; top: 4.31534px;\">\n<div class=\"gtx-trans-icon\"><\/div>\n<\/div>\n<\/div><\/section><\/div><div class=\"flex_column av_one_full  flex_column_div av-zero-column-padding first  avia-builder-el-4  el_after_av_one_full  el_before_av_hr  column-top-margin\" style='border-radius:0px; '><section class=\"av_textblock_section \"  itemscope=\"itemscope\" itemtype=\"https:\/\/schema.org\/BlogPosting\" itemprop=\"blogPost\" ><div class='avia_textblock  '   itemprop=\"text\" ><p style=\"text-align: justify;\">En prisi\u00f3n preventiva qued\u00f3 un hombre de nacionalidad chilena, mayor de edad y sin antecedentes policiales, detenido el pasado jueves por el delito de Tr\u00e1fico de Drogas, gracias a un trabajo investigativo coordinado entre detectives de la Brigada Antinarc\u00f3ticos y Contra el Crimen Organizado (BRIANCO) Coyhaique y el Ministerio P\u00fablico.<\/p>\n<p style=\"text-align: justify;\">Sobre la diligencia policial, la subcomisaria Geraldine Soto, jefa subrogante de la unidad especializada, inform\u00f3 que \u201coficiales de la Brigada Antinarc\u00f3ticos y Contra el Crimen Organizado Coyhaique, en el marco de una investigaci\u00f3n por el delito de tr\u00e1fico il\u00edcito de drogas llevada en conjunto con la Fiscal\u00eda Local de Coyhaique, lograron la detenci\u00f3n de un ciudadano chileno, mayor de edad, quien se dedicaba a recepcionar sustancias il\u00edcitas enviadas desde la ciudad de Santiago a trav\u00e9s de encomiendas, mediante empresas de transporte, para posteriormente acopiarlas y comercializarlas en la Regi\u00f3n de Ays\u00e9n\u201d.<\/p>\n<p style=\"text-align: justify;\">La operaci\u00f3n se logr\u00f3 concretar, gracias al uso de herramientas legales autorizadas por el Ministerio P\u00fablico, amparadas por la Ley N\u00b020.000, lo que permiti\u00f3 ubicar y detener al imputado, puntualiz\u00f3 la oficial de la BRIANCO Coyhaique.<\/p>\n<p style=\"text-align: justify;\">En cuanto a la droga incautada, la subcomisaria Soto indic\u00f3 que alcanz\u00f3 \u201c1 kilo y 19 gramos de cannabis, equivalente a 3.057 dosis, avaluadas en m\u00e1s de 15 millones de pesos\u201d, por su valor comercial en la Patagonia chilena.<\/p>\n<p style=\"text-align: justify;\">Adem\u00e1s, desde la PDI informaron que durante el mismo procedimiento se ubic\u00f3 una segunda encomienda con 48 gramos de cannabis, sustancia que equivale a 144 dosis, avaluada en 720 mil pesos, dirigida a otro destinatario en la comuna de Puerto Ays\u00e9n, un hombre chileno, mayor de edad y sin antecedentes policiales, quien fue detenido por el delito de microtr\u00e1fico de drogas.<\/p>\n<p style=\"text-align: justify;\">Sobre el control de detenci\u00f3n y formalizaci\u00f3n, el fiscal Jos\u00e9 Moris resalt\u00f3 que \u201cse control\u00f3 detenci\u00f3n respecto de dos imputados, en una investigaci\u00f3n llevada a cabo por la Fiscal\u00eda en conjunto con la Brigada Antinarc\u00f3ticos de la PDI, se trata de dos encomiendas que fueron detectadas ingresando a la regi\u00f3n, conteniendo droga, espec\u00edficamente, marihuana\u201d.<\/p>\n<p style=\"text-align: justify;\">De acuerdo a lo informado por el persecutor penal, \u201cuno de los imputados, recibi\u00f3 una encomienda con 48 gramos de droga, siendo formalizado por microtr\u00e1fico. Mientras que el segundo, recibi\u00f3 una encomienda con un poco m\u00e1s de un kilo de marihuana, raz\u00f3n por la cual fue formalizado por el delito de tr\u00e1fico il\u00edcito de drogas, quedando sometido a prisi\u00f3n preventiva, fij\u00e1ndose un plazo de investigaci\u00f3n de 90 d\u00edas\u201d.<\/p>\n<\/div><\/section><\/div><div  style='height:50px' class='hr hr-invisible   avia-builder-el-6  el_after_av_one_full  el_before_av_social_share '><span class='hr-inner ' ><span class='hr-inner-style'><\/span><\/span><\/div><\/p>\n<div  class='av-social-sharing-box  avia-builder-el-7  el_after_av_hr  el_before_av_hr  '><div class='av-share-box'><h5 class='av-share-link-description av-no-toc '>Compartir esta noticia<\/h5><ul class='av-share-box-list noLightbox'><li class='av-share-link av-social-link-facebook' ><a target=\"_blank\" aria-label=\"Compartir en Facebook\" href='https:\/\/www.facebook.com\/sharer.php?u=https:\/\/radiorevelacionfm.cl\/?p=38110&#038;t=Incautan%20m%C3%A1s%20de%20un%20kilo%20de%20cannabis%20tras%20procedimiento%20en%20empresa%20de%20encomiendas%20en%20Coyhaique' aria-hidden='false' data-av_icon='\ue8f3' data-av_iconfont='entypo-fontello' title='' data-avia-related-tooltip='Compartir en Facebook' rel=\"noopener\"><span class='avia_hidden_link_text'>Compartir en Facebook<\/span><\/a><\/li><li class='av-share-link av-social-link-twitter' ><a target=\"_blank\" aria-label=\"Compartir en Twitter\" href='https:\/\/twitter.com\/share?text=Incautan%20m%C3%A1s%20de%20un%20kilo%20de%20cannabis%20tras%20procedimiento%20en%20empresa%20de%20encomiendas%20en%20Coyhaique&#038;url=https:\/\/radiorevelacionfm.cl\/?p=38110' aria-hidden='false' data-av_icon='\ue8f1' data-av_iconfont='entypo-fontello' title='' data-avia-related-tooltip='Compartir en Twitter' rel=\"noopener\"><span class='avia_hidden_link_text'>Compartir en Twitter<\/span><\/a><\/li><li class='av-share-link av-social-link-whatsapp' ><a target=\"_blank\" aria-label=\"Compartir en Whatsapp\" href='https:\/\/api.whatsapp.com\/send?text=https:\/\/radiorevelacionfm.cl\/?p=38110' aria-hidden='false' data-av_icon='\uf232' data-av_iconfont='entypo-fontello' title='' data-avia-related-tooltip='Compartir en Whatsapp' rel=\"noopener\"><span class='avia_hidden_link_text'>Compartir en Whatsapp<\/span><\/a><\/li><li class='av-share-link av-social-link-linkedin' ><a target=\"_blank\" aria-label=\"Compartir en LinkedIn\" href='https:\/\/linkedin.com\/shareArticle?mini=true&#038;title=Incautan%20m%C3%A1s%20de%20un%20kilo%20de%20cannabis%20tras%20procedimiento%20en%20empresa%20de%20encomiendas%20en%20Coyhaique&#038;url=https:\/\/radiorevelacionfm.cl\/?p=38110' aria-hidden='false' data-av_icon='\ue8fc' data-av_iconfont='entypo-fontello' title='' data-avia-related-tooltip='Compartir en LinkedIn' rel=\"noopener\"><span class='avia_hidden_link_text'>Compartir en LinkedIn<\/span><\/a><\/li><li class='av-share-link av-social-link-mail' ><a  aria-label=\"Compartir por correo\" href='mailto:?subject=Incautan%20m%C3%A1s%20de%20un%20kilo%20de%20cannabis%20tras%20procedimiento%20en%20empresa%20de%20encomiendas%20en%20Coyhaique&#038;body=https:\/\/radiorevelacionfm.cl\/?p=38110' aria-hidden='false' data-av_icon='\ue805' data-av_iconfont='entypo-fontello' title='' data-avia-related-tooltip='Compartir por correo'><span class='avia_hidden_link_text'>Compartir por correo<\/span><\/a><\/li><\/ul><\/div><\/div>\n<div  style='height:50px' class='hr hr-invisible   avia-builder-el-8  el_after_av_social_share  el_before_av_comments_list '><span class='hr-inner ' ><span class='hr-inner-style'><\/span><\/span><\/div>\n<div  class='av-buildercomment  av-blog-meta-html-info-disabled av-blog-meta-tag-disabled  '><\/div>\n","protected":false},"excerpt":{"rendered":"","protected":false},"author":1,"featured_media":16354,"comment_status":"open","ping_status":"open","sticky":false,"template":"","format":"standard","meta":{"footnotes":""},"categories":[36],"tags":[],"class_list":["post-38110","post","type-post","status-publish","format-standard","has-post-thumbnail","hentry","category-policial"],"jetpack_featured_media_url":"https:\/\/radiorevelacionfm.cl\/wp-content\/uploads\/2022\/04\/PDI-Imagen-referencial-1-1.jpg","_links":{"self":[{"href":"https:\/\/radiorevelacionfm.cl\/index.php?rest_route=\/wp\/v2\/posts\/38110","targetHints":{"allow":["GET"]}}],"collection":[{"href":"https:\/\/radiorevelacionfm.cl\/index.php?rest_route=\/wp\/v2\/posts"}],"about":[{"href":"https:\/\/radiorevelacionfm.cl\/index.php?rest_route=\/wp\/v2\/types\/post"}],"author":[{"embeddable":true,"href":"https:\/\/radiorevelacionfm.cl\/index.php?rest_route=\/wp\/v2\/users\/1"}],"replies":[{"embeddable":true,"href":"https:\/\/radiorevelacionfm.cl\/index.php?rest_route=%2Fwp%2Fv2%2Fcomments&post=38110"}],"version-history":[{"count":1,"href":"https:\/\/radiorevelacionfm.cl\/index.php?rest_route=\/wp\/v2\/posts\/38110\/revisions"}],"predecessor-version":[{"id":38111,"href":"https:\/\/radiorevelacionfm.cl\/index.php?rest_route=\/wp\/v2\/posts\/38110\/revisions\/38111"}],"wp:featuredmedia":[{"embeddable":true,"href":"https:\/\/radiorevelacionfm.cl\/index.php?rest_route=\/wp\/v2\/media\/16354"}],"wp:attachment":[{"href":"https:\/\/radiorevelacionfm.cl\/index.php?rest_route=%2Fwp%2Fv2%2Fmedia&parent=38110"}],"wp:term":[{"taxonomy":"category","embeddable":true,"href":"https:\/\/radiorevelacionfm.cl\/index.php?rest_route=%2Fwp%2Fv2%2Fcategories&post=38110"},{"taxonomy":"post_tag","embeddable":true,"href":"https:\/\/radiorevelacionfm.cl\/index.php?rest_route=%2Fwp%2Fv2%2Ftags&post=38110"}],"curies":[{"name":"wp","href":"https:\/\/api.w.org\/{rel}","templated":true}]}}