{"id":38106,"date":"2023-12-18T16:58:05","date_gmt":"2023-12-18T19:58:05","guid":{"rendered":"https:\/\/radiorevelacionfm.cl\/?p=38106"},"modified":"2023-12-18T16:58:05","modified_gmt":"2023-12-18T19:58:05","slug":"mas-de-70-mil-personas-sufragaron-en-el-plebiscito-constitucional-en-aysen","status":"publish","type":"post","link":"https:\/\/radiorevelacionfm.cl\/?p=38106","title":{"rendered":"M\u00e1s de 70 mil personas sufragaron en el Plebiscito Constitucional en Ays\u00e9n"},"content":{"rendered":"<div class=\"flex_column av_one_full  flex_column_div av-zero-column-padding first  avia-builder-el-0  el_before_av_one_full  avia-builder-el-first  \" style='border-radius:0px; '><div  class='avia-image-container  av-styling-    avia-builder-el-1  avia-builder-el-no-sibling  avia-align-center '  itemprop=\"image\" itemscope=\"itemscope\" itemtype=\"https:\/\/schema.org\/ImageObject\"  ><div class='avia-image-container-inner'><div class='avia-image-overlay-wrap'><img decoding=\"async\" class='wp-image-38107 avia-img-lazy-loading-not-38107 avia_image' src=\"https:\/\/radiorevelacionfm.cl\/wp-content\/uploads\/2023\/12\/WhatsApp-Image-2023-12-18-at-1.34.22-PM-1-1.jpeg\" alt='' title='WhatsApp Image 2023-12-18 at 1.34.22 PM (1) (1)' height=\"600\" width=\"830\"  itemprop=\"thumbnailUrl\" srcset=\"https:\/\/radiorevelacionfm.cl\/wp-content\/uploads\/2023\/12\/WhatsApp-Image-2023-12-18-at-1.34.22-PM-1-1.jpeg 830w, https:\/\/radiorevelacionfm.cl\/wp-content\/uploads\/2023\/12\/WhatsApp-Image-2023-12-18-at-1.34.22-PM-1-1-300x217.jpeg 300w, https:\/\/radiorevelacionfm.cl\/wp-content\/uploads\/2023\/12\/WhatsApp-Image-2023-12-18-at-1.34.22-PM-1-1-768x555.jpeg 768w, https:\/\/radiorevelacionfm.cl\/wp-content\/uploads\/2023\/12\/WhatsApp-Image-2023-12-18-at-1.34.22-PM-1-1-705x510.jpeg 705w, https:\/\/radiorevelacionfm.cl\/wp-content\/uploads\/2023\/12\/WhatsApp-Image-2023-12-18-at-1.34.22-PM-1-1-450x325.jpeg 450w, https:\/\/radiorevelacionfm.cl\/wp-content\/uploads\/2023\/12\/WhatsApp-Image-2023-12-18-at-1.34.22-PM-1-1-600x434.jpeg 600w\" sizes=\"(max-width: 830px) 100vw, 830px\" \/><\/div><\/div><\/div><\/div><div class=\"flex_column av_one_full  flex_column_div av-zero-column-padding first  avia-builder-el-2  el_after_av_one_full  el_before_av_one_full  column-top-margin\" style='border-radius:0px; '><section class=\"av_textblock_section \"  itemscope=\"itemscope\" itemtype=\"https:\/\/schema.org\/BlogPosting\" itemprop=\"blogPost\" ><div class='avia_textblock  '   itemprop=\"text\" ><p style=\"font-weight: 400; text-align: center;\"><span style=\"font-size: 18pt;\"><strong>M\u00e1s de 70 mil personas sufragaron en el Plebiscito Constitucional en Ays\u00e9n<\/strong><\/span><\/p>\n<div id=\"gtx-trans\" style=\"position: absolute; left: -50px; top: 4.31534px;\">\n<div class=\"gtx-trans-icon\"><\/div>\n<\/div>\n<\/div><\/section><\/div><div class=\"flex_column av_one_full  flex_column_div av-zero-column-padding first  avia-builder-el-4  el_after_av_one_full  el_before_av_hr  column-top-margin\" style='border-radius:0px; '><section class=\"av_textblock_section \"  itemscope=\"itemscope\" itemtype=\"https:\/\/schema.org\/BlogPosting\" itemprop=\"blogPost\" ><div class='avia_textblock  '   itemprop=\"text\" ><p style=\"font-weight: 400; text-align: justify;\"><span style=\"font-size: 12pt;\">M\u00e1s de 70 mil personas -equivalentes a un 71 por ciento del padr\u00f3n electoral-, sufragaron en la Regi\u00f3n de Ays\u00e9n para el Plebiscito Constitucional realizado este domingo, seg\u00fan informaron las autoridades a cargo del proceso electoral.<\/span><\/p>\n<p style=\"font-weight: 400; text-align: justify;\"><span style=\"font-size: 12pt;\">El Delegado Presidencial Regional, Rodrigo Araya reconoci\u00f3 la labor del Servel, Fuerzas Armadas, Carabineros, vocales de mesa y de todas las personas que contribuyeron a la jornada; reforzando el mensaje del Presidente Boric a trabajar en seguridad p\u00fablica, econ\u00f3mica y social para la ciudadan\u00eda.<\/span><\/p>\n<p style=\"font-weight: 400; text-align: justify;\"><span style=\"font-size: 12pt;\">\u201cAhora tenemos que seguir trabajando en los consensos para llegar a acuerdo en las grandes transformaciones que necesita nuestro pa\u00eds, entre ellas, la Reforma a las Pensiones y un nuevo Pacto Fiscal, porque todos los derechos sociales -educaci\u00f3n, salud, pensiones-, requieren recursos y, por lo tanto, entendemos que hay consenso en que hay que modernizar y mejorar la recaudaci\u00f3n p\u00fablica, para que el Estado tenga los recursos para todos los habitantes de nuestro pa\u00eds\u201d, se\u00f1al\u00f3.<\/span><\/p>\n<p style=\"font-weight: 400; text-align: justify;\"><span style=\"font-size: 12pt;\">La seremi de Gobierno, Tatiana Pl\u00e1, coincidi\u00f3 en que \u201cvivimos este plebiscito, proceso eleccionario que a nivel mundial es reconocido por la prontitud de sus resultados, por la rapidez y por el reconocimiento que se tiene del Servicio Electoral, con una participaci\u00f3n que en nuestra regi\u00f3n alcanz\u00f3 las 70 mil personas\u201d.<\/span><\/p>\n<p style=\"font-weight: 400; text-align: justify;\"><span style=\"font-size: 12pt;\">En materia de traslados e interrupci\u00f3n que registr\u00f3 la empresa Entel, el seremi de Transportes y Telecomunicaciones, Hans Zimmemann detall\u00f3 que \u201chubo 77 servicios de transporte desde las localidades m\u00e1s remotas y pudimos trasladar un total de 1.871 personas en todos los servicios terrestres, fluviales, mar\u00edtimos y lacustres, lo que deja de manifiesto la importancia del transporte p\u00fablico para facilitar el derecho al voto en esta regi\u00f3n. Los servicios de telefon\u00eda e internet fueron repuestos por la compa\u00f1\u00eda Entel alrededor de las 17 horas de este domingo y, a ra\u00edz de ello, vamos a instruir los procedimientos de fiscalizaci\u00f3n que nos permitan levantar procedimientos sancionatorios y, eventualmente, multar a la compa\u00f1\u00eda, como ha manifestado la subsecretar\u00eda de Telecomunicaciones\u201d.<\/span><\/p>\n<p style=\"font-weight: 400; text-align: justify;\"><span style=\"font-size: 12pt;\">El jefe de la Fuerza Regional, coronel El\u00edas Abuyeres Manzur, destac\u00f3 el despliegue de las Fuerzas Armadas y la normalidad caracter\u00edstica del proceso.<\/span><\/p>\n<p style=\"font-weight: 400; text-align: justify;\"><span style=\"font-size: 12pt;\">\u201cLas Fuerzas Armadas, por intermedio de sus efectivos del Ej\u00e9rcito y la Armada de Chile, han estado desplegados en los 41 locales de votaci\u00f3n de la Regi\u00f3n de Ays\u00e9n. Con m\u00e1s de 400 efectivos hemos cumplido el deber constitucional, d\u00e1ndole tranquilidad a la ciudadan\u00eda de que se ha ejecutado un proceso plebiscitario sin novedad\u201d, expres\u00f3. \u00a0<\/span><\/p>\n<p style=\"font-weight: 400; text-align: justify;\"><span style=\"font-size: 12pt;\">En tanto, el jefe de la XI Zona de Carabineros, general Patricio Santos, detall\u00f3 los procedimientos registrados por la instituci\u00f3n en la regi\u00f3n.<\/span><\/p>\n<p style=\"font-weight: 400; text-align: justify;\"><span style=\"font-size: 12pt;\">\u201cEl resguardo de los locales de votaci\u00f3n en la parte exterior, con cerca de cien carabineros, nos permiti\u00f3 desarrollar un servicio en orden y en tranquilidad. En la jornada tuvimos \u00a0ocho personas detenidas, s\u00f3lo uno en funci\u00f3n del proceso eleccionario por negarse a ser vocal de mesa. En este proceso, 7.700 personas se excusaron, cerca del 70 por ciento de ellas en los dos centros que se habilitaron en el Gimnasio Regional y en el Centro Cultural de Ays\u00e9n\u201d, afirm\u00f3.<\/span><\/p>\n<p style=\"font-weight: 400; text-align: justify;\"><span style=\"font-size: 12pt;\">El cronograma electoral establece que este mi\u00e9rcoles 20 de diciembre se re\u00fana el Tribunal Calificador de Elecciones para conocer el escrutinio general y la calificaci\u00f3n del Plebiscito.<\/span><\/p>\n<\/div><\/section><\/div><div  style='height:50px' class='hr hr-invisible   avia-builder-el-6  el_after_av_one_full  el_before_av_social_share '><span class='hr-inner ' ><span class='hr-inner-style'><\/span><\/span><\/div><\/p>\n<div  class='av-social-sharing-box  avia-builder-el-7  el_after_av_hr  el_before_av_hr  '><div class='av-share-box'><h5 class='av-share-link-description av-no-toc '>Compartir esta noticia<\/h5><ul class='av-share-box-list noLightbox'><li class='av-share-link av-social-link-facebook' ><a target=\"_blank\" aria-label=\"Compartir en Facebook\" href='https:\/\/www.facebook.com\/sharer.php?u=https:\/\/radiorevelacionfm.cl\/?p=38106&#038;t=M%C3%A1s%20de%2070%20mil%20personas%20sufragaron%20en%20el%20Plebiscito%20Constitucional%20en%20Ays%C3%A9n' aria-hidden='false' data-av_icon='\ue8f3' data-av_iconfont='entypo-fontello' title='' data-avia-related-tooltip='Compartir en Facebook' rel=\"noopener\"><span class='avia_hidden_link_text'>Compartir en Facebook<\/span><\/a><\/li><li class='av-share-link av-social-link-twitter' ><a target=\"_blank\" aria-label=\"Compartir en Twitter\" href='https:\/\/twitter.com\/share?text=M%C3%A1s%20de%2070%20mil%20personas%20sufragaron%20en%20el%20Plebiscito%20Constitucional%20en%20Ays%C3%A9n&#038;url=https:\/\/radiorevelacionfm.cl\/?p=38106' aria-hidden='false' data-av_icon='\ue8f1' data-av_iconfont='entypo-fontello' title='' data-avia-related-tooltip='Compartir en Twitter' rel=\"noopener\"><span class='avia_hidden_link_text'>Compartir en Twitter<\/span><\/a><\/li><li class='av-share-link av-social-link-whatsapp' ><a target=\"_blank\" aria-label=\"Compartir en Whatsapp\" href='https:\/\/api.whatsapp.com\/send?text=https:\/\/radiorevelacionfm.cl\/?p=38106' aria-hidden='false' data-av_icon='\uf232' data-av_iconfont='entypo-fontello' title='' data-avia-related-tooltip='Compartir en Whatsapp' rel=\"noopener\"><span class='avia_hidden_link_text'>Compartir en Whatsapp<\/span><\/a><\/li><li class='av-share-link av-social-link-linkedin' ><a target=\"_blank\" aria-label=\"Compartir en LinkedIn\" href='https:\/\/linkedin.com\/shareArticle?mini=true&#038;title=M%C3%A1s%20de%2070%20mil%20personas%20sufragaron%20en%20el%20Plebiscito%20Constitucional%20en%20Ays%C3%A9n&#038;url=https:\/\/radiorevelacionfm.cl\/?p=38106' aria-hidden='false' data-av_icon='\ue8fc' data-av_iconfont='entypo-fontello' title='' data-avia-related-tooltip='Compartir en LinkedIn' rel=\"noopener\"><span class='avia_hidden_link_text'>Compartir en LinkedIn<\/span><\/a><\/li><li class='av-share-link av-social-link-mail' ><a  aria-label=\"Compartir por correo\" href='mailto:?subject=M%C3%A1s%20de%2070%20mil%20personas%20sufragaron%20en%20el%20Plebiscito%20Constitucional%20en%20Ays%C3%A9n&#038;body=https:\/\/radiorevelacionfm.cl\/?p=38106' aria-hidden='false' data-av_icon='\ue805' data-av_iconfont='entypo-fontello' title='' data-avia-related-tooltip='Compartir por correo'><span class='avia_hidden_link_text'>Compartir por correo<\/span><\/a><\/li><\/ul><\/div><\/div>\n<div  style='height:50px' class='hr hr-invisible   avia-builder-el-8  el_after_av_social_share  el_before_av_comments_list '><span class='hr-inner ' ><span class='hr-inner-style'><\/span><\/span><\/div>\n<div  class='av-buildercomment  av-blog-meta-html-info-disabled av-blog-meta-tag-disabled  '><\/div>\n","protected":false},"excerpt":{"rendered":"","protected":false},"author":1,"featured_media":38107,"comment_status":"open","ping_status":"open","sticky":false,"template":"","format":"standard","meta":{"footnotes":""},"categories":[35,38],"tags":[],"class_list":["post-38106","post","type-post","status-publish","format-standard","has-post-thumbnail","hentry","category-politica","category-regional"],"jetpack_featured_media_url":"https:\/\/radiorevelacionfm.cl\/wp-content\/uploads\/2023\/12\/WhatsApp-Image-2023-12-18-at-1.34.22-PM-1-1.jpeg","_links":{"self":[{"href":"https:\/\/radiorevelacionfm.cl\/index.php?rest_route=\/wp\/v2\/posts\/38106","targetHints":{"allow":["GET"]}}],"collection":[{"href":"https:\/\/radiorevelacionfm.cl\/index.php?rest_route=\/wp\/v2\/posts"}],"about":[{"href":"https:\/\/radiorevelacionfm.cl\/index.php?rest_route=\/wp\/v2\/types\/post"}],"author":[{"embeddable":true,"href":"https:\/\/radiorevelacionfm.cl\/index.php?rest_route=\/wp\/v2\/users\/1"}],"replies":[{"embeddable":true,"href":"https:\/\/radiorevelacionfm.cl\/index.php?rest_route=%2Fwp%2Fv2%2Fcomments&post=38106"}],"version-history":[{"count":1,"href":"https:\/\/radiorevelacionfm.cl\/index.php?rest_route=\/wp\/v2\/posts\/38106\/revisions"}],"predecessor-version":[{"id":38108,"href":"https:\/\/radiorevelacionfm.cl\/index.php?rest_route=\/wp\/v2\/posts\/38106\/revisions\/38108"}],"wp:featuredmedia":[{"embeddable":true,"href":"https:\/\/radiorevelacionfm.cl\/index.php?rest_route=\/wp\/v2\/media\/38107"}],"wp:attachment":[{"href":"https:\/\/radiorevelacionfm.cl\/index.php?rest_route=%2Fwp%2Fv2%2Fmedia&parent=38106"}],"wp:term":[{"taxonomy":"category","embeddable":true,"href":"https:\/\/radiorevelacionfm.cl\/index.php?rest_route=%2Fwp%2Fv2%2Fcategories&post=38106"},{"taxonomy":"post_tag","embeddable":true,"href":"https:\/\/radiorevelacionfm.cl\/index.php?rest_route=%2Fwp%2Fv2%2Ftags&post=38106"}],"curies":[{"name":"wp","href":"https:\/\/api.w.org\/{rel}","templated":true}]}}